{"id":13584,"date":"2024-06-18T07:48:19","date_gmt":"2024-06-18T10:48:19","guid":{"rendered":"https:\/\/minutobahia24h.com.br\/?p=13584"},"modified":"2024-06-18T07:48:20","modified_gmt":"2024-06-18T10:48:20","slug":"presos-acusados-de-envolvimento-em-plano-para-sequestrar-e-matar-sergio-moro-sao-assassinados","status":"publish","type":"post","link":"https:\/\/minutobahia24h.com.br\/?p=13584","title":{"rendered":"Presos acusados de envolvimento em plano para sequestrar e matar Sergio Moro s\u00e3o assassinados"},"content":{"rendered":"<div class=\"wp-block-image\">\n<figure class=\"aligncenter size-full\"><img data-recalc-dims=\"1\" fetchpriority=\"high\" decoding=\"async\" width=\"800\" height=\"450\" src=\"https:\/\/i0.wp.com\/minutobahia24h.com.br\/wp-content\/uploads\/2024\/06\/Sem-titulo-174.jpg?resize=800%2C450&#038;ssl=1\" alt=\"\" class=\"wp-image-13585\" srcset=\"https:\/\/i0.wp.com\/minutobahia24h.com.br\/wp-content\/uploads\/2024\/06\/Sem-titulo-174.jpg?w=984&amp;ssl=1 984w, https:\/\/i0.wp.com\/minutobahia24h.com.br\/wp-content\/uploads\/2024\/06\/Sem-titulo-174.jpg?resize=300%2C169&amp;ssl=1 300w, https:\/\/i0.wp.com\/minutobahia24h.com.br\/wp-content\/uploads\/2024\/06\/Sem-titulo-174.jpg?resize=768%2C432&amp;ssl=1 768w, https:\/\/i0.wp.com\/minutobahia24h.com.br\/wp-content\/uploads\/2024\/06\/Sem-titulo-174.jpg?resize=750%2C422&amp;ssl=1 750w\" sizes=\"(max-width: 800px) 100vw, 800px\" \/><\/figure>\n<\/div>\n\n\n<p>Dois presos acusados de integrar um plano criminoso para sequestrar e executar o senador Sergio Moro (Uni\u00e3o Brasil-PR) e outras autoridades de seguran\u00e7a p\u00fablica no Brasil foram assassinados a facadas, na tarde segunda-feira (17), na Penitenci\u00e1ria Maur\u00edcio Henrique Guimar\u00e3es Pereira, a P2, em&nbsp;Presidente Venceslau (SP).<\/p>\n\n\n\n<p>Janeferson Aparecido Mariano Gomes, o Nefo, e Reginaldo Oliveira de Sousa, o R\u00ea, ambos de 48 anos, haviam sido presos em mar\u00e7o de 2023,&nbsp;durante a Opera\u00e7\u00e3o Sequaz, que investigou o plano elaborado pela fac\u00e7\u00e3o criminosa Primeiro Comando da Capital (PCC) contra os agentes p\u00fablicos.<\/p>\n\n\n\n<p>De acordo com as informa\u00e7\u00f5es repassadas ao&nbsp;<a class=\"\" href=\"https:\/\/g1.globo.com\/sp\/presidente-prudente-regiao\/\">g1<\/a>&nbsp;pelo promotor de Justi\u00e7a Lincoln Gakiya, integrante do Grupo de Atua\u00e7\u00e3o Especial de Combate ao Crime Organizado (Gaeco) do Minist\u00e9rio P\u00fablico do Estado de S\u00e3o Paulo (MPE-SP) e ele pr\u00f3prio uma das autoridades visadas no plano criminoso, as execu\u00e7\u00f5es de Nefo e R\u00ea ocorreram ap\u00f3s o almo\u00e7o, durante a soltura dos presos para o banho de sol, na P2.<\/p>\n\n\n\n<p>Ainda segundo Gakiya, Nefo foi levado para o banheiro do pres\u00eddio, onde outros detentos o mataram a facadas. Em seguida, os mesmos presos atacaram R\u00ea no p\u00e1tio da unidade, onde o executaram tamb\u00e9m a facadas.<\/p>\n\n\n\n<p>Ap\u00f3s as execu\u00e7\u00f5es, os tr\u00eas suspeitos se entregaram e assumiram a autoria dos assassinatos.<\/p>\n\n\n\n<p>O promotor Lincoln Gakiya afirmou que ainda n\u00e3o foi esclarecida a motiva\u00e7\u00e3o para as execu\u00e7\u00f5es de Nefo e R\u00ea.<\/p>\n\n\n\n<p>A Pol\u00edcia Civil investiga as mortes e a Pol\u00edcia Cient\u00edfica compareceu ao pres\u00eddio para realizar a per\u00edcia no local dos crimes.<\/p>\n\n\n\n<p>O&nbsp;<a class=\"\" href=\"https:\/\/g1.globo.com\/sp\/presidente-prudente-regiao\/\">g1<\/a>&nbsp;procurou a Secretaria da Administra\u00e7\u00e3o Penitenci\u00e1ria do Estado de S\u00e3o Paulo (SAP-SP), mas a pasta n\u00e3o havia se manifestado sobre os assassinatos na penitenci\u00e1ria em Presidente Venceslau at\u00e9 a atualiza\u00e7\u00e3o mais recente desta reportagem.<\/p>\n","protected":false},"excerpt":{"rendered":"<p>Dois presos acusados de integrar um plano criminoso para sequestrar e executar o senador Sergio Moro (Uni\u00e3o Brasil-PR) e outras autoridades de seguran\u00e7a p\u00fablica no Brasil foram assassinados a facadas, na tarde segunda-feira (17), na Penitenci\u00e1ria Maur\u00edcio Henrique Guimar\u00e3es Pereira, a P2, em&nbsp;Presidente Venceslau (SP). Janeferson Aparecido Mariano Gomes, o Nefo, e Reginaldo Oliveira de [&hellip;]<\/p>\n","protected":false},"author":2,"featured_media":13585,"comment_status":"open","ping_status":"open","sticky":false,"template":"","format":"standard","meta":{"_jetpack_memberships_contains_paid_content":false,"footnotes":""},"categories":[46],"tags":[],"class_list":["post-13584","post","type-post","status-publish","format-standard","has-post-thumbnail","hentry","category-noticia"],"aioseo_notices":[],"jetpack_featured_media_url":"https:\/\/i0.wp.com\/minutobahia24h.com.br\/wp-content\/uploads\/2024\/06\/Sem-titulo-174.jpg?fit=984%2C554&ssl=1","jetpack_sharing_enabled":true,"_links":{"self":[{"href":"https:\/\/minutobahia24h.com.br\/index.php?rest_route=\/wp\/v2\/posts\/13584","targetHints":{"allow":["GET"]}}],"collection":[{"href":"https:\/\/minutobahia24h.com.br\/index.php?rest_route=\/wp\/v2\/posts"}],"about":[{"href":"https:\/\/minutobahia24h.com.br\/index.php?rest_route=\/wp\/v2\/types\/post"}],"author":[{"embeddable":true,"href":"https:\/\/minutobahia24h.com.br\/index.php?rest_route=\/wp\/v2\/users\/2"}],"replies":[{"embeddable":true,"href":"https:\/\/minutobahia24h.com.br\/index.php?rest_route=%2Fwp%2Fv2%2Fcomments&post=13584"}],"version-history":[{"count":1,"href":"https:\/\/minutobahia24h.com.br\/index.php?rest_route=\/wp\/v2\/posts\/13584\/revisions"}],"predecessor-version":[{"id":13586,"href":"https:\/\/minutobahia24h.com.br\/index.php?rest_route=\/wp\/v2\/posts\/13584\/revisions\/13586"}],"wp:featuredmedia":[{"embeddable":true,"href":"https:\/\/minutobahia24h.com.br\/index.php?rest_route=\/wp\/v2\/media\/13585"}],"wp:attachment":[{"href":"https:\/\/minutobahia24h.com.br\/index.php?rest_route=%2Fwp%2Fv2%2Fmedia&parent=13584"}],"wp:term":[{"taxonomy":"category","embeddable":true,"href":"https:\/\/minutobahia24h.com.br\/index.php?rest_route=%2Fwp%2Fv2%2Fcategories&post=13584"},{"taxonomy":"post_tag","embeddable":true,"href":"https:\/\/minutobahia24h.com.br\/index.php?rest_route=%2Fwp%2Fv2%2Ftags&post=13584"}],"curies":[{"name":"wp","href":"https:\/\/api.w.org\/{rel}","templated":true}]}}