{"id":13557,"date":"2024-06-18T07:03:21","date_gmt":"2024-06-18T10:03:21","guid":{"rendered":"https:\/\/minutobahia24h.com.br\/?p=13557"},"modified":"2024-06-18T07:03:22","modified_gmt":"2024-06-18T10:03:22","slug":"fio-de-alta-tensao-rompe-e-deixa-fiacao-exposta-pegando-fogo-em-saude","status":"publish","type":"post","link":"https:\/\/minutobahia24h.com.br\/?p=13557","title":{"rendered":"Fio de Alta Tens\u00e3o rompe e deixa fia\u00e7\u00e3o exposta pegando fogo em Sa\u00fade"},"content":{"rendered":"\n<h2 class=\"wp-block-heading\"><\/h2>\n\n\n<div class=\"wp-block-image\">\n<figure class=\"aligncenter size-full\"><img data-recalc-dims=\"1\" fetchpriority=\"high\" decoding=\"async\" width=\"800\" height=\"447\" src=\"https:\/\/i0.wp.com\/minutobahia24h.com.br\/wp-content\/uploads\/2024\/06\/Sem-titulo-165.jpg?resize=800%2C447&#038;ssl=1\" alt=\"\" class=\"wp-image-13558\" srcset=\"https:\/\/i0.wp.com\/minutobahia24h.com.br\/wp-content\/uploads\/2024\/06\/Sem-titulo-165.jpg?w=900&amp;ssl=1 900w, https:\/\/i0.wp.com\/minutobahia24h.com.br\/wp-content\/uploads\/2024\/06\/Sem-titulo-165.jpg?resize=300%2C168&amp;ssl=1 300w, https:\/\/i0.wp.com\/minutobahia24h.com.br\/wp-content\/uploads\/2024\/06\/Sem-titulo-165.jpg?resize=768%2C429&amp;ssl=1 768w, https:\/\/i0.wp.com\/minutobahia24h.com.br\/wp-content\/uploads\/2024\/06\/Sem-titulo-165.jpg?resize=750%2C419&amp;ssl=1 750w\" sizes=\"(max-width: 800px) 100vw, 800px\" \/><figcaption class=\"wp-element-caption\">atualiza\u00e7\u00f5es em tempo real. Para mais informa\u00e7\u00f5es sobre este e outros acontecimentos, fique ligado no portal<\/figcaption><\/figure>\n<\/div>\n\n\n<p>Moradores da cidade de Sa\u00fade ,est\u00e3o vivendo momentos de tens\u00e3o ap\u00f3s um fio de alta tens\u00e3o romper e deixar a fia\u00e7\u00e3o exposta, que pegou fogo no in\u00edcio da tarde da \u00faltima segunda-feira (17). A ocorr\u00eancia foi registrada por volta das 12h30, na rua Manoel Evandro , pr\u00f3ximo \u00e0 C\u00e2mara\u00a0 Municipal de Vereadores.<\/p>\n\n\n\n<p>Segundo testemunhas, o rompimento do fio aconteceu de forma repentina, provocando fa\u00edscas e fogo na fia\u00e7\u00e3o ca\u00edda. O incidente causou um grande susto nos residentes e comerciantes da \u00e1rea, que imediatamente acionaram a Companhia de Eletricidade do Estado da Bahia (Coelba) respons\u00e1vel pelo fornecimento de energia na regi\u00e3o.A guarda municipal foi ao local e interditou para evitar passagem de pedestre.<\/p>\n\n\n\n<p>Apesar do chamado de emerg\u00eancia, at\u00e9 o momento da publica\u00e7\u00e3o desta mat\u00e9ria, a equipe da Coelba ainda n\u00e3o havia chegado ao local. A demora no atendimento preocupa os moradores, que temem pela seguran\u00e7a, considerando o risco de choque el\u00e9trico e a possibilidade de o fogo se alastrar para resid\u00eancias e com\u00e9rcios pr\u00f3ximos.<\/p>\n\n\n\n<p><strong>&#8220;Foi um grande susto. Eu estava dentro de casa e de repente ouvi um barulho forte, parecia uma explos\u00e3o. Quando sa\u00ed para ver o que tinha acontecido, vi a fia\u00e7\u00e3o no ch\u00e3o pegando fogo. Chamamos a Coelba imediatamente, mas at\u00e9 agora ningu\u00e9m apareceu&#8221;,<\/strong>&nbsp;relatou a moradora da rua .&nbsp;<\/p>\n\n\n\n<p>At\u00e9 o fechamento desta mat\u00e9ria, a Coelba n\u00e3o se manifestou oficialmente sobre o ocorrido nem sobre a previs\u00e3o de chegada da equipe de reparo. A expectativa dos moradores \u00e9 que a situa\u00e7\u00e3o seja resolvida o mais r\u00e1pido poss\u00edvel para garantir a seguran\u00e7a e restabelecer a normalidade na \u00e1rea.<\/p>\n\n\n\n<p>Continuaremos acompanhando o caso e trazendo atualiza\u00e7\u00f5es em tempo real. Para mais informa\u00e7\u00f5es sobre este e outros acontecimentos, fique ligado no portal.\u00a0<\/p>\n\n\n\n<p><strong>Portalespa\u00e7oaberto.com.br<\/strong><\/p>\n","protected":false},"excerpt":{"rendered":"<p>Moradores da cidade de Sa\u00fade ,est\u00e3o vivendo momentos de tens\u00e3o ap\u00f3s um fio de alta tens\u00e3o romper e deixar a fia\u00e7\u00e3o exposta, que pegou fogo no in\u00edcio da tarde da \u00faltima segunda-feira (17). A ocorr\u00eancia foi registrada por volta das 12h30, na rua Manoel Evandro , pr\u00f3ximo \u00e0 C\u00e2mara\u00a0 Municipal de Vereadores. Segundo testemunhas, o [&hellip;]<\/p>\n","protected":false},"author":2,"featured_media":13558,"comment_status":"open","ping_status":"open","sticky":false,"template":"","format":"standard","meta":{"_jetpack_memberships_contains_paid_content":false,"footnotes":""},"categories":[3],"tags":[],"class_list":["post-13557","post","type-post","status-publish","format-standard","has-post-thumbnail","hentry","category-regional"],"aioseo_notices":[],"jetpack_featured_media_url":"https:\/\/i0.wp.com\/minutobahia24h.com.br\/wp-content\/uploads\/2024\/06\/Sem-titulo-165.jpg?fit=900%2C503&ssl=1","jetpack_sharing_enabled":true,"_links":{"self":[{"href":"https:\/\/minutobahia24h.com.br\/index.php?rest_route=\/wp\/v2\/posts\/13557","targetHints":{"allow":["GET"]}}],"collection":[{"href":"https:\/\/minutobahia24h.com.br\/index.php?rest_route=\/wp\/v2\/posts"}],"about":[{"href":"https:\/\/minutobahia24h.com.br\/index.php?rest_route=\/wp\/v2\/types\/post"}],"author":[{"embeddable":true,"href":"https:\/\/minutobahia24h.com.br\/index.php?rest_route=\/wp\/v2\/users\/2"}],"replies":[{"embeddable":true,"href":"https:\/\/minutobahia24h.com.br\/index.php?rest_route=%2Fwp%2Fv2%2Fcomments&post=13557"}],"version-history":[{"count":1,"href":"https:\/\/minutobahia24h.com.br\/index.php?rest_route=\/wp\/v2\/posts\/13557\/revisions"}],"predecessor-version":[{"id":13559,"href":"https:\/\/minutobahia24h.com.br\/index.php?rest_route=\/wp\/v2\/posts\/13557\/revisions\/13559"}],"wp:featuredmedia":[{"embeddable":true,"href":"https:\/\/minutobahia24h.com.br\/index.php?rest_route=\/wp\/v2\/media\/13558"}],"wp:attachment":[{"href":"https:\/\/minutobahia24h.com.br\/index.php?rest_route=%2Fwp%2Fv2%2Fmedia&parent=13557"}],"wp:term":[{"taxonomy":"category","embeddable":true,"href":"https:\/\/minutobahia24h.com.br\/index.php?rest_route=%2Fwp%2Fv2%2Fcategories&post=13557"},{"taxonomy":"post_tag","embeddable":true,"href":"https:\/\/minutobahia24h.com.br\/index.php?rest_route=%2Fwp%2Fv2%2Ftags&post=13557"}],"curies":[{"name":"wp","href":"https:\/\/api.w.org\/{rel}","templated":true}]}}