{"id":1351,"date":"2023-09-27T09:52:41","date_gmt":"2023-09-27T12:52:41","guid":{"rendered":"https:\/\/minutobahia24h.com.br\/?p=1351"},"modified":"2023-09-27T09:55:48","modified_gmt":"2023-09-27T12:55:48","slug":"lei-paulo-gustavo-prefeitura-de-bonfim-publica-editais-de-chamamento-publico","status":"publish","type":"post","link":"https:\/\/minutobahia24h.com.br\/?p=1351","title":{"rendered":"Lei Paulo Gustavo: Prefeitura de Bonfim publica editais de Chamamento P\u00fablico"},"content":{"rendered":"<div class=\"wp-block-image\">\n<figure class=\"aligncenter size-full\"><img data-recalc-dims=\"1\" fetchpriority=\"high\" decoding=\"async\" width=\"768\" height=\"461\" src=\"https:\/\/i0.wp.com\/minutobahia24h.com.br\/wp-content\/uploads\/2023\/09\/Sem-titulo-107.jpg?resize=768%2C461&#038;ssl=1\" alt=\"\" class=\"wp-image-1353\" srcset=\"https:\/\/i0.wp.com\/minutobahia24h.com.br\/wp-content\/uploads\/2023\/09\/Sem-titulo-107.jpg?w=768&amp;ssl=1 768w, https:\/\/i0.wp.com\/minutobahia24h.com.br\/wp-content\/uploads\/2023\/09\/Sem-titulo-107.jpg?resize=300%2C180&amp;ssl=1 300w, https:\/\/i0.wp.com\/minutobahia24h.com.br\/wp-content\/uploads\/2023\/09\/Sem-titulo-107.jpg?resize=750%2C450&amp;ssl=1 750w\" sizes=\"(max-width: 768px) 100vw, 768px\" \/><figcaption class=\"wp-element-caption\"><sub>Reprodu\u00e7\u00e3o \/ Governo Federal<\/sub><\/figcaption><\/figure>\n<\/div>\n\n\n<p>A Prefeitura de Senhor do Bonfim publicou nesta ter\u00e7a-feira (26), dois editais de Chamamento P\u00fablico referentes \u00e0 Lei Paulo Gustavo.<\/p>\n\n\n\n<p>O primeiro, de n\u00ba 011\/23, abre o prazo de inscri\u00e7\u00e3o pareceristas para composi\u00e7\u00e3o do grupo t\u00e9cnico de an\u00e1lise e emiss\u00e3o de pareceres das propostas inscritas nos editais a serem publicados pela secretaria<br>municipal de cultura. O outro, de n\u00ba 012\/23, refere-se \u00e0 contrata\u00e7\u00e3o de profissionais para composi\u00e7\u00e3o do n\u00facleo criativo de apoio t\u00e9cnico na elabora\u00e7\u00e3o de projetos.<\/p>\n\n\n\n<p>De acordo com os editais, a Secretaria Municipal de Cultura identificou durante o per\u00edodo de 03 a 10 de agosto de 2023, que no munic\u00edpio a demanda maior dos segmentos art\u00edsticos compreende os segmentos culturais de m\u00fasica, \u00e1udio visual e cultura de matrizes africanas.<\/p>\n\n\n\n<p>A inscri\u00e7\u00e3o de candidato, em formato presencial, exclusivamente na sede da Secretaria de Cultura, localizada na Esta\u00e7\u00e3o Ferrovi\u00e1ria de Senhor do Bonfim, vai at\u00e9 o dia 07 de outubro\u0375 das 8h \u00e0s 12h e das 14h \u00e0s 18h, para recebimento.<\/p>\n\n\n\n<p><strong>Confira todos os detalhes nos editais abaixo:<\/strong><\/p>\n\n\n\n<p><object data=\"https:\/\/blogdoeloiltoncajuhy.com.br\/site\/wp-content\/uploads\/2023\/09\/EDITAL-DE-CHAMAMENTO-PUBLICO-011-2023.pdf\" type=\"application\/pdf\"><\/object><a href=\"https:\/\/blogdoeloiltoncajuhy.com.br\/site\/wp-content\/uploads\/2023\/09\/EDITAL-DE-CHAMAMENTO-PUBLICO-011-2023.pdf\" target=\"_blank\" rel=\"noreferrer noopener\">EDITAL-DE-CHAMAMENTO-PUBLICO-011-2023<\/a><a href=\"https:\/\/blogdoeloiltoncajuhy.com.br\/site\/wp-content\/uploads\/2023\/09\/EDITAL-DE-CHAMAMENTO-PUBLICO-011-2023.pdf\">Baixar<\/a><\/p>\n\n\n\n<p><object data=\"https:\/\/blogdoeloiltoncajuhy.com.br\/site\/wp-content\/uploads\/2023\/09\/EDITAL-DE-CHAMAMENTO-PUBLICO-012-2023.pdf\" type=\"application\/pdf\"><\/object><a href=\"https:\/\/blogdoeloiltoncajuhy.com.br\/site\/wp-content\/uploads\/2023\/09\/EDITAL-DE-CHAMAMENTO-PUBLICO-012-2023.pdf\" target=\"_blank\" rel=\"noreferrer noopener\">EDITAL-DE-CHAMAMENTO-PUBLICO-012-2023<\/a><a href=\"https:\/\/blogdoeloiltoncajuhy.com.br\/site\/wp-content\/uploads\/2023\/09\/EDITAL-DE-CHAMAMENTO-PUBLICO-012-2023.pdf\">Baixar<\/a><\/p>\n\n\n\n<p>blogdoeloiltoncajuhy<\/p>\n","protected":false},"excerpt":{"rendered":"<p>A Prefeitura de Senhor do Bonfim publicou nesta ter\u00e7a-feira (26), dois editais de Chamamento P\u00fablico referentes \u00e0 Lei Paulo Gustavo. O primeiro, de n\u00ba 011\/23, abre o prazo de inscri\u00e7\u00e3o pareceristas para composi\u00e7\u00e3o do grupo t\u00e9cnico de an\u00e1lise e emiss\u00e3o de pareceres das propostas inscritas nos editais a serem publicados pela secretariamunicipal de cultura. O [&hellip;]<\/p>\n","protected":false},"author":2,"featured_media":1353,"comment_status":"open","ping_status":"open","sticky":false,"template":"","format":"standard","meta":{"_jetpack_memberships_contains_paid_content":false,"footnotes":""},"categories":[17],"tags":[],"class_list":["post-1351","post","type-post","status-publish","format-standard","has-post-thumbnail","hentry","category-senhor-do-bonfim"],"aioseo_notices":[],"jetpack_featured_media_url":"https:\/\/i0.wp.com\/minutobahia24h.com.br\/wp-content\/uploads\/2023\/09\/Sem-titulo-107.jpg?fit=768%2C461&ssl=1","jetpack_sharing_enabled":true,"_links":{"self":[{"href":"https:\/\/minutobahia24h.com.br\/index.php?rest_route=\/wp\/v2\/posts\/1351","targetHints":{"allow":["GET"]}}],"collection":[{"href":"https:\/\/minutobahia24h.com.br\/index.php?rest_route=\/wp\/v2\/posts"}],"about":[{"href":"https:\/\/minutobahia24h.com.br\/index.php?rest_route=\/wp\/v2\/types\/post"}],"author":[{"embeddable":true,"href":"https:\/\/minutobahia24h.com.br\/index.php?rest_route=\/wp\/v2\/users\/2"}],"replies":[{"embeddable":true,"href":"https:\/\/minutobahia24h.com.br\/index.php?rest_route=%2Fwp%2Fv2%2Fcomments&post=1351"}],"version-history":[{"count":2,"href":"https:\/\/minutobahia24h.com.br\/index.php?rest_route=\/wp\/v2\/posts\/1351\/revisions"}],"predecessor-version":[{"id":1359,"href":"https:\/\/minutobahia24h.com.br\/index.php?rest_route=\/wp\/v2\/posts\/1351\/revisions\/1359"}],"wp:featuredmedia":[{"embeddable":true,"href":"https:\/\/minutobahia24h.com.br\/index.php?rest_route=\/wp\/v2\/media\/1353"}],"wp:attachment":[{"href":"https:\/\/minutobahia24h.com.br\/index.php?rest_route=%2Fwp%2Fv2%2Fmedia&parent=1351"}],"wp:term":[{"taxonomy":"category","embeddable":true,"href":"https:\/\/minutobahia24h.com.br\/index.php?rest_route=%2Fwp%2Fv2%2Fcategories&post=1351"},{"taxonomy":"post_tag","embeddable":true,"href":"https:\/\/minutobahia24h.com.br\/index.php?rest_route=%2Fwp%2Fv2%2Ftags&post=1351"}],"curies":[{"name":"wp","href":"https:\/\/api.w.org\/{rel}","templated":true}]}}