{"id":13493,"date":"2024-06-14T15:28:41","date_gmt":"2024-06-14T18:28:41","guid":{"rendered":"https:\/\/minutobahia24h.com.br\/?p=13493"},"modified":"2024-06-14T15:28:42","modified_gmt":"2024-06-14T18:28:42","slug":"camara-municipal-de-senhor-do-bonfim-convoca-sessao-extraordinaria-3","status":"publish","type":"post","link":"https:\/\/minutobahia24h.com.br\/?p=13493","title":{"rendered":"C\u00e2mara Municipal de Senhor do Bonfim convoca sess\u00e3o extraordin\u00e1ria"},"content":{"rendered":"<div class=\"wp-block-image\">\n<figure class=\"aligncenter size-large\"><img data-recalc-dims=\"1\" fetchpriority=\"high\" decoding=\"async\" width=\"800\" height=\"800\" src=\"https:\/\/i0.wp.com\/minutobahia24h.com.br\/wp-content\/uploads\/2024\/06\/WhatsApp-Image-2024-06-14-at-14.58.58-2-1024x1024.jpeg?resize=800%2C800&#038;ssl=1\" alt=\"\" class=\"wp-image-13494\" srcset=\"https:\/\/i0.wp.com\/minutobahia24h.com.br\/wp-content\/uploads\/2024\/06\/WhatsApp-Image-2024-06-14-at-14.58.58-2.jpeg?resize=1024%2C1024&amp;ssl=1 1024w, https:\/\/i0.wp.com\/minutobahia24h.com.br\/wp-content\/uploads\/2024\/06\/WhatsApp-Image-2024-06-14-at-14.58.58-2.jpeg?resize=300%2C300&amp;ssl=1 300w, https:\/\/i0.wp.com\/minutobahia24h.com.br\/wp-content\/uploads\/2024\/06\/WhatsApp-Image-2024-06-14-at-14.58.58-2.jpeg?resize=150%2C150&amp;ssl=1 150w, https:\/\/i0.wp.com\/minutobahia24h.com.br\/wp-content\/uploads\/2024\/06\/WhatsApp-Image-2024-06-14-at-14.58.58-2.jpeg?resize=768%2C768&amp;ssl=1 768w, https:\/\/i0.wp.com\/minutobahia24h.com.br\/wp-content\/uploads\/2024\/06\/WhatsApp-Image-2024-06-14-at-14.58.58-2.jpeg?resize=75%2C75&amp;ssl=1 75w, https:\/\/i0.wp.com\/minutobahia24h.com.br\/wp-content\/uploads\/2024\/06\/WhatsApp-Image-2024-06-14-at-14.58.58-2.jpeg?resize=750%2C750&amp;ssl=1 750w, https:\/\/i0.wp.com\/minutobahia24h.com.br\/wp-content\/uploads\/2024\/06\/WhatsApp-Image-2024-06-14-at-14.58.58-2.jpeg?w=1080&amp;ssl=1 1080w\" sizes=\"(max-width: 800px) 100vw, 800px\" \/><\/figure>\n<\/div>\n\n\n<p>Na pr\u00f3xima segunda-feira, dia 17, \u00e0s 18h, a C\u00e2mara Municipal de Senhor do Bonfim realizar\u00e1 uma sess\u00e3o extraordin\u00e1ria na sede do Poder Legislativo. O objetivo desta sess\u00e3o \u00e9 deliberar sobre os seguintes assuntos:<\/p>\n\n\n\n<p>1. PROJETO DE LEI DO EXECUTIVO N\u00ba 030\/2024.&nbsp; Assunto: &#8220;Disp\u00f5e sobre op\u00e7\u00e3o de enquadramento de servidores ocupantes do cargo efetivo de T\u00e9cnico de Enfermagem com carga hor\u00e1ria de 30 (trinta) horas semanais, nos cargos de mesma nomenclatura, com carga hor\u00e1ria de 40 horas semanais, estabelecidos na estrutura do Quadro de Pessoal Permanente, e d\u00e1 outras provid\u00eancias.&#8221;<\/p>\n\n\n\n<p>2. PL N\u00b0 32\/2014 &#8211; ALTERA LEI MUNICIPAL N\u00b0 1.393\/2017.&nbsp; Assunto: Conferir nova estrutura administrativa \u00e0 Secretaria de Sa\u00fade e d\u00e1 outras provid\u00eancias. Vota\u00e7\u00e3o: \u00danica. Qu\u00f3rum: Maioria Simples.<\/p>\n\n\n\n<p>Contamos com a participa\u00e7\u00e3o de todos os cidad\u00e3os para as decis\u00f5es que impactam diretamente nossa comunidade.<\/p>\n\n\n\n<p>ASCOM \u2013 CMSB \u2013 \u201cO FUTURO DO NOSSO MUNIC\u00cdPIO PASSA POR AQUI.\u201d<\/p>\n","protected":false},"excerpt":{"rendered":"<p>Na pr\u00f3xima segunda-feira, dia 17, \u00e0s 18h, a C\u00e2mara Municipal de Senhor do Bonfim realizar\u00e1 uma sess\u00e3o extraordin\u00e1ria na sede do Poder Legislativo. O objetivo desta sess\u00e3o \u00e9 deliberar sobre os seguintes assuntos: 1. PROJETO DE LEI DO EXECUTIVO N\u00ba 030\/2024.&nbsp; Assunto: &#8220;Disp\u00f5e sobre op\u00e7\u00e3o de enquadramento de servidores ocupantes do cargo efetivo de T\u00e9cnico [&hellip;]<\/p>\n","protected":false},"author":2,"featured_media":13494,"comment_status":"open","ping_status":"open","sticky":false,"template":"","format":"standard","meta":{"_jetpack_memberships_contains_paid_content":false,"footnotes":""},"categories":[17],"tags":[],"class_list":["post-13493","post","type-post","status-publish","format-standard","has-post-thumbnail","hentry","category-senhor-do-bonfim"],"aioseo_notices":[],"jetpack_featured_media_url":"https:\/\/i0.wp.com\/minutobahia24h.com.br\/wp-content\/uploads\/2024\/06\/WhatsApp-Image-2024-06-14-at-14.58.58-2.jpeg?fit=1080%2C1080&ssl=1","jetpack_sharing_enabled":true,"_links":{"self":[{"href":"https:\/\/minutobahia24h.com.br\/index.php?rest_route=\/wp\/v2\/posts\/13493","targetHints":{"allow":["GET"]}}],"collection":[{"href":"https:\/\/minutobahia24h.com.br\/index.php?rest_route=\/wp\/v2\/posts"}],"about":[{"href":"https:\/\/minutobahia24h.com.br\/index.php?rest_route=\/wp\/v2\/types\/post"}],"author":[{"embeddable":true,"href":"https:\/\/minutobahia24h.com.br\/index.php?rest_route=\/wp\/v2\/users\/2"}],"replies":[{"embeddable":true,"href":"https:\/\/minutobahia24h.com.br\/index.php?rest_route=%2Fwp%2Fv2%2Fcomments&post=13493"}],"version-history":[{"count":1,"href":"https:\/\/minutobahia24h.com.br\/index.php?rest_route=\/wp\/v2\/posts\/13493\/revisions"}],"predecessor-version":[{"id":13495,"href":"https:\/\/minutobahia24h.com.br\/index.php?rest_route=\/wp\/v2\/posts\/13493\/revisions\/13495"}],"wp:featuredmedia":[{"embeddable":true,"href":"https:\/\/minutobahia24h.com.br\/index.php?rest_route=\/wp\/v2\/media\/13494"}],"wp:attachment":[{"href":"https:\/\/minutobahia24h.com.br\/index.php?rest_route=%2Fwp%2Fv2%2Fmedia&parent=13493"}],"wp:term":[{"taxonomy":"category","embeddable":true,"href":"https:\/\/minutobahia24h.com.br\/index.php?rest_route=%2Fwp%2Fv2%2Fcategories&post=13493"},{"taxonomy":"post_tag","embeddable":true,"href":"https:\/\/minutobahia24h.com.br\/index.php?rest_route=%2Fwp%2Fv2%2Ftags&post=13493"}],"curies":[{"name":"wp","href":"https:\/\/api.w.org\/{rel}","templated":true}]}}