{"id":13468,"date":"2024-06-14T07:35:50","date_gmt":"2024-06-14T10:35:50","guid":{"rendered":"https:\/\/minutobahia24h.com.br\/?p=13468"},"modified":"2024-06-14T07:35:51","modified_gmt":"2024-06-14T10:35:51","slug":"biden-e-zelensky-assinam-acordo-precursor-de-entrada-da-ucrania-na-otan","status":"publish","type":"post","link":"https:\/\/minutobahia24h.com.br\/?p=13468","title":{"rendered":"Biden e Zelensky assinam acordo precursor de entrada da Ucr\u00e2nia na Otan"},"content":{"rendered":"<div class=\"wp-block-image\">\n<figure class=\"aligncenter size-full\"><img data-recalc-dims=\"1\" fetchpriority=\"high\" decoding=\"async\" width=\"800\" height=\"520\" src=\"https:\/\/i0.wp.com\/minutobahia24h.com.br\/wp-content\/uploads\/2024\/06\/Sem-titulo-148.jpg?resize=800%2C520&#038;ssl=1\" alt=\"\" class=\"wp-image-13469\" srcset=\"https:\/\/i0.wp.com\/minutobahia24h.com.br\/wp-content\/uploads\/2024\/06\/Sem-titulo-148.jpg?w=984&amp;ssl=1 984w, https:\/\/i0.wp.com\/minutobahia24h.com.br\/wp-content\/uploads\/2024\/06\/Sem-titulo-148.jpg?resize=300%2C195&amp;ssl=1 300w, https:\/\/i0.wp.com\/minutobahia24h.com.br\/wp-content\/uploads\/2024\/06\/Sem-titulo-148.jpg?resize=768%2C499&amp;ssl=1 768w, https:\/\/i0.wp.com\/minutobahia24h.com.br\/wp-content\/uploads\/2024\/06\/Sem-titulo-148.jpg?resize=750%2C487&amp;ssl=1 750w\" sizes=\"(max-width: 800px) 100vw, 800px\" \/><figcaption class=\"wp-element-caption\">For\u00e7as ucranianas disparam foguetes perto da cidade de Lysychansk, no leste da Ucrania, em 12 de junho de 2022. \u2014 Foto: Gleb Garanich\/ Reuters<br><\/figcaption><\/figure>\n<\/div>\n\n\n<p>Os presidentes&nbsp;<a class=\"\" href=\"https:\/\/g1.globo.com\/tudo-sobre\/joe-biden\/\">Joe Biden<\/a>&nbsp;e&nbsp;<a class=\"\" href=\"https:\/\/g1.globo.com\/tudo-sobre\/volodymyr-zelensky\">Volodymyr Zelensky<\/a>, dos Estados Unidos e da Ucr\u00e2nia, respectivamente, assinaram nesta quinta-feira (13) um acordo de 10 anos para&nbsp;<a class=\"\" href=\"https:\/\/g1.globo.com\/mundo\/noticia\/2024\/02\/24\/guerra-na-ucrania-completa-dois-anos-com-o-destino-do-pais-nas-maos-do-ocidente-e-sem-perspectiva-de-acabar.ghtml\">refor\u00e7ar as defesas ucranianas<\/a>&nbsp;contra as&nbsp;<a class=\"\" href=\"https:\/\/g1.globo.com\/mundo\/ucrania-russia\/noticia\/2024\/05\/14\/russia-concretiza-avanco-na-ucrania-e-muda-cenario-de-estagnacao-da-guerra.ghtml\">for\u00e7as russas<\/a>. O acordo foi assinado na It\u00e1lia, onde l\u00edderes se encontram para uma&nbsp;<a class=\"\" href=\"https:\/\/g1.globo.com\/mundo\/noticia\/2024\/06\/13\/cupula-do-g7-comeca-nesta-quinta-na-italia-o-que-e-quem-compoe-o-bloco-e-o-que-de-mais-importante-sera-discutido.ghtml\">reuni\u00e3o de c\u00fapula<\/a>&nbsp;<strong>(leia mais abaixo).<\/strong><\/p>\n\n\n\n<blockquote class=\"wp-block-quote is-layout-flow wp-block-quote-is-layout-flow\">\n<p>Trata-se de um passo preparat\u00f3rio para uma eventual&nbsp;<a class=\"\" href=\"https:\/\/g1.globo.com\/mundo\/noticia\/2024\/04\/04\/secretario-de-estado-dos-eua-diz-que-ucrania-vai-ser-membro-da-otan.ghtml\">entrada da Ucr\u00e2nia na Organiza\u00e7\u00e3o do Tratado do Atl\u00e2ntico Norte<\/a>&nbsp;(<a class=\"\" href=\"https:\/\/g1.globo.com\/tudo-sobre\/otan\/\">Otan<\/a>), segundo o texto: &#8220;As partes reconhecem esse acordo como um apoio para que a Ucr\u00e2nia se torne membro da Otan&#8221;.<\/p>\n<\/blockquote>\n\n\n\n<p>O documento foi assinado em uma reuni\u00e3o bilateral anterior ao encontro de c\u00fapula do G7, na It\u00e1lia. Os pa\u00edses do grupo firmaram um empr\u00e9stimo \u00e0 Ucr\u00e2nia de US$ 50 bilh\u00f5es (cerca de R$ 270 bilh\u00f5es), usando juros gerados por ativos russos congelados pelo Ocidente, afirmou a primeira-ministra italiana, Giorgia Meloni.<\/p>\n\n\n\n<blockquote class=\"wp-block-quote is-layout-flow wp-block-quote-is-layout-flow\">\n<p>Quase 300 bilh\u00f5es de euros (R$ 1,75 trilh\u00e3o) de ativos russos foram congelados pelos aliados ocidentais ap\u00f3s a invas\u00e3o de fevereiro de 2022.<\/p>\n<\/blockquote>\n\n\n\n<p>Zelensky tem planos para que a Ucr\u00e2nia entre na Otan j\u00e1 faz tempo, mas com a guerra, perdeu apoio de parte dos pa\u00edses que comp\u00f5em o grupo. Uma das cl\u00e1usulas do conv\u00eanio da alian\u00e7a militar prev\u00ea que a entidade vai responder a um ataque contra qualquer um de seus membros.<\/p>\n\n\n\n<h2 class=\"wp-block-heading\">O novo acordo<\/h2>\n\n\n\n<p>O documento assinado Biden e Zelensly determina que, se houver ataque ou amea\u00e7a contra a Ucr\u00e2nia, l\u00edderes militares dos dois pa\u00edses v\u00e3o se encontrar em 24 horas para discutir uma resposta.<\/p>\n\n\n\n<p>&#8220;Para garantir a seguran\u00e7a da Ucr\u00e2nia, os dois lados reconhecem a necessidade de for\u00e7a militar significativa, capacidades robustas e investimentos sustent\u00e1veis na defesa e ind\u00fastria de base compat\u00edveis com os padr\u00f5es da Otan&#8221;, afirma o texto.<\/p>\n\n\n\n<p>O documento tamb\u00e9m diz que os EUA devem fornecer material, treinamento, consultoria, informa\u00e7\u00f5es de intelig\u00eancia e outras formas para apoiar a seguran\u00e7a ucraniana.<\/p>\n","protected":false},"excerpt":{"rendered":"<p>Os presidentes&nbsp;Joe Biden&nbsp;e&nbsp;Volodymyr Zelensky, dos Estados Unidos e da Ucr\u00e2nia, respectivamente, assinaram nesta quinta-feira (13) um acordo de 10 anos para&nbsp;refor\u00e7ar as defesas ucranianas&nbsp;contra as&nbsp;for\u00e7as russas. O acordo foi assinado na It\u00e1lia, onde l\u00edderes se encontram para uma&nbsp;reuni\u00e3o de c\u00fapula&nbsp;(leia mais abaixo). Trata-se de um passo preparat\u00f3rio para uma eventual&nbsp;entrada da Ucr\u00e2nia na Organiza\u00e7\u00e3o do [&hellip;]<\/p>\n","protected":false},"author":2,"featured_media":13469,"comment_status":"open","ping_status":"open","sticky":false,"template":"","format":"standard","meta":{"_jetpack_memberships_contains_paid_content":false,"footnotes":""},"categories":[15],"tags":[],"class_list":["post-13468","post","type-post","status-publish","format-standard","has-post-thumbnail","hentry","category-mundo"],"aioseo_notices":[],"jetpack_featured_media_url":"https:\/\/i0.wp.com\/minutobahia24h.com.br\/wp-content\/uploads\/2024\/06\/Sem-titulo-148.jpg?fit=984%2C639&ssl=1","jetpack_sharing_enabled":true,"_links":{"self":[{"href":"https:\/\/minutobahia24h.com.br\/index.php?rest_route=\/wp\/v2\/posts\/13468","targetHints":{"allow":["GET"]}}],"collection":[{"href":"https:\/\/minutobahia24h.com.br\/index.php?rest_route=\/wp\/v2\/posts"}],"about":[{"href":"https:\/\/minutobahia24h.com.br\/index.php?rest_route=\/wp\/v2\/types\/post"}],"author":[{"embeddable":true,"href":"https:\/\/minutobahia24h.com.br\/index.php?rest_route=\/wp\/v2\/users\/2"}],"replies":[{"embeddable":true,"href":"https:\/\/minutobahia24h.com.br\/index.php?rest_route=%2Fwp%2Fv2%2Fcomments&post=13468"}],"version-history":[{"count":1,"href":"https:\/\/minutobahia24h.com.br\/index.php?rest_route=\/wp\/v2\/posts\/13468\/revisions"}],"predecessor-version":[{"id":13470,"href":"https:\/\/minutobahia24h.com.br\/index.php?rest_route=\/wp\/v2\/posts\/13468\/revisions\/13470"}],"wp:featuredmedia":[{"embeddable":true,"href":"https:\/\/minutobahia24h.com.br\/index.php?rest_route=\/wp\/v2\/media\/13469"}],"wp:attachment":[{"href":"https:\/\/minutobahia24h.com.br\/index.php?rest_route=%2Fwp%2Fv2%2Fmedia&parent=13468"}],"wp:term":[{"taxonomy":"category","embeddable":true,"href":"https:\/\/minutobahia24h.com.br\/index.php?rest_route=%2Fwp%2Fv2%2Fcategories&post=13468"},{"taxonomy":"post_tag","embeddable":true,"href":"https:\/\/minutobahia24h.com.br\/index.php?rest_route=%2Fwp%2Fv2%2Ftags&post=13468"}],"curies":[{"name":"wp","href":"https:\/\/api.w.org\/{rel}","templated":true}]}}