{"id":13456,"date":"2024-06-14T07:17:37","date_gmt":"2024-06-14T10:17:37","guid":{"rendered":"https:\/\/minutobahia24h.com.br\/?p=13456"},"modified":"2024-06-14T07:17:38","modified_gmt":"2024-06-14T10:17:38","slug":"moro-critica-projeto-que-proibe-delacao-premiada","status":"publish","type":"post","link":"https:\/\/minutobahia24h.com.br\/?p=13456","title":{"rendered":"Moro critica projeto que pro\u00edbe dela\u00e7\u00e3o premiada"},"content":{"rendered":"<div class=\"wp-block-image\">\n<figure class=\"aligncenter size-full\"><img data-recalc-dims=\"1\" fetchpriority=\"high\" decoding=\"async\" width=\"800\" height=\"530\" src=\"https:\/\/i0.wp.com\/minutobahia24h.com.br\/wp-content\/uploads\/2024\/06\/Sem-titulo-144.jpg?resize=800%2C530&#038;ssl=1\" alt=\"\" class=\"wp-image-13457\" srcset=\"https:\/\/i0.wp.com\/minutobahia24h.com.br\/wp-content\/uploads\/2024\/06\/Sem-titulo-144.jpg?w=860&amp;ssl=1 860w, https:\/\/i0.wp.com\/minutobahia24h.com.br\/wp-content\/uploads\/2024\/06\/Sem-titulo-144.jpg?resize=300%2C199&amp;ssl=1 300w, https:\/\/i0.wp.com\/minutobahia24h.com.br\/wp-content\/uploads\/2024\/06\/Sem-titulo-144.jpg?resize=768%2C509&amp;ssl=1 768w, https:\/\/i0.wp.com\/minutobahia24h.com.br\/wp-content\/uploads\/2024\/06\/Sem-titulo-144.jpg?resize=750%2C497&amp;ssl=1 750w\" sizes=\"(max-width: 800px) 100vw, 800px\" \/><\/figure>\n<\/div>\n\n\n<p>O senador Sergio Moro\u00a0<strong>(Uni\u00e3o-PR-Foto)<\/strong>, em pronunciamento na \u00faltima quarta-feira (12), manifestou preocupa\u00e7\u00e3o com um o projeto de lei conhecido como \u201cPL antidela\u00e7\u00e3o\u201d, que visa dificultar a realiza\u00e7\u00e3o de dela\u00e7\u00f5es premiadas. O\u00a0PL 4.372\/2016\u00a0tramita na C\u00e2mara dos Deputados. Segundo o senador, o projeto tem como objetivo proibir que presos, sejam em pris\u00e3o preventiva ou definitiva, realizem colabora\u00e7\u00f5es premiadas.<\/p>\n\n\n\n<p>Moro observou que a iniciativa busca evitar que a pris\u00e3o seja utilizada como instrumento de coer\u00e7\u00e3o para for\u00e7ar dela\u00e7\u00f5es. Para ele, a inten\u00e7\u00e3o da iniciativa \u00e9 v\u00e1lida e busca evitar abusos no sistema judici\u00e1rio. No entanto, o senador disse que, em muitas ocasi\u00f5es, s\u00e3o criadas \u201cnarrativas fantasiosas\u201d em torno das dela\u00e7\u00f5es.<\/p>\n\n\n\n<p>\u2014 Nenhum ordenamento jur\u00eddico do mundo faz essa esp\u00e9cie de distin\u00e7\u00e3o, estabelecendo que algu\u00e9m preso n\u00e3o possa fazer um acordo de colabora\u00e7\u00e3o premiada. Se adotarmos uma medida dessas aqui no Brasil, estar\u00edamos cometendo uma extravag\u00e2ncia em rela\u00e7\u00e3o a todos os ordenamentos jur\u00eddicos do mundo. S\u00f3 isso j\u00e1 \u00e9 uma sinaliza\u00e7\u00e3o de que n\u00e3o \u00e9 este o caminho, n\u00e3o \u00e9 essa a solu\u00e7\u00e3o correta para se trabalharem eventuais problemas que existam nas colabora\u00e7\u00f5es premiadas. N\u00e3o podemos abdicar desse instrumento poderoso contra o crime organizado nem restringir direitos constitucionais de defesa de quem se encontra respondendo a processo, quer preso, quer solto \u2014 afirmou.<\/p>\n\n\n\n<p>Para o parlamentar, a medida prejudica o combate ao crime organizado. Moro ressaltou que eventuais abusos devem ser tratados de forma individual, sem que isso resulte na restri\u00e7\u00e3o generalizada ao mecanismo das colabora\u00e7\u00f5es premiadas. Segundo ele, \u00e9 fundamental preservar o instrumento jur\u00eddico para desmantelar redes criminosas que t\u00eam aumentado no pa\u00eds.<\/p>\n\n\n\n<p>\u2014 Esse projeto tem v\u00e1rios problemas de constitucionalidade, porque a dela\u00e7\u00e3o premiada, a colabora\u00e7\u00e3o premiada \u00e9 sim, na perspectiva da pol\u00edcia, dos agentes da lei, um meio para colher provas contra os seus c\u00famplices, contra os c\u00famplices do delator, para desmantelar uma quadrilha, para chegar a provas. No entanto, na outra perspectiva, \u00e9 um instrumento da defesa do colaborador \u2014 disse. (Ag\u00eancia Senado)<\/p>\n","protected":false},"excerpt":{"rendered":"<p>O senador Sergio Moro\u00a0(Uni\u00e3o-PR-Foto), em pronunciamento na \u00faltima quarta-feira (12), manifestou preocupa\u00e7\u00e3o com um o projeto de lei conhecido como \u201cPL antidela\u00e7\u00e3o\u201d, que visa dificultar a realiza\u00e7\u00e3o de dela\u00e7\u00f5es premiadas. O\u00a0PL 4.372\/2016\u00a0tramita na C\u00e2mara dos Deputados. Segundo o senador, o projeto tem como objetivo proibir que presos, sejam em pris\u00e3o preventiva ou definitiva, realizem colabora\u00e7\u00f5es [&hellip;]<\/p>\n","protected":false},"author":2,"featured_media":13457,"comment_status":"open","ping_status":"open","sticky":false,"template":"","format":"standard","meta":{"_jetpack_memberships_contains_paid_content":false,"footnotes":""},"categories":[46],"tags":[],"class_list":["post-13456","post","type-post","status-publish","format-standard","has-post-thumbnail","hentry","category-noticia"],"aioseo_notices":[],"jetpack_featured_media_url":"https:\/\/i0.wp.com\/minutobahia24h.com.br\/wp-content\/uploads\/2024\/06\/Sem-titulo-144.jpg?fit=860%2C570&ssl=1","jetpack_sharing_enabled":true,"_links":{"self":[{"href":"https:\/\/minutobahia24h.com.br\/index.php?rest_route=\/wp\/v2\/posts\/13456","targetHints":{"allow":["GET"]}}],"collection":[{"href":"https:\/\/minutobahia24h.com.br\/index.php?rest_route=\/wp\/v2\/posts"}],"about":[{"href":"https:\/\/minutobahia24h.com.br\/index.php?rest_route=\/wp\/v2\/types\/post"}],"author":[{"embeddable":true,"href":"https:\/\/minutobahia24h.com.br\/index.php?rest_route=\/wp\/v2\/users\/2"}],"replies":[{"embeddable":true,"href":"https:\/\/minutobahia24h.com.br\/index.php?rest_route=%2Fwp%2Fv2%2Fcomments&post=13456"}],"version-history":[{"count":1,"href":"https:\/\/minutobahia24h.com.br\/index.php?rest_route=\/wp\/v2\/posts\/13456\/revisions"}],"predecessor-version":[{"id":13458,"href":"https:\/\/minutobahia24h.com.br\/index.php?rest_route=\/wp\/v2\/posts\/13456\/revisions\/13458"}],"wp:featuredmedia":[{"embeddable":true,"href":"https:\/\/minutobahia24h.com.br\/index.php?rest_route=\/wp\/v2\/media\/13457"}],"wp:attachment":[{"href":"https:\/\/minutobahia24h.com.br\/index.php?rest_route=%2Fwp%2Fv2%2Fmedia&parent=13456"}],"wp:term":[{"taxonomy":"category","embeddable":true,"href":"https:\/\/minutobahia24h.com.br\/index.php?rest_route=%2Fwp%2Fv2%2Fcategories&post=13456"},{"taxonomy":"post_tag","embeddable":true,"href":"https:\/\/minutobahia24h.com.br\/index.php?rest_route=%2Fwp%2Fv2%2Ftags&post=13456"}],"curies":[{"name":"wp","href":"https:\/\/api.w.org\/{rel}","templated":true}]}}