{"id":13423,"date":"2024-06-13T07:47:59","date_gmt":"2024-06-13T10:47:59","guid":{"rendered":"https:\/\/minutobahia24h.com.br\/?p=13423"},"modified":"2024-06-13T07:48:01","modified_gmt":"2024-06-13T10:48:01","slug":"programa-nacional-de-vacinacao-em-escolas-publicas-vira-lei","status":"publish","type":"post","link":"https:\/\/minutobahia24h.com.br\/?p=13423","title":{"rendered":"Programa Nacional de Vacina\u00e7\u00e3o em Escolas P\u00fablicas vira lei"},"content":{"rendered":"<div class=\"wp-block-image\">\n<figure class=\"aligncenter size-full\"><img data-recalc-dims=\"1\" fetchpriority=\"high\" decoding=\"async\" width=\"680\" height=\"453\" src=\"https:\/\/i0.wp.com\/minutobahia24h.com.br\/wp-content\/uploads\/2024\/06\/Sem-titulo-137.jpg?resize=680%2C453&#038;ssl=1\" alt=\"\" class=\"wp-image-13424\" srcset=\"https:\/\/i0.wp.com\/minutobahia24h.com.br\/wp-content\/uploads\/2024\/06\/Sem-titulo-137.jpg?w=680&amp;ssl=1 680w, https:\/\/i0.wp.com\/minutobahia24h.com.br\/wp-content\/uploads\/2024\/06\/Sem-titulo-137.jpg?resize=300%2C200&amp;ssl=1 300w\" sizes=\"(max-width: 680px) 100vw, 680px\" \/><figcaption class=\"wp-element-caption\"><sub>Programa Nacional de Vacina\u00e7\u00e3o em Escolas P\u00fablicas vira lei \u2013 Foto: Alberto Coutinho\/GOVBA<\/sub><br><\/figcaption><\/figure>\n<\/div>\n\n\n<p>Com a meta de ampliar a cobertura vacinal entre crian\u00e7as e adolescentes, o Programa Nacional de Vacina\u00e7\u00e3o em Escolas sancionado pelo presidente Lula \u00e9 voltado, prioritariamente, a alunos da educa\u00e7\u00e3o infantil e do ensino fundamental da rede p\u00fablica, mas a lei permite a participa\u00e7\u00e3o, tamb\u00e9m, dos col\u00e9gios particulares que manifestarem interesse ao sistema de sa\u00fade local.<\/p>\n\n\n\n<p>Escolas e postinhos das comunidades dever\u00e3o informar pais e respons\u00e1veis sobre as datas e hor\u00e1rios de vacina\u00e7\u00e3o com anteced\u00eancia m\u00ednima de cinco dias do in\u00edcio da campanha. O relator, senador Marcelo Castro, do MDB do Piau\u00ed, que \u00e9 m\u00e9dico, destacou a relev\u00e2ncia da proposta:<\/p>\n\n\n\n<p>(<em>sen. Marcelo Castro<\/em>) \u201cA vacina\u00e7\u00e3o \u00e9 um ato coletivo porque, quando a pessoa se vacina, ela est\u00e1 se protegendo e est\u00e1 protegendo o pr\u00f3ximo tamb\u00e9m, porque a doen\u00e7a transmiss\u00edvel n\u00e3o ser\u00e1 transmitida, com as devidas ressalvas, por quem est\u00e1 vacinado\u201d.<\/p>\n\n\n\n<p>De acordo com a nova lei, se houver a disponibilidade de doses suficientes, tamb\u00e9m poder\u00e3o ser vacinados crian\u00e7as e jovens n\u00e3o matriculados nos col\u00e9gios participantes do Programa Nacional de Vacina\u00e7\u00e3o em Escolas, bem como adultos da comunidade.<\/p>\n\n\n\n<p>O Executivo cumpriu o acordo feito com parlamentares da oposi\u00e7\u00e3o e vetou o trecho do projeto que previa aviso da escola para a unidade de sa\u00fade sobre os alunos n\u00e3o vacinados e visita domiciliar \u00e0s fam\u00edlias para aconselhamento sobre a import\u00e2ncia da imuniza\u00e7\u00e3o.<\/p>\n\n\n\n<p>blogdoeloiltoncajuhy<\/p>\n","protected":false},"excerpt":{"rendered":"<p>Com a meta de ampliar a cobertura vacinal entre crian\u00e7as e adolescentes, o Programa Nacional de Vacina\u00e7\u00e3o em Escolas sancionado pelo presidente Lula \u00e9 voltado, prioritariamente, a alunos da educa\u00e7\u00e3o infantil e do ensino fundamental da rede p\u00fablica, mas a lei permite a participa\u00e7\u00e3o, tamb\u00e9m, dos col\u00e9gios particulares que manifestarem interesse ao sistema de sa\u00fade [&hellip;]<\/p>\n","protected":false},"author":2,"featured_media":13424,"comment_status":"open","ping_status":"open","sticky":false,"template":"","format":"standard","meta":{"_jetpack_memberships_contains_paid_content":false,"footnotes":""},"categories":[18],"tags":[],"class_list":["post-13423","post","type-post","status-publish","format-standard","has-post-thumbnail","hentry","category-saude"],"aioseo_notices":[],"jetpack_featured_media_url":"https:\/\/i0.wp.com\/minutobahia24h.com.br\/wp-content\/uploads\/2024\/06\/Sem-titulo-137.jpg?fit=680%2C453&ssl=1","jetpack_sharing_enabled":true,"_links":{"self":[{"href":"https:\/\/minutobahia24h.com.br\/index.php?rest_route=\/wp\/v2\/posts\/13423","targetHints":{"allow":["GET"]}}],"collection":[{"href":"https:\/\/minutobahia24h.com.br\/index.php?rest_route=\/wp\/v2\/posts"}],"about":[{"href":"https:\/\/minutobahia24h.com.br\/index.php?rest_route=\/wp\/v2\/types\/post"}],"author":[{"embeddable":true,"href":"https:\/\/minutobahia24h.com.br\/index.php?rest_route=\/wp\/v2\/users\/2"}],"replies":[{"embeddable":true,"href":"https:\/\/minutobahia24h.com.br\/index.php?rest_route=%2Fwp%2Fv2%2Fcomments&post=13423"}],"version-history":[{"count":1,"href":"https:\/\/minutobahia24h.com.br\/index.php?rest_route=\/wp\/v2\/posts\/13423\/revisions"}],"predecessor-version":[{"id":13425,"href":"https:\/\/minutobahia24h.com.br\/index.php?rest_route=\/wp\/v2\/posts\/13423\/revisions\/13425"}],"wp:featuredmedia":[{"embeddable":true,"href":"https:\/\/minutobahia24h.com.br\/index.php?rest_route=\/wp\/v2\/media\/13424"}],"wp:attachment":[{"href":"https:\/\/minutobahia24h.com.br\/index.php?rest_route=%2Fwp%2Fv2%2Fmedia&parent=13423"}],"wp:term":[{"taxonomy":"category","embeddable":true,"href":"https:\/\/minutobahia24h.com.br\/index.php?rest_route=%2Fwp%2Fv2%2Fcategories&post=13423"},{"taxonomy":"post_tag","embeddable":true,"href":"https:\/\/minutobahia24h.com.br\/index.php?rest_route=%2Fwp%2Fv2%2Ftags&post=13423"}],"curies":[{"name":"wp","href":"https:\/\/api.w.org\/{rel}","templated":true}]}}