{"id":13398,"date":"2024-06-13T07:15:21","date_gmt":"2024-06-13T10:15:21","guid":{"rendered":"https:\/\/minutobahia24h.com.br\/?p=13398"},"modified":"2024-06-13T07:15:22","modified_gmt":"2024-06-13T10:15:22","slug":"homem-de-23-anos-e-preso-em-queimadas-por-descumprir-medida-protetiva","status":"publish","type":"post","link":"https:\/\/minutobahia24h.com.br\/?p=13398","title":{"rendered":"Homem de 23 anos \u00e9 preso em Queimadas por descumprir medida protetiva"},"content":{"rendered":"\n<h4 class=\"wp-block-heading\"><\/h4>\n\n\n<div class=\"wp-block-image\">\n<figure class=\"aligncenter size-full\"><img data-recalc-dims=\"1\" fetchpriority=\"high\" decoding=\"async\" width=\"540\" height=\"304\" src=\"https:\/\/i0.wp.com\/minutobahia24h.com.br\/wp-content\/uploads\/2024\/06\/Sem-titulo-130.jpg?resize=540%2C304&#038;ssl=1\" alt=\"\" class=\"wp-image-13399\" srcset=\"https:\/\/i0.wp.com\/minutobahia24h.com.br\/wp-content\/uploads\/2024\/06\/Sem-titulo-130.jpg?w=540&amp;ssl=1 540w, https:\/\/i0.wp.com\/minutobahia24h.com.br\/wp-content\/uploads\/2024\/06\/Sem-titulo-130.jpg?resize=300%2C169&amp;ssl=1 300w\" sizes=\"(max-width: 540px) 100vw, 540px\" \/><\/figure>\n<\/div>\n\n\n<p>Um homem de 23 anos foi preso na tarde desta quarta-feira (12) em Queimadas, na regi\u00e3o sisaleira da Bahia. Ele tinha um mandado de pris\u00e3o preventiva em aberto por descumprimento de medida protetiva em favor da ex-companheira.<\/p>\n\n\n\n<p>O suspeito foi localizado pelo comandante da Guarda Civil Municipal, Adalberto Jos\u00e9 de Souza, e pelo investigador da Pol\u00edcia Civil, Jorge Martins, em frente a uma oficina no centro da cidade. Ele foi encaminhado \u00e0 delegacia, onde permanece \u00e0 disposi\u00e7\u00e3o da Justi\u00e7a, aguardando a audi\u00eancia de cust\u00f3dia.<\/p>\n\n\n\n<p>Not\u00edcias de Santaluz<\/p>\n","protected":false},"excerpt":{"rendered":"<p>Um homem de 23 anos foi preso na tarde desta quarta-feira (12) em Queimadas, na regi\u00e3o sisaleira da Bahia. Ele tinha um mandado de pris\u00e3o preventiva em aberto por descumprimento de medida protetiva em favor da ex-companheira. O suspeito foi localizado pelo comandante da Guarda Civil Municipal, Adalberto Jos\u00e9 de Souza, e pelo investigador da [&hellip;]<\/p>\n","protected":false},"author":2,"featured_media":13399,"comment_status":"open","ping_status":"open","sticky":false,"template":"","format":"standard","meta":{"_jetpack_memberships_contains_paid_content":false,"footnotes":""},"categories":[3],"tags":[],"class_list":["post-13398","post","type-post","status-publish","format-standard","has-post-thumbnail","hentry","category-regional"],"aioseo_notices":[],"jetpack_featured_media_url":"https:\/\/i0.wp.com\/minutobahia24h.com.br\/wp-content\/uploads\/2024\/06\/Sem-titulo-130.jpg?fit=540%2C304&ssl=1","jetpack_sharing_enabled":true,"_links":{"self":[{"href":"https:\/\/minutobahia24h.com.br\/index.php?rest_route=\/wp\/v2\/posts\/13398","targetHints":{"allow":["GET"]}}],"collection":[{"href":"https:\/\/minutobahia24h.com.br\/index.php?rest_route=\/wp\/v2\/posts"}],"about":[{"href":"https:\/\/minutobahia24h.com.br\/index.php?rest_route=\/wp\/v2\/types\/post"}],"author":[{"embeddable":true,"href":"https:\/\/minutobahia24h.com.br\/index.php?rest_route=\/wp\/v2\/users\/2"}],"replies":[{"embeddable":true,"href":"https:\/\/minutobahia24h.com.br\/index.php?rest_route=%2Fwp%2Fv2%2Fcomments&post=13398"}],"version-history":[{"count":1,"href":"https:\/\/minutobahia24h.com.br\/index.php?rest_route=\/wp\/v2\/posts\/13398\/revisions"}],"predecessor-version":[{"id":13400,"href":"https:\/\/minutobahia24h.com.br\/index.php?rest_route=\/wp\/v2\/posts\/13398\/revisions\/13400"}],"wp:featuredmedia":[{"embeddable":true,"href":"https:\/\/minutobahia24h.com.br\/index.php?rest_route=\/wp\/v2\/media\/13399"}],"wp:attachment":[{"href":"https:\/\/minutobahia24h.com.br\/index.php?rest_route=%2Fwp%2Fv2%2Fmedia&parent=13398"}],"wp:term":[{"taxonomy":"category","embeddable":true,"href":"https:\/\/minutobahia24h.com.br\/index.php?rest_route=%2Fwp%2Fv2%2Fcategories&post=13398"},{"taxonomy":"post_tag","embeddable":true,"href":"https:\/\/minutobahia24h.com.br\/index.php?rest_route=%2Fwp%2Fv2%2Ftags&post=13398"}],"curies":[{"name":"wp","href":"https:\/\/api.w.org\/{rel}","templated":true}]}}