{"id":13339,"date":"2024-06-12T08:07:14","date_gmt":"2024-06-12T11:07:14","guid":{"rendered":"https:\/\/minutobahia24h.com.br\/?p=13339"},"modified":"2024-06-12T08:07:15","modified_gmt":"2024-06-12T11:07:15","slug":"plenario-do-senado-debate-regulamentacao-da-inteligencia-artificial-no-brasil","status":"publish","type":"post","link":"https:\/\/minutobahia24h.com.br\/?p=13339","title":{"rendered":"Plen\u00e1rio do Senado debate regulamenta\u00e7\u00e3o da intelig\u00eancia artificial no Brasil"},"content":{"rendered":"<div class=\"wp-block-image\">\n<figure class=\"aligncenter size-full\"><img data-recalc-dims=\"1\" fetchpriority=\"high\" decoding=\"async\" width=\"676\" height=\"450\" src=\"https:\/\/i0.wp.com\/minutobahia24h.com.br\/wp-content\/uploads\/2024\/06\/Sem-titulo-116.jpg?resize=676%2C450&#038;ssl=1\" alt=\"\" class=\"wp-image-13340\" srcset=\"https:\/\/i0.wp.com\/minutobahia24h.com.br\/wp-content\/uploads\/2024\/06\/Sem-titulo-116.jpg?w=676&amp;ssl=1 676w, https:\/\/i0.wp.com\/minutobahia24h.com.br\/wp-content\/uploads\/2024\/06\/Sem-titulo-116.jpg?resize=300%2C200&amp;ssl=1 300w\" sizes=\"(max-width: 676px) 100vw, 676px\" \/><figcaption class=\"wp-element-caption\"><sub>Foto: Jefferson Rudy\/Ag\u00eancia Senado<\/sub><br><\/figcaption><\/figure>\n<\/div>\n\n\n<p>A sess\u00e3o de debates tem\u00e1ticos sobre a regulamenta\u00e7\u00e3o da intelig\u00eancia artificial foi solicitada por Eduardo Gomes, do PL de Tocantins, relator da comiss\u00e3o tempor\u00e1ria do Senado que, desde o ano passado, examina as propostas sobre o tema. A principal delas \u00e9 o projeto apresentado pelo presidente do Senado, Rodrigo Pacheco, como resultado do trabalho da comiss\u00e3o de juristas que estudou o assunto em 2022, ouvindo mais de 70 especialistas brasileiros e estrangeiros.<\/p>\n\n\n\n<p>Dezessete de julho \u00e9 o prazo final para que a comiss\u00e3o tempor\u00e1ria apresente o relat\u00f3rio, que ser\u00e1 encaminhado para o Plen\u00e1rio. O presidente da Comiss\u00e3o Tempor\u00e1ria Interna sobre Intelig\u00eancia Artificial no Brasil, senador Carlos Viana, do Podemos de Minas Gerais, lembrou que o uso de ferramentas de IA est\u00e1 se generalizando em alta velocidade na economia, na sa\u00fade, na publicidade, nas artes e na ci\u00eancia, o que causa, segundo Viana, um deslumbramento que muitas vezes oculta os riscos do processo.<\/p>\n\n\n\n<p>(senador Carlos Viana) \u201cEssa nova tecnologia pode ser considerada revolucion\u00e1ria em raz\u00e3o do impacto generalizado sobre nossa vida cotidiana. N\u00e3o mais falamos sobre de um impacto potencial, mas de resultados imediatos que j\u00e1 est\u00e3o presentes em praticamente todos os aspectos da vida humana\u201d.<\/p>\n\n\n\n<p>Miguel Matos, presidente do Conselho de Comunica\u00e7\u00e3o Social do Congresso, apontou como m\u00e9ritos do projeto o que chamou de \u201cabordagem baseada em risco\u201d, que cria categorias para os sistemas de IA com base nesse crit\u00e9rio, concentrando recursos e esfor\u00e7os naqueles que necessitam de mais vigil\u00e2ncia, sem que isso sufoque a inova\u00e7\u00e3o. E citou a exig\u00eancia de transpar\u00eancia nos algoritmos dos sistemas de IA bem como a responsabiliza\u00e7\u00e3o dos seus desenvolvedores.<\/p>\n\n\n\n<p>(Miguel Matos) \u201cOutro ponto de destaque \u00e9 a prote\u00e7\u00e3o aos direitos dos cidad\u00e3os. Esse projeto de lei coloca a prote\u00e7\u00e3o dos dados pessoais e os direitos fundamentais no centro da regulamenta\u00e7\u00e3o\u201d.<\/p>\n\n\n\n<p>Representando o Conselho Nacional de Justi\u00e7a, Luiz Fernando Bandeira, que preside o Grupo de Trabalho do Judici\u00e1rio sobre IA, citou experi\u00eancias que j\u00e1 testam a intelig\u00eancia artificial nos tribunais do pa\u00eds. Mas disse que ser\u00e1 fundamental estabelecer regras espec\u00edficas para o uso da nova tecnologia pelo Judici\u00e1rio.<\/p>\n\n\n\n<p>(Luiz Fernando Bandeira) \u201cNingu\u00e9m deseja ser julgado por rob\u00f4. A intelig\u00eancia artificial, evidentemente, ela \u00e9 \u00fatil, ela pode e deve ser aplicada ao Judici\u00e1rio, mas ningu\u00e9m pretende que sua causa seja submetida a um algoritmo qualquer que cuspa decis\u00f5es a partir de inputs que ele receba das peti\u00e7\u00f5es iniciais, n\u00e3o \u00e9 essa a ideia\u201d.<\/p>\n\n\n\n<p>O relator, Eduardo Gomes, apontou como avan\u00e7os importantes do projeto a valoriza\u00e7\u00e3o das ag\u00eancias reguladoras e o estabelecimento de uma autoridade central com poder de fiscaliza\u00e7\u00e3o das ag\u00eancias que, segundo ele, n\u00e3o dar\u00e1 espa\u00e7os para vazios regulat\u00f3rios.<\/p>\n\n\n\n<p>(senador Eduardo Gomes) \u201cAvan\u00e7amos tamb\u00e9m na previs\u00e3o da cria\u00e7\u00e3o de um painel de especialistas de intelig\u00eancia artificial, a exemplo do que est\u00e1 propondo a ONU e que j\u00e1 foi proposto pela Uni\u00e3o Europeia. Outra evolu\u00e7\u00e3o do texto foi a proibi\u00e7\u00e3o total de armas letais aut\u00f4nomas\u201d.<\/p>\n\n\n\n<p>Eduardo Gomes destacou ainda a prote\u00e7\u00e3o dos direitos autorais para garantir a remunera\u00e7\u00e3o de criadores de conte\u00fado, artistas e jornalistas. Segundo ele, o novo texto n\u00e3o vai criar uma responsabilidade civil nova, apenas referenciar as normas j\u00e1 existentes, como os C\u00f3digos Civil e de Defesa do Consumidor.<\/p>\n\n\n\n<p>blogdoeloiltoncajuhy<\/p>\n","protected":false},"excerpt":{"rendered":"<p>A sess\u00e3o de debates tem\u00e1ticos sobre a regulamenta\u00e7\u00e3o da intelig\u00eancia artificial foi solicitada por Eduardo Gomes, do PL de Tocantins, relator da comiss\u00e3o tempor\u00e1ria do Senado que, desde o ano passado, examina as propostas sobre o tema. A principal delas \u00e9 o projeto apresentado pelo presidente do Senado, Rodrigo Pacheco, como resultado do trabalho da [&hellip;]<\/p>\n","protected":false},"author":2,"featured_media":13340,"comment_status":"open","ping_status":"open","sticky":false,"template":"","format":"standard","meta":{"_jetpack_memberships_contains_paid_content":false,"footnotes":""},"categories":[39],"tags":[],"class_list":["post-13339","post","type-post","status-publish","format-standard","has-post-thumbnail","hentry","category-politica"],"aioseo_notices":[],"jetpack_featured_media_url":"https:\/\/i0.wp.com\/minutobahia24h.com.br\/wp-content\/uploads\/2024\/06\/Sem-titulo-116.jpg?fit=676%2C450&ssl=1","jetpack_sharing_enabled":true,"_links":{"self":[{"href":"https:\/\/minutobahia24h.com.br\/index.php?rest_route=\/wp\/v2\/posts\/13339","targetHints":{"allow":["GET"]}}],"collection":[{"href":"https:\/\/minutobahia24h.com.br\/index.php?rest_route=\/wp\/v2\/posts"}],"about":[{"href":"https:\/\/minutobahia24h.com.br\/index.php?rest_route=\/wp\/v2\/types\/post"}],"author":[{"embeddable":true,"href":"https:\/\/minutobahia24h.com.br\/index.php?rest_route=\/wp\/v2\/users\/2"}],"replies":[{"embeddable":true,"href":"https:\/\/minutobahia24h.com.br\/index.php?rest_route=%2Fwp%2Fv2%2Fcomments&post=13339"}],"version-history":[{"count":1,"href":"https:\/\/minutobahia24h.com.br\/index.php?rest_route=\/wp\/v2\/posts\/13339\/revisions"}],"predecessor-version":[{"id":13341,"href":"https:\/\/minutobahia24h.com.br\/index.php?rest_route=\/wp\/v2\/posts\/13339\/revisions\/13341"}],"wp:featuredmedia":[{"embeddable":true,"href":"https:\/\/minutobahia24h.com.br\/index.php?rest_route=\/wp\/v2\/media\/13340"}],"wp:attachment":[{"href":"https:\/\/minutobahia24h.com.br\/index.php?rest_route=%2Fwp%2Fv2%2Fmedia&parent=13339"}],"wp:term":[{"taxonomy":"category","embeddable":true,"href":"https:\/\/minutobahia24h.com.br\/index.php?rest_route=%2Fwp%2Fv2%2Fcategories&post=13339"},{"taxonomy":"post_tag","embeddable":true,"href":"https:\/\/minutobahia24h.com.br\/index.php?rest_route=%2Fwp%2Fv2%2Ftags&post=13339"}],"curies":[{"name":"wp","href":"https:\/\/api.w.org\/{rel}","templated":true}]}}