{"id":1319,"date":"2023-09-27T07:21:23","date_gmt":"2023-09-27T10:21:23","guid":{"rendered":"https:\/\/minutobahia24h.com.br\/?p=1319"},"modified":"2023-09-27T07:21:24","modified_gmt":"2023-09-27T10:21:24","slug":"ponte-salvador-itaparica-rui-costa-diz-que-primeiras-sondagens-na-baia-devem-ocorrer-em-breve-alta-de-precos-desalinhou-contrato","status":"publish","type":"post","link":"https:\/\/minutobahia24h.com.br\/?p=1319","title":{"rendered":"Ponte Salvador-Itaparica: Rui Costa diz que primeiras sondagens na ba\u00eda devem ocorrer em breve; alta de pre\u00e7os desalinhou contrato"},"content":{"rendered":"<div class=\"wp-block-image\">\n<figure class=\"aligncenter size-full\"><img data-recalc-dims=\"1\" fetchpriority=\"high\" decoding=\"async\" width=\"690\" height=\"363\" src=\"https:\/\/i0.wp.com\/minutobahia24h.com.br\/wp-content\/uploads\/2023\/09\/Sem-titulo-101.jpg?resize=690%2C363&#038;ssl=1\" alt=\"\" class=\"wp-image-1321\" srcset=\"https:\/\/i0.wp.com\/minutobahia24h.com.br\/wp-content\/uploads\/2023\/09\/Sem-titulo-101.jpg?w=690&amp;ssl=1 690w, https:\/\/i0.wp.com\/minutobahia24h.com.br\/wp-content\/uploads\/2023\/09\/Sem-titulo-101.jpg?resize=300%2C158&amp;ssl=1 300w\" sizes=\"(max-width: 690px) 100vw, 690px\" \/><figcaption class=\"wp-element-caption\">Proje\u00e7\u00e3o da ponte que vai ligar Salvador a Itaparica; Sondagens come\u00e7am em breve \u2014 Foto: Divulga\u00e7\u00e3o\/GOVBA<\/figcaption><\/figure>\n<\/div>\n\n\n<p>O ministro da Casa Civil, Rui Costa, afirmou, nesta ter\u00e7a-feira (26), que as primeiras sondagens na Ba\u00eda de-Todos-os-Santos devem ocorrer em breve. Apesar do an\u00fancio, nenhuma data foi divulgada. O processo \u00e9 um reconhecimento do terreno, ou seja, \u00e9 uma a\u00e7\u00e3o necess\u00e1ria para entender as caracter\u00edsticas do local, e outas informa\u00e7\u00f5es importantes para o desenvolvimento da obra da ponte\u00a0<a class=\"\" href=\"https:\/\/g1.globo.com\/ba\/bahia\/cidade\/salvador\/\">Salvador<\/a>-Itaparica. A declara\u00e7\u00e3o foi dada durante entrevista concedida para radialistas baianos, por meio de uma transmiss\u00e3o pela internet.<\/p>\n\n\n\n<p>Rui disse que, segundo informa\u00e7\u00f5es recebidas pelo governo baiano, o cons\u00f3rcio formado pelas empresas CR20; CCCC SOUTH AMERICA e CCCCLT trabalha para iniciar as primeiras sondagens na Ba\u00eda de Todos-os-Santos ser\u00e1 iniciado com brevidade.<\/p>\n\n\n\n<p>&#8220;A informa\u00e7\u00e3o, inclusive, que n\u00f3s convers\u00e1vamos ontem \u00e9 que a empresa est\u00e1 agilizando para iniciar a sondagem. A sondagem \u00e9 aquele furo que faz onde vai ter um pilar. Cada pilar da ponte vai ter um furo&#8221;, disse.<\/p>\n\n\n\n<p>Ainda de acordo com o ministro da Casa Civil, tamb\u00e9m est\u00e3o previstas a\u00e7\u00f5es de dragagem que ser\u00e1 uma esp\u00e9cie de limpeza do fundo da \u00e1rea da Ba\u00eda de Todos-os-Santos.<\/p>\n\n\n\n<p>&#8220;A gente espera, o mais r\u00e1pido poss\u00edvel, iniciar duas a\u00e7\u00f5es importantes para essa obra: a sondagem, que s\u00e3o esses furos, e a dragagem, que a Marinha solicitou que fosse feita na Ba\u00eda de Todos-os-Santos, pr\u00f3ximo ao porto. Evitando, portanto, que a manobra dos navios ocorra pr\u00f3ximo aos pilares da ponte. Ent\u00e3o, essas duas a\u00e7\u00f5es, que s\u00e3o parte da obra, devem ser feitas em breve&#8221;, disse.<\/p>\n\n\n\n<p>Em agosto deste ano, o governador Jer\u00f4nimo Rodrigues falou a necessidade de readequa\u00e7\u00f5es financeiras e disse que o valor atual da obra chega perto de R$ 13 bilh\u00f5es, seis bilh\u00f5es a mais do que o previsto inicialmente. Rui falou sobre os reajustes no contrato, assinado durante sua gest\u00e3o como governador da Bahia, e culpou a pandemia pela situa\u00e7\u00e3o.<\/p>\n\n\n\n<figure class=\"wp-block-image\"><img data-recalc-dims=\"1\" decoding=\"async\" src=\"https:\/\/i0.wp.com\/s2-g1.glbimg.com\/VsgVUxnbJOClRRWpwg_2TjuqWg0%3D\/0x0%3A1117x600\/984x0\/smart\/filters%3Astrip_icc%28%29\/i.s3.glbimg.com\/v1\/AUTH_59edd422c0c84a879bd37670ae4f538a\/internal_photos\/bs\/2023\/h\/e\/0PYyUoRcKd3hEavBLIMg\/g1-ponte-salvador-itaparica-2.jpeg?w=800&#038;ssl=1\" alt=\"Proje\u00e7\u00e3o da ponte que vai ligar Salvador a Itaparica \u2014 Foto: Divulga\u00e7\u00e3o\/GOVBA\"\/><\/figure>\n\n\n\n<p>Proje\u00e7\u00e3o da ponte que vai ligar Salvador a Itaparica \u2014 Foto: Divulga\u00e7\u00e3o\/GOVBA<\/p>\n\n\n\n<p>&#8220;Os grandes projetos, n\u00e3o s\u00f3 na Bahia, mas no mundo inteiro, foram prejudicados por quase tr\u00eas anos de pandemia. A nossa ponte foi alcan\u00e7ada por esse impacto. Houve uma mudan\u00e7a completa dos pre\u00e7os dos insumos das grandes obras, o que desalinhou os contratos todos e isso est\u00e1 sendo negociado pelo governador Jer\u00f4nimo&#8221;, disse o ministro.<\/p>\n\n\n\n<p>Rui ainda antecipou que nesta ter\u00e7a-feira, o governador Jer\u00f4nimo volta a discutir a situa\u00e7\u00e3o da ponte com o embaixador da China e representantes do governo federal.<\/p>\n\n\n\n<p>&#8220;Hoje n\u00f3s teremos uma reuni\u00e3o com o governador Jer\u00f4nimo, sua equipe. Eu devo participar, com o embaixador da China. O presidente Lula, inclusive, na semana passada esteve com ele, refor\u00e7ando a import\u00e2ncia dessa obra para o Brasil, para a Bahia, para gerar emprego, gerar renda&#8221;, disse.<\/p>\n\n\n\n<h2 class=\"wp-block-heading\">Cr\u00e9dito internacional<\/h2>\n\n\n\n<figure class=\"wp-block-image\"><img data-recalc-dims=\"1\" decoding=\"async\" src=\"https:\/\/i0.wp.com\/s2-g1.glbimg.com\/Jps3-g9-FzBv39uXPzRgOKXcH1E%3D\/0x0%3A890x500\/984x0\/smart\/filters%3Astrip_icc%28%29\/i.s3.glbimg.com\/v1\/AUTH_59edd422c0c84a879bd37670ae4f538a\/internal_photos\/bs\/2019\/f\/I\/5QXHDmTomnnijXoEWCkQ\/whatsapp-image-2019-09-18-at-20.04.19.jpeg?w=800&#038;ssl=1\" alt=\"Proje\u00e7\u00e3o da ponte que vai ligar Salvador a Itaparica \u2014 Foto: GOVBA\/ Divulga\u00e7\u00e3o\"\/><\/figure>\n\n\n\n<p>Proje\u00e7\u00e3o da ponte que vai ligar Salvador a Itaparica \u2014 Foto: GOVBA\/ Divulga\u00e7\u00e3o<\/p>\n\n\n\n<p>Na \u00faltima semana, o Conselho de Administra\u00e7\u00e3o do CAF, banco de Desenvolvimento da Am\u00e9rica Latina e do Caribe,&nbsp;<a class=\"\" href=\"https:\/\/g1.globo.com\/ba\/bahia\/noticia\/2023\/09\/18\/ponte-salvador-itaparica-governo-negocia-credito-de-us-150-milhoes-com-banco-internacional-para-construcao.ghtml\">aprovou uma linha de cr\u00e9dito de US$ 150 milh\u00f5es para garantir a constru\u00e7\u00e3o da ponte Salvador-Itaparica<\/a>.<\/p>\n\n\n\n<p>O projeto da ponte Salvador-Itaparica estabelece que a constru\u00e7\u00e3o ter\u00e112,4 km de extens\u00e3o. O in\u00edcio das obras estava previsto para 2021, mas a constru\u00e7\u00e3o ainda n\u00e3o foi iniciada. A pandemia e quest\u00f5es de reequil\u00edbrio foram apontadas como causas da demora no avan\u00e7o do projeto.<\/p>\n\n\n\n<p>A Secretaria do Planejamento (Seplan), respons\u00e1vel por viabilizar as opera\u00e7\u00f5es de cr\u00e9dito, disse que a negocia\u00e7\u00e3o j\u00e1 foi conclu\u00edda. E que a opera\u00e7\u00e3o de cr\u00e9dito aprovada pelo CAF ser\u00e1 utilizada em parte como aporte ao Fundo Garantidor e Pagador da Ponte (FEGAP) e parte como execu\u00e7\u00e3o direta pela Seinfra, ap\u00f3s finalizados os tr\u00e2mites burocr\u00e1ticos.<\/p>\n\n\n\n<p>Atualmente o pedido do Estado da Bahia estaria em an\u00e1lise pela Secretaria do Tesouro Nacional (STN), que integra o Minist\u00e9rio da Fazenda, e ainda ir\u00e1 tramitar por outras inst\u00e2ncias da estrutura federal, como, por exemplo, a Procuradoria Geral da Fazenda Nacional (PGN), antes de ser encaminhada para aprova\u00e7\u00e3o pelo Senado Federal.<\/p>\n\n\n\n<h2 class=\"wp-block-heading\">PPP de 35 anos<\/h2>\n\n\n\n<figure class=\"wp-block-image\"><img data-recalc-dims=\"1\" decoding=\"async\" src=\"https:\/\/i0.wp.com\/s2-g1.glbimg.com\/ELnwPqaKnF1kFDfS7SqCxHVhPLo%3D\/0x0%3A1059x533\/984x0\/smart\/filters%3Astrip_icc%28%29\/i.s3.glbimg.com\/v1\/AUTH_59edd422c0c84a879bd37670ae4f538a\/internal_photos\/bs\/2020\/x\/a\/fx7pcKTiavYebqmhTj4Q\/pontesalvadoritaparica.png?w=800&#038;ssl=1\" alt=\" Ponte Salvador-Itaparica poder\u00e1 ser considerada a maior sobre l\u00e2mina d\u2019\u00e1gua da Am\u00e9rica Latina \u2014 Foto: Reprodu\u00e7\u00e3o\/TV Bahia\"\/><\/figure>\n\n\n\n<p>Ponte Salvador-Itaparica poder\u00e1 ser considerada a maior sobre l\u00e2mina d\u2019\u00e1gua da Am\u00e9rica Latina \u2014 Foto: Reprodu\u00e7\u00e3o\/TV Bahia<\/p>\n\n\n\n<p>O contrato entre&nbsp;<a class=\"\" href=\"https:\/\/g1.globo.com\/ba\/bahia\/noticia\/2020\/11\/12\/contrato-de-construcao-da-ponte-salvadoritaparica-e-assinado-pelo-governador-da-bahia.ghtml\">o cons\u00f3rcio e o governo do estado para a constru\u00e7\u00e3o da ponte foi assinado em novembro de 2020<\/a>. De acordo com o governo, a concess\u00e3o do projeto executado por meio de uma Parceria P\u00fablico-Privada (PPP) ser\u00e1 de 35 anos.<\/p>\n\n\n\n<p>O governo informou que a estimativa \u00e9 que sejam gerados sete mil empregos durante a constru\u00e7\u00e3o do equipamento e cerca de 100 mil postos de trabalho em 30 anos.<\/p>\n\n\n\n<p>No come\u00e7o do ano, o governo da Bahia publicou um decreto, no Di\u00e1rio Oficial do Estado, que aponta 14 \u00e1reas em Salvador que ser\u00e3o desapropriadas para constru\u00e7\u00e3o de uma estrutura ligada \u00e0 obra da ponte.<\/p>\n\n\n\n<p>De acordo com a assessoria da CCCC SOUTH AMERICA, a ponte Salvador-Itaparica poder\u00e1 ser considerada a maior sobre l\u00e2mina d\u2019\u00e1gua da Am\u00e9rica Latina, j\u00e1 que a Ponte Rio-Niter\u00f3i, tem 13,2 km, mas contabiliza a parte por terra.<\/p>\n\n\n\n<p>O equipamento est\u00e1 incluso no Sistema Vi\u00e1rio do Oeste, que tamb\u00e9m contempla a implanta\u00e7\u00e3o dos acessos ao equipamento em Salvador, por t\u00faneis e viadutos, e em Vera Cruz, com a liga\u00e7\u00e3o \u00e0 BA-001, junto com uma nova rodovia expressa, e a interliga\u00e7\u00e3o com a Ponte do Funil, que tamb\u00e9m ser\u00e1 revitalizada.<\/p>\n","protected":false},"excerpt":{"rendered":"<p>O ministro da Casa Civil, Rui Costa, afirmou, nesta ter\u00e7a-feira (26), que as primeiras sondagens na Ba\u00eda de-Todos-os-Santos devem ocorrer em breve. Apesar do an\u00fancio, nenhuma data foi divulgada. O processo \u00e9 um reconhecimento do terreno, ou seja, \u00e9 uma a\u00e7\u00e3o necess\u00e1ria para entender as caracter\u00edsticas do local, e outas informa\u00e7\u00f5es importantes para o desenvolvimento [&hellip;]<\/p>\n","protected":false},"author":2,"featured_media":1321,"comment_status":"open","ping_status":"open","sticky":false,"template":"","format":"standard","meta":{"_jetpack_memberships_contains_paid_content":false,"footnotes":""},"categories":[21],"tags":[],"class_list":["post-1319","post","type-post","status-publish","format-standard","has-post-thumbnail","hentry","category-bahia"],"aioseo_notices":[],"jetpack_featured_media_url":"https:\/\/i0.wp.com\/minutobahia24h.com.br\/wp-content\/uploads\/2023\/09\/Sem-titulo-101.jpg?fit=690%2C363&ssl=1","jetpack_sharing_enabled":true,"_links":{"self":[{"href":"https:\/\/minutobahia24h.com.br\/index.php?rest_route=\/wp\/v2\/posts\/1319","targetHints":{"allow":["GET"]}}],"collection":[{"href":"https:\/\/minutobahia24h.com.br\/index.php?rest_route=\/wp\/v2\/posts"}],"about":[{"href":"https:\/\/minutobahia24h.com.br\/index.php?rest_route=\/wp\/v2\/types\/post"}],"author":[{"embeddable":true,"href":"https:\/\/minutobahia24h.com.br\/index.php?rest_route=\/wp\/v2\/users\/2"}],"replies":[{"embeddable":true,"href":"https:\/\/minutobahia24h.com.br\/index.php?rest_route=%2Fwp%2Fv2%2Fcomments&post=1319"}],"version-history":[{"count":1,"href":"https:\/\/minutobahia24h.com.br\/index.php?rest_route=\/wp\/v2\/posts\/1319\/revisions"}],"predecessor-version":[{"id":1322,"href":"https:\/\/minutobahia24h.com.br\/index.php?rest_route=\/wp\/v2\/posts\/1319\/revisions\/1322"}],"wp:featuredmedia":[{"embeddable":true,"href":"https:\/\/minutobahia24h.com.br\/index.php?rest_route=\/wp\/v2\/media\/1321"}],"wp:attachment":[{"href":"https:\/\/minutobahia24h.com.br\/index.php?rest_route=%2Fwp%2Fv2%2Fmedia&parent=1319"}],"wp:term":[{"taxonomy":"category","embeddable":true,"href":"https:\/\/minutobahia24h.com.br\/index.php?rest_route=%2Fwp%2Fv2%2Fcategories&post=1319"},{"taxonomy":"post_tag","embeddable":true,"href":"https:\/\/minutobahia24h.com.br\/index.php?rest_route=%2Fwp%2Fv2%2Ftags&post=1319"}],"curies":[{"name":"wp","href":"https:\/\/api.w.org\/{rel}","templated":true}]}}