{"id":13029,"date":"2024-06-05T08:05:12","date_gmt":"2024-06-05T11:05:12","guid":{"rendered":"https:\/\/minutobahia24h.com.br\/?p=13029"},"modified":"2024-06-05T08:05:12","modified_gmt":"2024-06-05T11:05:12","slug":"conheca-os-indicados-a-receberem-o-titulo-cidadao-bonfinense-2024","status":"publish","type":"post","link":"https:\/\/minutobahia24h.com.br\/?p=13029","title":{"rendered":"Conhe\u00e7a os indicados a receberem o T\u00edtulo Cidad\u00e3o Bonfinense 2024"},"content":{"rendered":"<div class=\"wp-block-image\">\n<figure class=\"aligncenter size-full\"><img data-recalc-dims=\"1\" fetchpriority=\"high\" decoding=\"async\" width=\"800\" height=\"800\" src=\"https:\/\/i0.wp.com\/minutobahia24h.com.br\/wp-content\/uploads\/2024\/06\/br-13.jpg?resize=800%2C800&#038;ssl=1\" alt=\"\" class=\"wp-image-13030\" srcset=\"https:\/\/i0.wp.com\/minutobahia24h.com.br\/wp-content\/uploads\/2024\/06\/br-13.jpg?w=1024&amp;ssl=1 1024w, https:\/\/i0.wp.com\/minutobahia24h.com.br\/wp-content\/uploads\/2024\/06\/br-13.jpg?resize=300%2C300&amp;ssl=1 300w, https:\/\/i0.wp.com\/minutobahia24h.com.br\/wp-content\/uploads\/2024\/06\/br-13.jpg?resize=150%2C150&amp;ssl=1 150w, https:\/\/i0.wp.com\/minutobahia24h.com.br\/wp-content\/uploads\/2024\/06\/br-13.jpg?resize=768%2C768&amp;ssl=1 768w, https:\/\/i0.wp.com\/minutobahia24h.com.br\/wp-content\/uploads\/2024\/06\/br-13.jpg?resize=75%2C75&amp;ssl=1 75w, https:\/\/i0.wp.com\/minutobahia24h.com.br\/wp-content\/uploads\/2024\/06\/br-13.jpg?resize=750%2C750&amp;ssl=1 750w\" sizes=\"(max-width: 800px) 100vw, 800px\" \/><\/figure>\n<\/div>\n\n\n<p>\ud83d\udca0Projeto de Decreto Legislativo N\u00ba 01\/2024 de autoria do Vereador Reinaldo Jos\u00e9 (PP), que concede o T\u00edtulo Cidad\u00e3 Bonfinense \u00e0 Maisa Borges da Silva Santos, Professora.<\/p>\n\n\n<div class=\"wp-block-image\">\n<figure class=\"aligncenter size-large\"><img data-recalc-dims=\"1\" decoding=\"async\" width=\"800\" height=\"800\" src=\"https:\/\/i0.wp.com\/minutobahia24h.com.br\/wp-content\/uploads\/2024\/06\/WhatsApp-Image-2024-06-05-at-07.07.48-1024x1024.jpeg?resize=800%2C800&#038;ssl=1\" alt=\"\" class=\"wp-image-13031\" srcset=\"https:\/\/i0.wp.com\/minutobahia24h.com.br\/wp-content\/uploads\/2024\/06\/WhatsApp-Image-2024-06-05-at-07.07.48.jpeg?resize=1024%2C1024&amp;ssl=1 1024w, https:\/\/i0.wp.com\/minutobahia24h.com.br\/wp-content\/uploads\/2024\/06\/WhatsApp-Image-2024-06-05-at-07.07.48.jpeg?resize=300%2C300&amp;ssl=1 300w, https:\/\/i0.wp.com\/minutobahia24h.com.br\/wp-content\/uploads\/2024\/06\/WhatsApp-Image-2024-06-05-at-07.07.48.jpeg?resize=150%2C150&amp;ssl=1 150w, https:\/\/i0.wp.com\/minutobahia24h.com.br\/wp-content\/uploads\/2024\/06\/WhatsApp-Image-2024-06-05-at-07.07.48.jpeg?resize=768%2C768&amp;ssl=1 768w, https:\/\/i0.wp.com\/minutobahia24h.com.br\/wp-content\/uploads\/2024\/06\/WhatsApp-Image-2024-06-05-at-07.07.48.jpeg?resize=75%2C75&amp;ssl=1 75w, https:\/\/i0.wp.com\/minutobahia24h.com.br\/wp-content\/uploads\/2024\/06\/WhatsApp-Image-2024-06-05-at-07.07.48.jpeg?resize=750%2C750&amp;ssl=1 750w, https:\/\/i0.wp.com\/minutobahia24h.com.br\/wp-content\/uploads\/2024\/06\/WhatsApp-Image-2024-06-05-at-07.07.48.jpeg?w=1080&amp;ssl=1 1080w\" sizes=\"(max-width: 800px) 100vw, 800px\" \/><\/figure>\n<\/div>\n\n\n<p>\ud83d\udca0Projeto de Decreto Legislativo N\u00ba 02\/2024 de autoria da Vereadora Socorro do Pel\u00e9 (PP), que concede o T\u00edtulo Cidad\u00e3 Bonfinense \u00e0 Irene Elias de Vasconcelos, Aposentada.<\/p>\n\n\n<div class=\"wp-block-image\">\n<figure class=\"aligncenter size-large\"><img data-recalc-dims=\"1\" decoding=\"async\" width=\"800\" height=\"800\" src=\"https:\/\/i0.wp.com\/minutobahia24h.com.br\/wp-content\/uploads\/2024\/06\/WhatsApp-Image-2024-06-05-at-07.07.47-1-1024x1024.jpeg?resize=800%2C800&#038;ssl=1\" alt=\"\" class=\"wp-image-13032\" srcset=\"https:\/\/i0.wp.com\/minutobahia24h.com.br\/wp-content\/uploads\/2024\/06\/WhatsApp-Image-2024-06-05-at-07.07.47-1.jpeg?resize=1024%2C1024&amp;ssl=1 1024w, https:\/\/i0.wp.com\/minutobahia24h.com.br\/wp-content\/uploads\/2024\/06\/WhatsApp-Image-2024-06-05-at-07.07.47-1.jpeg?resize=300%2C300&amp;ssl=1 300w, https:\/\/i0.wp.com\/minutobahia24h.com.br\/wp-content\/uploads\/2024\/06\/WhatsApp-Image-2024-06-05-at-07.07.47-1.jpeg?resize=150%2C150&amp;ssl=1 150w, https:\/\/i0.wp.com\/minutobahia24h.com.br\/wp-content\/uploads\/2024\/06\/WhatsApp-Image-2024-06-05-at-07.07.47-1.jpeg?resize=768%2C768&amp;ssl=1 768w, https:\/\/i0.wp.com\/minutobahia24h.com.br\/wp-content\/uploads\/2024\/06\/WhatsApp-Image-2024-06-05-at-07.07.47-1.jpeg?resize=75%2C75&amp;ssl=1 75w, https:\/\/i0.wp.com\/minutobahia24h.com.br\/wp-content\/uploads\/2024\/06\/WhatsApp-Image-2024-06-05-at-07.07.47-1.jpeg?resize=750%2C750&amp;ssl=1 750w, https:\/\/i0.wp.com\/minutobahia24h.com.br\/wp-content\/uploads\/2024\/06\/WhatsApp-Image-2024-06-05-at-07.07.47-1.jpeg?w=1080&amp;ssl=1 1080w\" sizes=\"(max-width: 800px) 100vw, 800px\" \/><\/figure>\n<\/div>\n\n\n<p>\ud83d\udca0Projeto de Decreto Legislativo N\u00ba 03\/2024 de autoria do Vereador Cleber Nilton Bab\u00e3o (UB), que concede o T\u00edtulo Cidad\u00e3 Bonfinense \u00e0 Taciane Granja Ribeiro, Secret\u00e1ria de Assist\u00eancia Social.<\/p>\n\n\n<div class=\"wp-block-image\">\n<figure class=\"aligncenter size-large\"><img data-recalc-dims=\"1\" loading=\"lazy\" decoding=\"async\" width=\"800\" height=\"800\" src=\"https:\/\/i0.wp.com\/minutobahia24h.com.br\/wp-content\/uploads\/2024\/06\/WhatsApp-Image-2024-06-05-at-07.07.50-1-1024x1024.jpeg?resize=800%2C800&#038;ssl=1\" alt=\"\" class=\"wp-image-13033\" srcset=\"https:\/\/i0.wp.com\/minutobahia24h.com.br\/wp-content\/uploads\/2024\/06\/WhatsApp-Image-2024-06-05-at-07.07.50-1.jpeg?resize=1024%2C1024&amp;ssl=1 1024w, https:\/\/i0.wp.com\/minutobahia24h.com.br\/wp-content\/uploads\/2024\/06\/WhatsApp-Image-2024-06-05-at-07.07.50-1.jpeg?resize=300%2C300&amp;ssl=1 300w, https:\/\/i0.wp.com\/minutobahia24h.com.br\/wp-content\/uploads\/2024\/06\/WhatsApp-Image-2024-06-05-at-07.07.50-1.jpeg?resize=150%2C150&amp;ssl=1 150w, https:\/\/i0.wp.com\/minutobahia24h.com.br\/wp-content\/uploads\/2024\/06\/WhatsApp-Image-2024-06-05-at-07.07.50-1.jpeg?resize=768%2C768&amp;ssl=1 768w, https:\/\/i0.wp.com\/minutobahia24h.com.br\/wp-content\/uploads\/2024\/06\/WhatsApp-Image-2024-06-05-at-07.07.50-1.jpeg?resize=75%2C75&amp;ssl=1 75w, https:\/\/i0.wp.com\/minutobahia24h.com.br\/wp-content\/uploads\/2024\/06\/WhatsApp-Image-2024-06-05-at-07.07.50-1.jpeg?resize=750%2C750&amp;ssl=1 750w, https:\/\/i0.wp.com\/minutobahia24h.com.br\/wp-content\/uploads\/2024\/06\/WhatsApp-Image-2024-06-05-at-07.07.50-1.jpeg?w=1080&amp;ssl=1 1080w\" sizes=\"(max-width: 800px) 100vw, 800px\" \/><\/figure>\n<\/div>\n\n\n<p>\ud83d\udca0Projeto de Decreto Legislativo N\u00ba 04\/2024 de autoria do Vereador Idailton Galeguinho (PP), que concede o T\u00edtulo Cidad\u00e3o Bonfinense \u00e0 Cleudson Ant\u00f4nio dos Santos, Pastor Evang\u00e9lico.<\/p>\n\n\n<div class=\"wp-block-image\">\n<figure class=\"aligncenter size-large\"><img data-recalc-dims=\"1\" loading=\"lazy\" decoding=\"async\" width=\"800\" height=\"800\" src=\"https:\/\/i0.wp.com\/minutobahia24h.com.br\/wp-content\/uploads\/2024\/06\/WhatsApp-Image-2024-06-05-at-07.07.44-1-1024x1024.jpeg?resize=800%2C800&#038;ssl=1\" alt=\"\" class=\"wp-image-13034\" srcset=\"https:\/\/i0.wp.com\/minutobahia24h.com.br\/wp-content\/uploads\/2024\/06\/WhatsApp-Image-2024-06-05-at-07.07.44-1.jpeg?resize=1024%2C1024&amp;ssl=1 1024w, https:\/\/i0.wp.com\/minutobahia24h.com.br\/wp-content\/uploads\/2024\/06\/WhatsApp-Image-2024-06-05-at-07.07.44-1.jpeg?resize=300%2C300&amp;ssl=1 300w, https:\/\/i0.wp.com\/minutobahia24h.com.br\/wp-content\/uploads\/2024\/06\/WhatsApp-Image-2024-06-05-at-07.07.44-1.jpeg?resize=150%2C150&amp;ssl=1 150w, https:\/\/i0.wp.com\/minutobahia24h.com.br\/wp-content\/uploads\/2024\/06\/WhatsApp-Image-2024-06-05-at-07.07.44-1.jpeg?resize=768%2C768&amp;ssl=1 768w, https:\/\/i0.wp.com\/minutobahia24h.com.br\/wp-content\/uploads\/2024\/06\/WhatsApp-Image-2024-06-05-at-07.07.44-1.jpeg?resize=75%2C75&amp;ssl=1 75w, https:\/\/i0.wp.com\/minutobahia24h.com.br\/wp-content\/uploads\/2024\/06\/WhatsApp-Image-2024-06-05-at-07.07.44-1.jpeg?resize=750%2C750&amp;ssl=1 750w, https:\/\/i0.wp.com\/minutobahia24h.com.br\/wp-content\/uploads\/2024\/06\/WhatsApp-Image-2024-06-05-at-07.07.44-1.jpeg?w=1080&amp;ssl=1 1080w\" sizes=\"(max-width: 800px) 100vw, 800px\" \/><\/figure>\n<\/div>\n\n\n<p>\ud83d\udca0Projeto de Decreto Legislativo N\u00ba 05\/2024 de autoria do Vereador Ary Urbano (UB), que concede o T\u00edtulo Cidad\u00e3o Bonfinense \u00e0 Hailton Gon\u00e7alves S. Filho, M\u00e9dico Oftalmologista.<\/p>\n\n\n<div class=\"wp-block-image\">\n<figure class=\"aligncenter size-large\"><img data-recalc-dims=\"1\" loading=\"lazy\" decoding=\"async\" width=\"800\" height=\"800\" src=\"https:\/\/i0.wp.com\/minutobahia24h.com.br\/wp-content\/uploads\/2024\/06\/WhatsApp-Image-2024-06-05-at-07.07.47-1024x1024.jpeg?resize=800%2C800&#038;ssl=1\" alt=\"\" class=\"wp-image-13035\" srcset=\"https:\/\/i0.wp.com\/minutobahia24h.com.br\/wp-content\/uploads\/2024\/06\/WhatsApp-Image-2024-06-05-at-07.07.47.jpeg?resize=1024%2C1024&amp;ssl=1 1024w, https:\/\/i0.wp.com\/minutobahia24h.com.br\/wp-content\/uploads\/2024\/06\/WhatsApp-Image-2024-06-05-at-07.07.47.jpeg?resize=300%2C300&amp;ssl=1 300w, https:\/\/i0.wp.com\/minutobahia24h.com.br\/wp-content\/uploads\/2024\/06\/WhatsApp-Image-2024-06-05-at-07.07.47.jpeg?resize=150%2C150&amp;ssl=1 150w, https:\/\/i0.wp.com\/minutobahia24h.com.br\/wp-content\/uploads\/2024\/06\/WhatsApp-Image-2024-06-05-at-07.07.47.jpeg?resize=768%2C768&amp;ssl=1 768w, https:\/\/i0.wp.com\/minutobahia24h.com.br\/wp-content\/uploads\/2024\/06\/WhatsApp-Image-2024-06-05-at-07.07.47.jpeg?resize=75%2C75&amp;ssl=1 75w, https:\/\/i0.wp.com\/minutobahia24h.com.br\/wp-content\/uploads\/2024\/06\/WhatsApp-Image-2024-06-05-at-07.07.47.jpeg?resize=750%2C750&amp;ssl=1 750w, https:\/\/i0.wp.com\/minutobahia24h.com.br\/wp-content\/uploads\/2024\/06\/WhatsApp-Image-2024-06-05-at-07.07.47.jpeg?w=1080&amp;ssl=1 1080w\" sizes=\"(max-width: 800px) 100vw, 800px\" \/><\/figure>\n<\/div>\n\n\n<p>\ud83d\udca0Projeto de Decreto Legislativo N\u00ba 06\/2024 de autoria do Vereador Elizeu dos Temperos (PP), que concede o T\u00edtulo Cidad\u00e3o Bonfinense \u00e0 Francisco Farias Martins, Comerciante.<\/p>\n\n\n<div class=\"wp-block-image\">\n<figure class=\"aligncenter size-large\"><img data-recalc-dims=\"1\" loading=\"lazy\" decoding=\"async\" width=\"800\" height=\"800\" src=\"https:\/\/i0.wp.com\/minutobahia24h.com.br\/wp-content\/uploads\/2024\/06\/WhatsApp-Image-2024-06-05-at-07.07.46-1-1024x1024.jpeg?resize=800%2C800&#038;ssl=1\" alt=\"\" class=\"wp-image-13036\" srcset=\"https:\/\/i0.wp.com\/minutobahia24h.com.br\/wp-content\/uploads\/2024\/06\/WhatsApp-Image-2024-06-05-at-07.07.46-1.jpeg?resize=1024%2C1024&amp;ssl=1 1024w, https:\/\/i0.wp.com\/minutobahia24h.com.br\/wp-content\/uploads\/2024\/06\/WhatsApp-Image-2024-06-05-at-07.07.46-1.jpeg?resize=300%2C300&amp;ssl=1 300w, https:\/\/i0.wp.com\/minutobahia24h.com.br\/wp-content\/uploads\/2024\/06\/WhatsApp-Image-2024-06-05-at-07.07.46-1.jpeg?resize=150%2C150&amp;ssl=1 150w, https:\/\/i0.wp.com\/minutobahia24h.com.br\/wp-content\/uploads\/2024\/06\/WhatsApp-Image-2024-06-05-at-07.07.46-1.jpeg?resize=768%2C768&amp;ssl=1 768w, https:\/\/i0.wp.com\/minutobahia24h.com.br\/wp-content\/uploads\/2024\/06\/WhatsApp-Image-2024-06-05-at-07.07.46-1.jpeg?resize=75%2C75&amp;ssl=1 75w, https:\/\/i0.wp.com\/minutobahia24h.com.br\/wp-content\/uploads\/2024\/06\/WhatsApp-Image-2024-06-05-at-07.07.46-1.jpeg?resize=750%2C750&amp;ssl=1 750w, https:\/\/i0.wp.com\/minutobahia24h.com.br\/wp-content\/uploads\/2024\/06\/WhatsApp-Image-2024-06-05-at-07.07.46-1.jpeg?w=1080&amp;ssl=1 1080w\" sizes=\"(max-width: 800px) 100vw, 800px\" \/><\/figure>\n<\/div>\n\n\n<p>\ud83d\udca0Projeto de Decreto Legislativo N\u00ba 07\/2024 de autoria da Vereadora L\u00facia Cerqueira (PT), que concede o T\u00edtulo Cidad\u00e3 Bonfinense \u00e0 Cristiane dos Santos Cerqueira, cabelereira.<\/p>\n\n\n<div class=\"wp-block-image\">\n<figure class=\"aligncenter size-large\"><img data-recalc-dims=\"1\" loading=\"lazy\" decoding=\"async\" width=\"800\" height=\"800\" src=\"https:\/\/i0.wp.com\/minutobahia24h.com.br\/wp-content\/uploads\/2024\/06\/WhatsApp-Image-2024-06-05-at-07.07.45-1024x1024.jpeg?resize=800%2C800&#038;ssl=1\" alt=\"\" class=\"wp-image-13037\" srcset=\"https:\/\/i0.wp.com\/minutobahia24h.com.br\/wp-content\/uploads\/2024\/06\/WhatsApp-Image-2024-06-05-at-07.07.45.jpeg?resize=1024%2C1024&amp;ssl=1 1024w, https:\/\/i0.wp.com\/minutobahia24h.com.br\/wp-content\/uploads\/2024\/06\/WhatsApp-Image-2024-06-05-at-07.07.45.jpeg?resize=300%2C300&amp;ssl=1 300w, https:\/\/i0.wp.com\/minutobahia24h.com.br\/wp-content\/uploads\/2024\/06\/WhatsApp-Image-2024-06-05-at-07.07.45.jpeg?resize=150%2C150&amp;ssl=1 150w, https:\/\/i0.wp.com\/minutobahia24h.com.br\/wp-content\/uploads\/2024\/06\/WhatsApp-Image-2024-06-05-at-07.07.45.jpeg?resize=768%2C768&amp;ssl=1 768w, https:\/\/i0.wp.com\/minutobahia24h.com.br\/wp-content\/uploads\/2024\/06\/WhatsApp-Image-2024-06-05-at-07.07.45.jpeg?resize=75%2C75&amp;ssl=1 75w, https:\/\/i0.wp.com\/minutobahia24h.com.br\/wp-content\/uploads\/2024\/06\/WhatsApp-Image-2024-06-05-at-07.07.45.jpeg?resize=750%2C750&amp;ssl=1 750w, https:\/\/i0.wp.com\/minutobahia24h.com.br\/wp-content\/uploads\/2024\/06\/WhatsApp-Image-2024-06-05-at-07.07.45.jpeg?w=1080&amp;ssl=1 1080w\" sizes=\"(max-width: 800px) 100vw, 800px\" \/><\/figure>\n<\/div>\n\n\n<p>\ud83d\udca0Projeto de Decreto Legislativo N\u00ba 08\/2024 de autoria do Vereador Quinho do Carrapichel (PCdoB), que concede o T\u00edtulo Cidad\u00e3o Bonfinense ao Reverend\u00edssimo Padre Agnaldo Barbosa Duarte.<\/p>\n\n\n<div class=\"wp-block-image\">\n<figure class=\"aligncenter size-large\"><img data-recalc-dims=\"1\" loading=\"lazy\" decoding=\"async\" width=\"800\" height=\"800\" src=\"https:\/\/i0.wp.com\/minutobahia24h.com.br\/wp-content\/uploads\/2024\/06\/WhatsApp-Image-2024-06-05-at-07.07.43-1024x1024.jpeg?resize=800%2C800&#038;ssl=1\" alt=\"\" class=\"wp-image-13038\" srcset=\"https:\/\/i0.wp.com\/minutobahia24h.com.br\/wp-content\/uploads\/2024\/06\/WhatsApp-Image-2024-06-05-at-07.07.43.jpeg?resize=1024%2C1024&amp;ssl=1 1024w, https:\/\/i0.wp.com\/minutobahia24h.com.br\/wp-content\/uploads\/2024\/06\/WhatsApp-Image-2024-06-05-at-07.07.43.jpeg?resize=300%2C300&amp;ssl=1 300w, https:\/\/i0.wp.com\/minutobahia24h.com.br\/wp-content\/uploads\/2024\/06\/WhatsApp-Image-2024-06-05-at-07.07.43.jpeg?resize=150%2C150&amp;ssl=1 150w, https:\/\/i0.wp.com\/minutobahia24h.com.br\/wp-content\/uploads\/2024\/06\/WhatsApp-Image-2024-06-05-at-07.07.43.jpeg?resize=768%2C768&amp;ssl=1 768w, https:\/\/i0.wp.com\/minutobahia24h.com.br\/wp-content\/uploads\/2024\/06\/WhatsApp-Image-2024-06-05-at-07.07.43.jpeg?resize=75%2C75&amp;ssl=1 75w, https:\/\/i0.wp.com\/minutobahia24h.com.br\/wp-content\/uploads\/2024\/06\/WhatsApp-Image-2024-06-05-at-07.07.43.jpeg?resize=750%2C750&amp;ssl=1 750w, https:\/\/i0.wp.com\/minutobahia24h.com.br\/wp-content\/uploads\/2024\/06\/WhatsApp-Image-2024-06-05-at-07.07.43.jpeg?w=1080&amp;ssl=1 1080w\" sizes=\"(max-width: 800px) 100vw, 800px\" \/><\/figure>\n<\/div>\n\n\n<p>\ud83d\udca0Projeto de Decreto Legislativo N\u00ba 09\/2024 de autoria do Vereador Netinho do T\u00e1xi (Republicanos), que concede o T\u00edtulo Cidad\u00e3 Bonfinense \u00e0 Marism\u00eania Ferreira Leal, Assistente Administrativo.<\/p>\n\n\n<div class=\"wp-block-image\">\n<figure class=\"aligncenter size-large\"><img data-recalc-dims=\"1\" loading=\"lazy\" decoding=\"async\" width=\"800\" height=\"800\" src=\"https:\/\/i0.wp.com\/minutobahia24h.com.br\/wp-content\/uploads\/2024\/06\/WhatsApp-Image-2024-06-05-at-07.07.49-1024x1024.jpeg?resize=800%2C800&#038;ssl=1\" alt=\"\" class=\"wp-image-13039\" srcset=\"https:\/\/i0.wp.com\/minutobahia24h.com.br\/wp-content\/uploads\/2024\/06\/WhatsApp-Image-2024-06-05-at-07.07.49.jpeg?resize=1024%2C1024&amp;ssl=1 1024w, https:\/\/i0.wp.com\/minutobahia24h.com.br\/wp-content\/uploads\/2024\/06\/WhatsApp-Image-2024-06-05-at-07.07.49.jpeg?resize=300%2C300&amp;ssl=1 300w, https:\/\/i0.wp.com\/minutobahia24h.com.br\/wp-content\/uploads\/2024\/06\/WhatsApp-Image-2024-06-05-at-07.07.49.jpeg?resize=150%2C150&amp;ssl=1 150w, https:\/\/i0.wp.com\/minutobahia24h.com.br\/wp-content\/uploads\/2024\/06\/WhatsApp-Image-2024-06-05-at-07.07.49.jpeg?resize=768%2C768&amp;ssl=1 768w, https:\/\/i0.wp.com\/minutobahia24h.com.br\/wp-content\/uploads\/2024\/06\/WhatsApp-Image-2024-06-05-at-07.07.49.jpeg?resize=75%2C75&amp;ssl=1 75w, https:\/\/i0.wp.com\/minutobahia24h.com.br\/wp-content\/uploads\/2024\/06\/WhatsApp-Image-2024-06-05-at-07.07.49.jpeg?resize=750%2C750&amp;ssl=1 750w, https:\/\/i0.wp.com\/minutobahia24h.com.br\/wp-content\/uploads\/2024\/06\/WhatsApp-Image-2024-06-05-at-07.07.49.jpeg?w=1080&amp;ssl=1 1080w\" sizes=\"(max-width: 800px) 100vw, 800px\" \/><\/figure>\n<\/div>\n\n\n<p>\ud83d\udca0Projeto de Decreto Legislativo N\u00ba 10\/2024 de autoria do Vereador Helson de Carvalho (UB), que concede o T\u00edtulo Cidad\u00e3o Bonfinense \u00e0 Aldino Lopes dos Santos, Comerciante.<\/p>\n\n\n<div class=\"wp-block-image\">\n<figure class=\"aligncenter size-large\"><img data-recalc-dims=\"1\" loading=\"lazy\" decoding=\"async\" width=\"800\" height=\"800\" src=\"https:\/\/i0.wp.com\/minutobahia24h.com.br\/wp-content\/uploads\/2024\/06\/WhatsApp-Image-2024-06-05-at-07.07.43-1-1024x1024.jpeg?resize=800%2C800&#038;ssl=1\" alt=\"\" class=\"wp-image-13040\" srcset=\"https:\/\/i0.wp.com\/minutobahia24h.com.br\/wp-content\/uploads\/2024\/06\/WhatsApp-Image-2024-06-05-at-07.07.43-1.jpeg?resize=1024%2C1024&amp;ssl=1 1024w, https:\/\/i0.wp.com\/minutobahia24h.com.br\/wp-content\/uploads\/2024\/06\/WhatsApp-Image-2024-06-05-at-07.07.43-1.jpeg?resize=300%2C300&amp;ssl=1 300w, https:\/\/i0.wp.com\/minutobahia24h.com.br\/wp-content\/uploads\/2024\/06\/WhatsApp-Image-2024-06-05-at-07.07.43-1.jpeg?resize=150%2C150&amp;ssl=1 150w, https:\/\/i0.wp.com\/minutobahia24h.com.br\/wp-content\/uploads\/2024\/06\/WhatsApp-Image-2024-06-05-at-07.07.43-1.jpeg?resize=768%2C768&amp;ssl=1 768w, https:\/\/i0.wp.com\/minutobahia24h.com.br\/wp-content\/uploads\/2024\/06\/WhatsApp-Image-2024-06-05-at-07.07.43-1.jpeg?resize=75%2C75&amp;ssl=1 75w, https:\/\/i0.wp.com\/minutobahia24h.com.br\/wp-content\/uploads\/2024\/06\/WhatsApp-Image-2024-06-05-at-07.07.43-1.jpeg?resize=750%2C750&amp;ssl=1 750w, https:\/\/i0.wp.com\/minutobahia24h.com.br\/wp-content\/uploads\/2024\/06\/WhatsApp-Image-2024-06-05-at-07.07.43-1.jpeg?w=1080&amp;ssl=1 1080w\" sizes=\"(max-width: 800px) 100vw, 800px\" \/><\/figure>\n<\/div>\n\n\n<p>\ud83d\udca0Projeto de Decreto Legislativo N\u00ba 11\/2024 de autoria do Vereador Herm\u00f3genes Almeida (PT), que concede o T\u00edtulo Cidad\u00e3o Bonfinense \u00e0 Yon Leite Fontes, Assessor de Pol\u00edticas P\u00fablicas do Pr\u00f3 Semi\u00e1rido.<\/p>\n\n\n<div class=\"wp-block-image\">\n<figure class=\"aligncenter size-large\"><img data-recalc-dims=\"1\" loading=\"lazy\" decoding=\"async\" width=\"800\" height=\"800\" src=\"https:\/\/i0.wp.com\/minutobahia24h.com.br\/wp-content\/uploads\/2024\/06\/WhatsApp-Image-2024-06-05-at-07.07.51-1024x1024.jpeg?resize=800%2C800&#038;ssl=1\" alt=\"\" class=\"wp-image-13041\" srcset=\"https:\/\/i0.wp.com\/minutobahia24h.com.br\/wp-content\/uploads\/2024\/06\/WhatsApp-Image-2024-06-05-at-07.07.51.jpeg?resize=1024%2C1024&amp;ssl=1 1024w, https:\/\/i0.wp.com\/minutobahia24h.com.br\/wp-content\/uploads\/2024\/06\/WhatsApp-Image-2024-06-05-at-07.07.51.jpeg?resize=300%2C300&amp;ssl=1 300w, https:\/\/i0.wp.com\/minutobahia24h.com.br\/wp-content\/uploads\/2024\/06\/WhatsApp-Image-2024-06-05-at-07.07.51.jpeg?resize=150%2C150&amp;ssl=1 150w, https:\/\/i0.wp.com\/minutobahia24h.com.br\/wp-content\/uploads\/2024\/06\/WhatsApp-Image-2024-06-05-at-07.07.51.jpeg?resize=768%2C768&amp;ssl=1 768w, https:\/\/i0.wp.com\/minutobahia24h.com.br\/wp-content\/uploads\/2024\/06\/WhatsApp-Image-2024-06-05-at-07.07.51.jpeg?resize=75%2C75&amp;ssl=1 75w, https:\/\/i0.wp.com\/minutobahia24h.com.br\/wp-content\/uploads\/2024\/06\/WhatsApp-Image-2024-06-05-at-07.07.51.jpeg?resize=750%2C750&amp;ssl=1 750w, https:\/\/i0.wp.com\/minutobahia24h.com.br\/wp-content\/uploads\/2024\/06\/WhatsApp-Image-2024-06-05-at-07.07.51.jpeg?w=1080&amp;ssl=1 1080w\" sizes=\"(max-width: 800px) 100vw, 800px\" \/><\/figure>\n<\/div>\n\n\n<p>\ud83d\udca0Projeto de Decreto Legislativo N\u00ba 12\/2024 de autoria do Vereador Biro Biro (Republicanos), que concede o T\u00edtulo Cidad\u00e3o Bonfinense \u00e0 Raimundo Farias de Deus, Corretor de im\u00f3veis e comerciante.<\/p>\n\n\n<div class=\"wp-block-image\">\n<figure class=\"aligncenter size-large\"><img data-recalc-dims=\"1\" loading=\"lazy\" decoding=\"async\" width=\"800\" height=\"800\" src=\"https:\/\/i0.wp.com\/minutobahia24h.com.br\/wp-content\/uploads\/2024\/06\/WhatsApp-Image-2024-06-05-at-07.07.50-1024x1024.jpeg?resize=800%2C800&#038;ssl=1\" alt=\"\" class=\"wp-image-13042\" srcset=\"https:\/\/i0.wp.com\/minutobahia24h.com.br\/wp-content\/uploads\/2024\/06\/WhatsApp-Image-2024-06-05-at-07.07.50.jpeg?resize=1024%2C1024&amp;ssl=1 1024w, https:\/\/i0.wp.com\/minutobahia24h.com.br\/wp-content\/uploads\/2024\/06\/WhatsApp-Image-2024-06-05-at-07.07.50.jpeg?resize=300%2C300&amp;ssl=1 300w, https:\/\/i0.wp.com\/minutobahia24h.com.br\/wp-content\/uploads\/2024\/06\/WhatsApp-Image-2024-06-05-at-07.07.50.jpeg?resize=150%2C150&amp;ssl=1 150w, https:\/\/i0.wp.com\/minutobahia24h.com.br\/wp-content\/uploads\/2024\/06\/WhatsApp-Image-2024-06-05-at-07.07.50.jpeg?resize=768%2C768&amp;ssl=1 768w, https:\/\/i0.wp.com\/minutobahia24h.com.br\/wp-content\/uploads\/2024\/06\/WhatsApp-Image-2024-06-05-at-07.07.50.jpeg?resize=75%2C75&amp;ssl=1 75w, https:\/\/i0.wp.com\/minutobahia24h.com.br\/wp-content\/uploads\/2024\/06\/WhatsApp-Image-2024-06-05-at-07.07.50.jpeg?resize=750%2C750&amp;ssl=1 750w, https:\/\/i0.wp.com\/minutobahia24h.com.br\/wp-content\/uploads\/2024\/06\/WhatsApp-Image-2024-06-05-at-07.07.50.jpeg?w=1080&amp;ssl=1 1080w\" sizes=\"(max-width: 800px) 100vw, 800px\" \/><\/figure>\n<\/div>\n\n\n<p>\ud83d\udca0Projeto de Decreto Legislativo N\u00ba 13\/2024 de autoria do Vereador Cleiton Vieira (Solidariedade), que concede o T\u00edtulo Cidad\u00e3 Bonfinense \u00e0 Ana Claudia N. Melo Caldas, Enfermeira.<\/p>\n\n\n<div class=\"wp-block-image\">\n<figure class=\"aligncenter size-large\"><img data-recalc-dims=\"1\" loading=\"lazy\" decoding=\"async\" width=\"800\" height=\"800\" src=\"https:\/\/i0.wp.com\/minutobahia24h.com.br\/wp-content\/uploads\/2024\/06\/WhatsApp-Image-2024-06-05-at-07.07.44-1024x1024.jpeg?resize=800%2C800&#038;ssl=1\" alt=\"\" class=\"wp-image-13043\" srcset=\"https:\/\/i0.wp.com\/minutobahia24h.com.br\/wp-content\/uploads\/2024\/06\/WhatsApp-Image-2024-06-05-at-07.07.44.jpeg?resize=1024%2C1024&amp;ssl=1 1024w, https:\/\/i0.wp.com\/minutobahia24h.com.br\/wp-content\/uploads\/2024\/06\/WhatsApp-Image-2024-06-05-at-07.07.44.jpeg?resize=300%2C300&amp;ssl=1 300w, https:\/\/i0.wp.com\/minutobahia24h.com.br\/wp-content\/uploads\/2024\/06\/WhatsApp-Image-2024-06-05-at-07.07.44.jpeg?resize=150%2C150&amp;ssl=1 150w, https:\/\/i0.wp.com\/minutobahia24h.com.br\/wp-content\/uploads\/2024\/06\/WhatsApp-Image-2024-06-05-at-07.07.44.jpeg?resize=768%2C768&amp;ssl=1 768w, https:\/\/i0.wp.com\/minutobahia24h.com.br\/wp-content\/uploads\/2024\/06\/WhatsApp-Image-2024-06-05-at-07.07.44.jpeg?resize=75%2C75&amp;ssl=1 75w, https:\/\/i0.wp.com\/minutobahia24h.com.br\/wp-content\/uploads\/2024\/06\/WhatsApp-Image-2024-06-05-at-07.07.44.jpeg?resize=750%2C750&amp;ssl=1 750w, https:\/\/i0.wp.com\/minutobahia24h.com.br\/wp-content\/uploads\/2024\/06\/WhatsApp-Image-2024-06-05-at-07.07.44.jpeg?w=1080&amp;ssl=1 1080w\" sizes=\"(max-width: 800px) 100vw, 800px\" \/><\/figure>\n<\/div>\n\n\n<p>\ud83d\udca0Projeto de Decreto Legislativo N\u00ba 14\/2024 de autoria do Vereador Gilsinho do Ernesto (PL), que concede o T\u00edtulo Cidad\u00e3 Bonfinense \u00e0 Ediv\u00e2nia Gaud\u00eancio de Araujo, Professora.<\/p>\n\n\n<div class=\"wp-block-image\">\n<figure class=\"aligncenter size-large\"><img data-recalc-dims=\"1\" loading=\"lazy\" decoding=\"async\" width=\"800\" height=\"800\" src=\"https:\/\/i0.wp.com\/minutobahia24h.com.br\/wp-content\/uploads\/2024\/06\/WhatsApp-Image-2024-06-05-at-07.07.46-1024x1024.jpeg?resize=800%2C800&#038;ssl=1\" alt=\"\" class=\"wp-image-13044\" srcset=\"https:\/\/i0.wp.com\/minutobahia24h.com.br\/wp-content\/uploads\/2024\/06\/WhatsApp-Image-2024-06-05-at-07.07.46.jpeg?resize=1024%2C1024&amp;ssl=1 1024w, https:\/\/i0.wp.com\/minutobahia24h.com.br\/wp-content\/uploads\/2024\/06\/WhatsApp-Image-2024-06-05-at-07.07.46.jpeg?resize=300%2C300&amp;ssl=1 300w, https:\/\/i0.wp.com\/minutobahia24h.com.br\/wp-content\/uploads\/2024\/06\/WhatsApp-Image-2024-06-05-at-07.07.46.jpeg?resize=150%2C150&amp;ssl=1 150w, https:\/\/i0.wp.com\/minutobahia24h.com.br\/wp-content\/uploads\/2024\/06\/WhatsApp-Image-2024-06-05-at-07.07.46.jpeg?resize=768%2C768&amp;ssl=1 768w, https:\/\/i0.wp.com\/minutobahia24h.com.br\/wp-content\/uploads\/2024\/06\/WhatsApp-Image-2024-06-05-at-07.07.46.jpeg?resize=75%2C75&amp;ssl=1 75w, https:\/\/i0.wp.com\/minutobahia24h.com.br\/wp-content\/uploads\/2024\/06\/WhatsApp-Image-2024-06-05-at-07.07.46.jpeg?resize=750%2C750&amp;ssl=1 750w, https:\/\/i0.wp.com\/minutobahia24h.com.br\/wp-content\/uploads\/2024\/06\/WhatsApp-Image-2024-06-05-at-07.07.46.jpeg?w=1080&amp;ssl=1 1080w\" sizes=\"(max-width: 800px) 100vw, 800px\" \/><\/figure>\n<\/div>\n\n\n<p>\ud83d\udca0Projeto de Decreto Legislativo N\u00ba 15\/2024 subscrito por todos os vereadores, que concede o T\u00edtulo Cidad\u00e3o Bonfinense \u00e0 Osvaldo Moura Costa J\u00fanior, Subtenente da Policia Militar.<\/p>\n\n\n<div class=\"wp-block-image\">\n<figure class=\"aligncenter size-large\"><img data-recalc-dims=\"1\" loading=\"lazy\" decoding=\"async\" width=\"800\" height=\"800\" src=\"https:\/\/i0.wp.com\/minutobahia24h.com.br\/wp-content\/uploads\/2024\/06\/WhatsApp-Image-2024-06-05-at-07.07.49-1-1024x1024.jpeg?resize=800%2C800&#038;ssl=1\" alt=\"\" class=\"wp-image-13045\" srcset=\"https:\/\/i0.wp.com\/minutobahia24h.com.br\/wp-content\/uploads\/2024\/06\/WhatsApp-Image-2024-06-05-at-07.07.49-1.jpeg?resize=1024%2C1024&amp;ssl=1 1024w, https:\/\/i0.wp.com\/minutobahia24h.com.br\/wp-content\/uploads\/2024\/06\/WhatsApp-Image-2024-06-05-at-07.07.49-1.jpeg?resize=300%2C300&amp;ssl=1 300w, https:\/\/i0.wp.com\/minutobahia24h.com.br\/wp-content\/uploads\/2024\/06\/WhatsApp-Image-2024-06-05-at-07.07.49-1.jpeg?resize=150%2C150&amp;ssl=1 150w, https:\/\/i0.wp.com\/minutobahia24h.com.br\/wp-content\/uploads\/2024\/06\/WhatsApp-Image-2024-06-05-at-07.07.49-1.jpeg?resize=768%2C768&amp;ssl=1 768w, https:\/\/i0.wp.com\/minutobahia24h.com.br\/wp-content\/uploads\/2024\/06\/WhatsApp-Image-2024-06-05-at-07.07.49-1.jpeg?resize=75%2C75&amp;ssl=1 75w, https:\/\/i0.wp.com\/minutobahia24h.com.br\/wp-content\/uploads\/2024\/06\/WhatsApp-Image-2024-06-05-at-07.07.49-1.jpeg?resize=750%2C750&amp;ssl=1 750w, https:\/\/i0.wp.com\/minutobahia24h.com.br\/wp-content\/uploads\/2024\/06\/WhatsApp-Image-2024-06-05-at-07.07.49-1.jpeg?w=1080&amp;ssl=1 1080w\" sizes=\"(max-width: 800px) 100vw, 800px\" \/><\/figure>\n<\/div>\n\n\n<p>\ud83d\udca0Projeto de Decreto Legislativo N\u00ba 16\/2023 de autoria do Vereador R\u00ea do Sindicato (PT), que concede o T\u00edtulo Cidad\u00e3 Bonfinense \u00e0 Maria Em\u00edlia Micol, Enfermeira.<\/p>\n\n\n\n<figure class=\"wp-block-image size-large\"><img data-recalc-dims=\"1\" loading=\"lazy\" decoding=\"async\" width=\"800\" height=\"800\" src=\"https:\/\/i0.wp.com\/minutobahia24h.com.br\/wp-content\/uploads\/2024\/06\/WhatsApp-Image-2024-06-05-at-07.07.48-1-1024x1024.jpeg?resize=800%2C800&#038;ssl=1\" alt=\"\" class=\"wp-image-13046\" srcset=\"https:\/\/i0.wp.com\/minutobahia24h.com.br\/wp-content\/uploads\/2024\/06\/WhatsApp-Image-2024-06-05-at-07.07.48-1.jpeg?resize=1024%2C1024&amp;ssl=1 1024w, https:\/\/i0.wp.com\/minutobahia24h.com.br\/wp-content\/uploads\/2024\/06\/WhatsApp-Image-2024-06-05-at-07.07.48-1.jpeg?resize=300%2C300&amp;ssl=1 300w, https:\/\/i0.wp.com\/minutobahia24h.com.br\/wp-content\/uploads\/2024\/06\/WhatsApp-Image-2024-06-05-at-07.07.48-1.jpeg?resize=150%2C150&amp;ssl=1 150w, https:\/\/i0.wp.com\/minutobahia24h.com.br\/wp-content\/uploads\/2024\/06\/WhatsApp-Image-2024-06-05-at-07.07.48-1.jpeg?resize=768%2C768&amp;ssl=1 768w, https:\/\/i0.wp.com\/minutobahia24h.com.br\/wp-content\/uploads\/2024\/06\/WhatsApp-Image-2024-06-05-at-07.07.48-1.jpeg?resize=75%2C75&amp;ssl=1 75w, https:\/\/i0.wp.com\/minutobahia24h.com.br\/wp-content\/uploads\/2024\/06\/WhatsApp-Image-2024-06-05-at-07.07.48-1.jpeg?resize=750%2C750&amp;ssl=1 750w, https:\/\/i0.wp.com\/minutobahia24h.com.br\/wp-content\/uploads\/2024\/06\/WhatsApp-Image-2024-06-05-at-07.07.48-1.jpeg?w=1080&amp;ssl=1 1080w\" sizes=\"(max-width: 800px) 100vw, 800px\" \/><\/figure>\n\n\n\n<p>\ud83d\udfe2 ASCOM \u2013 CMSB \u2013 \u201cO FUTURO DO NOSSO MUNIC\u00cdPIO PASSA POR AQUI. \u201d<\/p>\n","protected":false},"excerpt":{"rendered":"<p>\ud83d\udca0Projeto de Decreto Legislativo N\u00ba 01\/2024 de autoria do Vereador Reinaldo Jos\u00e9 (PP), que concede o T\u00edtulo Cidad\u00e3 Bonfinense \u00e0 Maisa Borges da Silva Santos, Professora. \ud83d\udca0Projeto de Decreto Legislativo N\u00ba 02\/2024 de autoria da Vereadora Socorro do Pel\u00e9 (PP), que concede o T\u00edtulo Cidad\u00e3 Bonfinense \u00e0 Irene Elias de Vasconcelos, Aposentada. \ud83d\udca0Projeto de Decreto [&hellip;]<\/p>\n","protected":false},"author":2,"featured_media":13030,"comment_status":"open","ping_status":"open","sticky":false,"template":"","format":"standard","meta":{"_jetpack_memberships_contains_paid_content":false,"footnotes":""},"categories":[17],"tags":[],"class_list":["post-13029","post","type-post","status-publish","format-standard","has-post-thumbnail","hentry","category-senhor-do-bonfim"],"aioseo_notices":[],"jetpack_featured_media_url":"https:\/\/i0.wp.com\/minutobahia24h.com.br\/wp-content\/uploads\/2024\/06\/br-13.jpg?fit=1024%2C1024&ssl=1","jetpack_sharing_enabled":true,"_links":{"self":[{"href":"https:\/\/minutobahia24h.com.br\/index.php?rest_route=\/wp\/v2\/posts\/13029","targetHints":{"allow":["GET"]}}],"collection":[{"href":"https:\/\/minutobahia24h.com.br\/index.php?rest_route=\/wp\/v2\/posts"}],"about":[{"href":"https:\/\/minutobahia24h.com.br\/index.php?rest_route=\/wp\/v2\/types\/post"}],"author":[{"embeddable":true,"href":"https:\/\/minutobahia24h.com.br\/index.php?rest_route=\/wp\/v2\/users\/2"}],"replies":[{"embeddable":true,"href":"https:\/\/minutobahia24h.com.br\/index.php?rest_route=%2Fwp%2Fv2%2Fcomments&post=13029"}],"version-history":[{"count":1,"href":"https:\/\/minutobahia24h.com.br\/index.php?rest_route=\/wp\/v2\/posts\/13029\/revisions"}],"predecessor-version":[{"id":13047,"href":"https:\/\/minutobahia24h.com.br\/index.php?rest_route=\/wp\/v2\/posts\/13029\/revisions\/13047"}],"wp:featuredmedia":[{"embeddable":true,"href":"https:\/\/minutobahia24h.com.br\/index.php?rest_route=\/wp\/v2\/media\/13030"}],"wp:attachment":[{"href":"https:\/\/minutobahia24h.com.br\/index.php?rest_route=%2Fwp%2Fv2%2Fmedia&parent=13029"}],"wp:term":[{"taxonomy":"category","embeddable":true,"href":"https:\/\/minutobahia24h.com.br\/index.php?rest_route=%2Fwp%2Fv2%2Fcategories&post=13029"},{"taxonomy":"post_tag","embeddable":true,"href":"https:\/\/minutobahia24h.com.br\/index.php?rest_route=%2Fwp%2Fv2%2Ftags&post=13029"}],"curies":[{"name":"wp","href":"https:\/\/api.w.org\/{rel}","templated":true}]}}