{"id":13017,"date":"2024-06-05T07:22:55","date_gmt":"2024-06-05T10:22:55","guid":{"rendered":"https:\/\/minutobahia24h.com.br\/?p=13017"},"modified":"2024-06-05T07:22:56","modified_gmt":"2024-06-05T10:22:56","slug":"operacao-atinge-principal-lider-de-faccao-criminosa-da-regiao-metropolitana","status":"publish","type":"post","link":"https:\/\/minutobahia24h.com.br\/?p=13017","title":{"rendered":"Opera\u00e7\u00e3o atinge principal l\u00edder de fac\u00e7\u00e3o criminosa da Regi\u00e3o Metropolitana"},"content":{"rendered":"<div class=\"wp-block-image\">\n<figure class=\"aligncenter size-full\"><img data-recalc-dims=\"1\" fetchpriority=\"high\" decoding=\"async\" width=\"601\" height=\"414\" src=\"https:\/\/i0.wp.com\/minutobahia24h.com.br\/wp-content\/uploads\/2024\/06\/br-9.jpg?resize=601%2C414&#038;ssl=1\" alt=\"\" class=\"wp-image-13018\" srcset=\"https:\/\/i0.wp.com\/minutobahia24h.com.br\/wp-content\/uploads\/2024\/06\/br-9.jpg?w=601&amp;ssl=1 601w, https:\/\/i0.wp.com\/minutobahia24h.com.br\/wp-content\/uploads\/2024\/06\/br-9.jpg?resize=300%2C207&amp;ssl=1 300w\" sizes=\"(max-width: 601px) 100vw, 601px\" \/><figcaption class=\"wp-element-caption\">Foto: MP\/BA\/assessoria<br><\/figcaption><\/figure>\n<\/div>\n\n\n<p>A \u201cOpera\u00e7\u00e3o Torre\u201d foi deflagrada pelo Minist\u00e9rio P\u00fablico da Bahia nesta ter\u00e7a-feira (4). Buscas foram realizadas em oito celas do Conjunto Penal Masculino em Salvador. As a\u00e7\u00f5es investigam um dos principais l\u00edderes do tr\u00e1fico de drogas que atua na Regi\u00e3o Metropolitana de Salvador e teve o objetivo de desarticular o esquema de comunica\u00e7\u00e3o e o plano de expans\u00e3o da organiza\u00e7\u00e3o criminosa dentro do sistema penitenci\u00e1rio.<\/p>\n\n\n\n<p>O investigado estaria se comunicando por aparelho celular com internos de outras unidades, apesar de preso no conjunto penal. Um celular foi apreendido na cela dele.\u00a0 De acordo com investiga\u00e7\u00f5es do Gaeco, a organiza\u00e7\u00e3o criminosa liderada pelo investigado atua na explora\u00e7\u00e3o do tr\u00e1fico interestadual de drogas e armas, lavagem e oculta\u00e7\u00e3o de bens adquiridos nas a\u00e7\u00f5es delitivas e na pr\u00e1tica de homic\u00eddios na RMS.<\/p>\n\n\n\n<p>A opera\u00e7\u00e3o foi realizada pelo Grupo de Atua\u00e7\u00e3o Especial de Combate \u00e0s Organiza\u00e7\u00f5es Criminosas\u00a0 (Gaeco) do MP baiano; com apoio da Secretaria de Administra\u00e7\u00e3o Penitenci\u00e1ria e Ressocializa\u00e7\u00e3o (Seap), por meio do Grupo de Seguran\u00e7a Institucional (GSI) e do Grupamento Especializado em Opera\u00e7\u00f5es Prisionais (Geop); do Grupo de Atua\u00e7\u00e3o Especial de Execu\u00e7\u00e3o Penal (Gaep) do MP e da dire\u00e7\u00e3o do Conjunto Penal Masculino.<\/p>\n\n\n\n<p>Bahia.ba<\/p>\n","protected":false},"excerpt":{"rendered":"<p>A \u201cOpera\u00e7\u00e3o Torre\u201d foi deflagrada pelo Minist\u00e9rio P\u00fablico da Bahia nesta ter\u00e7a-feira (4). Buscas foram realizadas em oito celas do Conjunto Penal Masculino em Salvador. As a\u00e7\u00f5es investigam um dos principais l\u00edderes do tr\u00e1fico de drogas que atua na Regi\u00e3o Metropolitana de Salvador e teve o objetivo de desarticular o esquema de comunica\u00e7\u00e3o e o [&hellip;]<\/p>\n","protected":false},"author":2,"featured_media":13018,"comment_status":"open","ping_status":"open","sticky":false,"template":"","format":"standard","meta":{"_jetpack_memberships_contains_paid_content":false,"footnotes":""},"categories":[3],"tags":[],"class_list":["post-13017","post","type-post","status-publish","format-standard","has-post-thumbnail","hentry","category-regional"],"aioseo_notices":[],"jetpack_featured_media_url":"https:\/\/i0.wp.com\/minutobahia24h.com.br\/wp-content\/uploads\/2024\/06\/br-9.jpg?fit=601%2C414&ssl=1","jetpack_sharing_enabled":true,"_links":{"self":[{"href":"https:\/\/minutobahia24h.com.br\/index.php?rest_route=\/wp\/v2\/posts\/13017","targetHints":{"allow":["GET"]}}],"collection":[{"href":"https:\/\/minutobahia24h.com.br\/index.php?rest_route=\/wp\/v2\/posts"}],"about":[{"href":"https:\/\/minutobahia24h.com.br\/index.php?rest_route=\/wp\/v2\/types\/post"}],"author":[{"embeddable":true,"href":"https:\/\/minutobahia24h.com.br\/index.php?rest_route=\/wp\/v2\/users\/2"}],"replies":[{"embeddable":true,"href":"https:\/\/minutobahia24h.com.br\/index.php?rest_route=%2Fwp%2Fv2%2Fcomments&post=13017"}],"version-history":[{"count":1,"href":"https:\/\/minutobahia24h.com.br\/index.php?rest_route=\/wp\/v2\/posts\/13017\/revisions"}],"predecessor-version":[{"id":13019,"href":"https:\/\/minutobahia24h.com.br\/index.php?rest_route=\/wp\/v2\/posts\/13017\/revisions\/13019"}],"wp:featuredmedia":[{"embeddable":true,"href":"https:\/\/minutobahia24h.com.br\/index.php?rest_route=\/wp\/v2\/media\/13018"}],"wp:attachment":[{"href":"https:\/\/minutobahia24h.com.br\/index.php?rest_route=%2Fwp%2Fv2%2Fmedia&parent=13017"}],"wp:term":[{"taxonomy":"category","embeddable":true,"href":"https:\/\/minutobahia24h.com.br\/index.php?rest_route=%2Fwp%2Fv2%2Fcategories&post=13017"},{"taxonomy":"post_tag","embeddable":true,"href":"https:\/\/minutobahia24h.com.br\/index.php?rest_route=%2Fwp%2Fv2%2Ftags&post=13017"}],"curies":[{"name":"wp","href":"https:\/\/api.w.org\/{rel}","templated":true}]}}