{"id":1295,"date":"2023-09-27T07:02:22","date_gmt":"2023-09-27T10:02:22","guid":{"rendered":"https:\/\/minutobahia24h.com.br\/?p=1295"},"modified":"2023-09-27T07:02:23","modified_gmt":"2023-09-27T10:02:23","slug":"presidentes-de-partidos-jogam-a-toalha-da-minirreforma-eleitoral-diz-coluna","status":"publish","type":"post","link":"https:\/\/minutobahia24h.com.br\/?p=1295","title":{"rendered":"Presidentes de partidos jogam a toalha da minirreforma eleitoral, diz coluna"},"content":{"rendered":"<div class=\"wp-block-image\">\n<figure class=\"aligncenter size-full\"><img data-recalc-dims=\"1\" fetchpriority=\"high\" decoding=\"async\" width=\"600\" height=\"420\" src=\"https:\/\/i0.wp.com\/minutobahia24h.com.br\/wp-content\/uploads\/2023\/09\/img20230822201525885.jpg?resize=600%2C420&#038;ssl=1\" alt=\"\" class=\"wp-image-1297\" srcset=\"https:\/\/i0.wp.com\/minutobahia24h.com.br\/wp-content\/uploads\/2023\/09\/img20230822201525885.jpg?w=600&amp;ssl=1 600w, https:\/\/i0.wp.com\/minutobahia24h.com.br\/wp-content\/uploads\/2023\/09\/img20230822201525885.jpg?resize=300%2C210&amp;ssl=1 300w\" sizes=\"(max-width: 600px) 100vw, 600px\" \/><figcaption class=\"wp-element-caption\">Foto: Zeca Ribeiro\/C\u00e2mara dos Deputados<\/figcaption><\/figure>\n<\/div>\n\n\n<p>De acordo com a coluna de Igor Gadelha do Metr\u00f3poles, os presidentes de partidos e lideran\u00e7as do Congresso Nacional j\u00e1 admitem que a proposta minirreforma eleitoral aprovada pela C\u00e2mara n\u00e3o ser\u00e1 votada no Senado a tempo de valer para as elei\u00e7\u00f5es municipais de 2024.\u00a0A coluna aponta que o motivo, dizem, foi a decis\u00e3o do presidente do Senado, Rodrigo Pacheco (PSD-MG), de colocar a minirreforma para tramitar junto ao projeto do novo c\u00f3digo eleitoral, proposta com quase mil artigos.<\/p>\n\n\n\n<p>Ainda segundo o Metr\u00f3poles, a descren\u00e7a em rela\u00e7\u00e3o \u00e0 aprova\u00e7\u00e3o da minirreforma para 2024 foi exposta nos \u00faltimos dias por nomes como o vice-presidente da C\u00e2mara e presidente do Republicanos, deputado Marcos Pereira (SP).&nbsp;Em participa\u00e7\u00e3o no programa Roda Viva, da TV Cultura, Pereira admitiu ser \u201cpouco prov\u00e1vel\u201d que a vota\u00e7\u00e3o da minirreforma no Senado aconte\u00e7a antes de 6 de outubro, para valer a tempo da elei\u00e7\u00e3o do pr\u00f3ximo ano.<\/p>\n\n\n\n<p>A presidente nacional do Podemos, deputada federal Renata Abreu (SP) afirmou \u00e0 coluna que n\u00e3o dar\u00e1 tempo de as regras serem votadas pelos senadores a tempo do pleito do pr\u00f3ximo ano.\u00a0A Constitui\u00e7\u00e3o Federal determina que qualquer mudan\u00e7a de regra eleitoral precisa ser aprovada pelo Congresso Nacional at\u00e9 1 ano antes das pr\u00f3ximas elei\u00e7\u00f5es, no chamado \u201cprinc\u00edpio da anualidade eleitoral\u201d.<\/p>\n\n\n\n<p>Bahia.ba<\/p>\n","protected":false},"excerpt":{"rendered":"<p>De acordo com a coluna de Igor Gadelha do Metr\u00f3poles, os presidentes de partidos e lideran\u00e7as do Congresso Nacional j\u00e1 admitem que a proposta minirreforma eleitoral aprovada pela C\u00e2mara n\u00e3o ser\u00e1 votada no Senado a tempo de valer para as elei\u00e7\u00f5es municipais de 2024.\u00a0A coluna aponta que o motivo, dizem, foi a decis\u00e3o do presidente [&hellip;]<\/p>\n","protected":false},"author":2,"featured_media":1297,"comment_status":"open","ping_status":"open","sticky":false,"template":"","format":"standard","meta":{"_jetpack_memberships_contains_paid_content":false,"footnotes":""},"categories":[39],"tags":[],"class_list":["post-1295","post","type-post","status-publish","format-standard","has-post-thumbnail","hentry","category-politica"],"aioseo_notices":[],"jetpack_featured_media_url":"https:\/\/i0.wp.com\/minutobahia24h.com.br\/wp-content\/uploads\/2023\/09\/img20230822201525885.jpg?fit=600%2C420&ssl=1","jetpack_sharing_enabled":true,"_links":{"self":[{"href":"https:\/\/minutobahia24h.com.br\/index.php?rest_route=\/wp\/v2\/posts\/1295","targetHints":{"allow":["GET"]}}],"collection":[{"href":"https:\/\/minutobahia24h.com.br\/index.php?rest_route=\/wp\/v2\/posts"}],"about":[{"href":"https:\/\/minutobahia24h.com.br\/index.php?rest_route=\/wp\/v2\/types\/post"}],"author":[{"embeddable":true,"href":"https:\/\/minutobahia24h.com.br\/index.php?rest_route=\/wp\/v2\/users\/2"}],"replies":[{"embeddable":true,"href":"https:\/\/minutobahia24h.com.br\/index.php?rest_route=%2Fwp%2Fv2%2Fcomments&post=1295"}],"version-history":[{"count":1,"href":"https:\/\/minutobahia24h.com.br\/index.php?rest_route=\/wp\/v2\/posts\/1295\/revisions"}],"predecessor-version":[{"id":1298,"href":"https:\/\/minutobahia24h.com.br\/index.php?rest_route=\/wp\/v2\/posts\/1295\/revisions\/1298"}],"wp:featuredmedia":[{"embeddable":true,"href":"https:\/\/minutobahia24h.com.br\/index.php?rest_route=\/wp\/v2\/media\/1297"}],"wp:attachment":[{"href":"https:\/\/minutobahia24h.com.br\/index.php?rest_route=%2Fwp%2Fv2%2Fmedia&parent=1295"}],"wp:term":[{"taxonomy":"category","embeddable":true,"href":"https:\/\/minutobahia24h.com.br\/index.php?rest_route=%2Fwp%2Fv2%2Fcategories&post=1295"},{"taxonomy":"post_tag","embeddable":true,"href":"https:\/\/minutobahia24h.com.br\/index.php?rest_route=%2Fwp%2Fv2%2Ftags&post=1295"}],"curies":[{"name":"wp","href":"https:\/\/api.w.org\/{rel}","templated":true}]}}