{"id":1291,"date":"2023-09-26T15:09:47","date_gmt":"2023-09-26T18:09:47","guid":{"rendered":"https:\/\/minutobahia24h.com.br\/?p=1291"},"modified":"2023-09-26T15:09:49","modified_gmt":"2023-09-26T18:09:49","slug":"acao-de-combate-a-automutilacao-a-depressao-e-ao-suicidio-e-realizada-nos-espacos-da-assembleia-legislativa-da-bahia","status":"publish","type":"post","link":"https:\/\/minutobahia24h.com.br\/?p=1291","title":{"rendered":"A\u00e7\u00e3o de combate \u00e0 automutila\u00e7\u00e3o, \u00e0 depress\u00e3o e ao suic\u00eddio \u00e9 realizada nos espa\u00e7os da Assembleia Legislativa da Bahia"},"content":{"rendered":"<div class=\"wp-block-image\">\n<figure class=\"aligncenter size-full\"><img data-recalc-dims=\"1\" fetchpriority=\"high\" decoding=\"async\" width=\"696\" height=\"471\" src=\"https:\/\/i0.wp.com\/minutobahia24h.com.br\/wp-content\/uploads\/2023\/09\/Polish_20230925_174037497-696x471-1.jpg?resize=696%2C471&#038;ssl=1\" alt=\"\" class=\"wp-image-1293\" srcset=\"https:\/\/i0.wp.com\/minutobahia24h.com.br\/wp-content\/uploads\/2023\/09\/Polish_20230925_174037497-696x471-1.jpg?w=696&amp;ssl=1 696w, https:\/\/i0.wp.com\/minutobahia24h.com.br\/wp-content\/uploads\/2023\/09\/Polish_20230925_174037497-696x471-1.jpg?resize=300%2C203&amp;ssl=1 300w\" sizes=\"(max-width: 696px) 100vw, 696px\" \/><\/figure>\n<\/div>\n\n\n<p>Os espa\u00e7os da Assembleia Legislativa da Bahia recebem nesta semana, de 25 a 29\/09, o stand da Campanha \u201cBasta!\u201d, de combate \u00e0 automutila\u00e7\u00e3o, \u00e0 depress\u00e3o e ao suic\u00eddio, idealizada pelo deputado estadual Jurailton Santos (Republicanos). Lan\u00e7ada na capital baiana em julho de 2019, a campanha est\u00e1 em seu quinto ano, e ganha for\u00e7as \u00e0 medida que alcan\u00e7a os diversos setores da sociedade.<\/p>\n\n\n\n<p>Um stand foi montado no local, onde os atendimentos iniciam como forma de ajudar a quem precisa urgentemente de socorro. Al\u00e9m disso, a\u00e7\u00f5es complementares foram executadas, a exemplo do quadro da motiva\u00e7\u00e3o e da entrega de informativos, que visam chamar a aten\u00e7\u00e3o da sociedade em geral para os crescentes n\u00fameros da depress\u00e3o, da automutila\u00e7\u00e3o e do suic\u00eddio.<\/p>\n\n\n\n<p>Jurailton Santos explica que idealizou a campanha por se preocupar com o assunto, que apesar da gravidade, infelizmente \u00e9 tratado de forma velada. \u201cQuando iniciamos os trabalhos, sab\u00edamos da necessidade de sinalizar e debater a respeito desses dist\u00farbios psicol\u00f3gicos. A inten\u00e7\u00e3o \u00e9 provocar o p\u00fablico e estimular a reflex\u00e3o, at\u00e9 porque os n\u00fameros s\u00e3o assustadores. \u00c9 uma quest\u00e3o delicada, sim, mas n\u00e3o podemos nos calar. Vivenciar esse crescimento refor\u00e7a a minha responsabilidade para alertar, enquanto homem p\u00fablico, mas tamb\u00e9m de desenvolver pol\u00edticas que contribuam no combate a esses males. N\u00e3o vamos parar!\u201d, refor\u00e7a o republicano.<\/p>\n\n\n\n<p>M\u00faltiplas atividades foram realizadas em Salvador e na regi\u00e3o metropolitana, a exemplos de Candeias, Dias d\u2019\u00c1vila, Sim\u00f5es Filho e Cama\u00e7ari, chegando tamb\u00e9m nas cidades de Nazar\u00e9 das Farinhas, Catu, Senhor do Bonfim, Vera Cruz, Itaparica e Salinas da Margarida, e at\u00e9 mesmo em outros estados, como Sergipe, Pernambuco e Amazonas.<\/p>\n\n\n\n<p>Cerca de 50 mil pessoas j\u00e1 foram alcan\u00e7adas, e nos lugares onde a campanha chega, o resultado vem sendo positivo, conforme os crescentes relatos que comprovam sua aceita\u00e7\u00e3o.<\/p>\n","protected":false},"excerpt":{"rendered":"<p>Os espa\u00e7os da Assembleia Legislativa da Bahia recebem nesta semana, de 25 a 29\/09, o stand da Campanha \u201cBasta!\u201d, de combate \u00e0 automutila\u00e7\u00e3o, \u00e0 depress\u00e3o e ao suic\u00eddio, idealizada pelo deputado estadual Jurailton Santos (Republicanos). Lan\u00e7ada na capital baiana em julho de 2019, a campanha est\u00e1 em seu quinto ano, e ganha for\u00e7as \u00e0 medida [&hellip;]<\/p>\n","protected":false},"author":2,"featured_media":1293,"comment_status":"open","ping_status":"open","sticky":false,"template":"","format":"standard","meta":{"_jetpack_memberships_contains_paid_content":false,"footnotes":""},"categories":[21],"tags":[],"class_list":["post-1291","post","type-post","status-publish","format-standard","has-post-thumbnail","hentry","category-bahia"],"aioseo_notices":[],"jetpack_featured_media_url":"https:\/\/i0.wp.com\/minutobahia24h.com.br\/wp-content\/uploads\/2023\/09\/Polish_20230925_174037497-696x471-1.jpg?fit=696%2C471&ssl=1","jetpack_sharing_enabled":true,"_links":{"self":[{"href":"https:\/\/minutobahia24h.com.br\/index.php?rest_route=\/wp\/v2\/posts\/1291","targetHints":{"allow":["GET"]}}],"collection":[{"href":"https:\/\/minutobahia24h.com.br\/index.php?rest_route=\/wp\/v2\/posts"}],"about":[{"href":"https:\/\/minutobahia24h.com.br\/index.php?rest_route=\/wp\/v2\/types\/post"}],"author":[{"embeddable":true,"href":"https:\/\/minutobahia24h.com.br\/index.php?rest_route=\/wp\/v2\/users\/2"}],"replies":[{"embeddable":true,"href":"https:\/\/minutobahia24h.com.br\/index.php?rest_route=%2Fwp%2Fv2%2Fcomments&post=1291"}],"version-history":[{"count":1,"href":"https:\/\/minutobahia24h.com.br\/index.php?rest_route=\/wp\/v2\/posts\/1291\/revisions"}],"predecessor-version":[{"id":1294,"href":"https:\/\/minutobahia24h.com.br\/index.php?rest_route=\/wp\/v2\/posts\/1291\/revisions\/1294"}],"wp:featuredmedia":[{"embeddable":true,"href":"https:\/\/minutobahia24h.com.br\/index.php?rest_route=\/wp\/v2\/media\/1293"}],"wp:attachment":[{"href":"https:\/\/minutobahia24h.com.br\/index.php?rest_route=%2Fwp%2Fv2%2Fmedia&parent=1291"}],"wp:term":[{"taxonomy":"category","embeddable":true,"href":"https:\/\/minutobahia24h.com.br\/index.php?rest_route=%2Fwp%2Fv2%2Fcategories&post=1291"},{"taxonomy":"post_tag","embeddable":true,"href":"https:\/\/minutobahia24h.com.br\/index.php?rest_route=%2Fwp%2Fv2%2Ftags&post=1291"}],"curies":[{"name":"wp","href":"https:\/\/api.w.org\/{rel}","templated":true}]}}