{"id":12869,"date":"2024-06-01T20:30:16","date_gmt":"2024-06-01T23:30:16","guid":{"rendered":"https:\/\/minutobahia24h.com.br\/?p=12869"},"modified":"2024-06-01T20:30:17","modified_gmt":"2024-06-01T23:30:17","slug":"o-povo-de-juazeiro-mostrou-que-esta-com-saudade-do-tempo-de-isaac-diz-wagner","status":"publish","type":"post","link":"https:\/\/minutobahia24h.com.br\/?p=12869","title":{"rendered":"\u2018O povo de Juazeiro mostrou que est\u00e1 com saudade do tempo de Isaac\u2019, diz Wagner"},"content":{"rendered":"<div class=\"wp-block-image\">\n<figure class=\"aligncenter size-full\"><img data-recalc-dims=\"1\" fetchpriority=\"high\" decoding=\"async\" width=\"599\" height=\"419\" src=\"https:\/\/i0.wp.com\/minutobahia24h.com.br\/wp-content\/uploads\/2024\/06\/Sem-titulo-4.jpg?resize=599%2C419&#038;ssl=1\" alt=\"\" class=\"wp-image-12870\" srcset=\"https:\/\/i0.wp.com\/minutobahia24h.com.br\/wp-content\/uploads\/2024\/06\/Sem-titulo-4.jpg?w=599&amp;ssl=1 599w, https:\/\/i0.wp.com\/minutobahia24h.com.br\/wp-content\/uploads\/2024\/06\/Sem-titulo-4.jpg?resize=300%2C210&amp;ssl=1 300w\" sizes=\"(max-width: 599px) 100vw, 599px\" \/><figcaption class=\"wp-element-caption\">Foto: Ascom PT Bahia<br><\/figcaption><\/figure>\n<\/div>\n\n\n<p>O senador Jaques Wagner e o presidente do Partido dos Trabalhadores da Bahia, \u00c9den Valadares, afirmaram que o pr\u00e9-candidato do PT \u00e0 Prefeitura Municipal de Juazeiro, Isaac Carvalho, re\u00fane todas as condi\u00e7\u00f5es para vencer as elei\u00e7\u00f5es municipais deste ano, durante o lan\u00e7amento da pr\u00e9-candidatura do petista, realizado neste s\u00e1bado (1\u00b0). Para o senador e o presidente estadual do PT, o retorno de Isaac \u00e0 gest\u00e3o da cidade vai promover diversos avan\u00e7os, assim como ocorreu nos seus oito anos de governo.<\/p>\n\n\n\n<p>Wagner destacou que a popula\u00e7\u00e3o confia e deseja o retorno do petista ao comando da cidade. \u201cO povo de Juazeiro mostrou que est\u00e1 com saudade do tempo de Isaac e da sua caminhada de muito servi\u00e7o prestado para essa cidade. Com grandes avan\u00e7os nas \u00e1reas de sa\u00fade, educa\u00e7\u00e3o, com novas estradas e com tantas outras coisas. Tenho certeza que isso ainda est\u00e1 no cora\u00e7\u00e3o do povo de Juazeiro junto com a certeza de que o retorno de Isaac representa dias melhores para Juazeiro e toda regi\u00e3o\u201d.<\/p>\n\n\n\n<p>O presidente do PT baiano afirmou que j\u00e1 no lan\u00e7amento do nome de Isaac \u00e0 Prefeitura neste s\u00e1bado \u00e9 poss\u00edvel sentir o quanto a sua pr\u00e9-campanha e campanha contar\u00e3o com o empenho das legendas aliadas e tamb\u00e9m com o apoio dos moradores do munic\u00edpio. \u201cCome\u00e7amos com um ato muito forte e representativo, uma caminhada que ser\u00e1 vitoriosa nas urnas e que levar\u00e1 Isaac de volta \u00e0 prefeitura de Juazeiro\u201d, disse \u00c9den.<\/p>\n\n\n\n<p>Com a presen\u00e7a de diversas lideran\u00e7as pol\u00edticas locais e de representantes de partidos que apoiam a pr\u00e9-candidatura do PT em Juazeiro, o deputado Roberto Carlos (PV) tamb\u00e9m esteve no evento e assegurou que o grupo caminhar\u00e1 unido, com o mesmo projeto do governador Jer\u00f4nimo Rodrigues e do presidente Lula para Juazeiro voltar ao caminho da prosperidade, da inclus\u00e3o social e do desenvolvimento econ\u00f4mico.<\/p>\n\n\n\n<p>Outros lan\u00e7amentos \u2013 Al\u00e9m do lan\u00e7amento da pr\u00e9-candidatura em Juazeiro, o PT Bahia apresenta neste s\u00e1bado os nomes de Guilherme Bonfim \u00e0 Prefeitura Municipal de Brumado, de Lurdineia, em Andorinha, e de Nego de Soronga, em Itacar\u00e9.<\/p>\n\n\n\n<p>Bahia.ba<\/p>\n","protected":false},"excerpt":{"rendered":"<p>O senador Jaques Wagner e o presidente do Partido dos Trabalhadores da Bahia, \u00c9den Valadares, afirmaram que o pr\u00e9-candidato do PT \u00e0 Prefeitura Municipal de Juazeiro, Isaac Carvalho, re\u00fane todas as condi\u00e7\u00f5es para vencer as elei\u00e7\u00f5es municipais deste ano, durante o lan\u00e7amento da pr\u00e9-candidatura do petista, realizado neste s\u00e1bado (1\u00b0). Para o senador e o [&hellip;]<\/p>\n","protected":false},"author":2,"featured_media":12870,"comment_status":"open","ping_status":"open","sticky":false,"template":"","format":"standard","meta":{"_jetpack_memberships_contains_paid_content":false,"footnotes":""},"categories":[50],"tags":[],"class_list":["post-12869","post","type-post","status-publish","format-standard","has-post-thumbnail","hentry","category-eleicoes-2024"],"aioseo_notices":[],"jetpack_featured_media_url":"https:\/\/i0.wp.com\/minutobahia24h.com.br\/wp-content\/uploads\/2024\/06\/Sem-titulo-4.jpg?fit=599%2C419&ssl=1","jetpack_sharing_enabled":true,"_links":{"self":[{"href":"https:\/\/minutobahia24h.com.br\/index.php?rest_route=\/wp\/v2\/posts\/12869","targetHints":{"allow":["GET"]}}],"collection":[{"href":"https:\/\/minutobahia24h.com.br\/index.php?rest_route=\/wp\/v2\/posts"}],"about":[{"href":"https:\/\/minutobahia24h.com.br\/index.php?rest_route=\/wp\/v2\/types\/post"}],"author":[{"embeddable":true,"href":"https:\/\/minutobahia24h.com.br\/index.php?rest_route=\/wp\/v2\/users\/2"}],"replies":[{"embeddable":true,"href":"https:\/\/minutobahia24h.com.br\/index.php?rest_route=%2Fwp%2Fv2%2Fcomments&post=12869"}],"version-history":[{"count":1,"href":"https:\/\/minutobahia24h.com.br\/index.php?rest_route=\/wp\/v2\/posts\/12869\/revisions"}],"predecessor-version":[{"id":12871,"href":"https:\/\/minutobahia24h.com.br\/index.php?rest_route=\/wp\/v2\/posts\/12869\/revisions\/12871"}],"wp:featuredmedia":[{"embeddable":true,"href":"https:\/\/minutobahia24h.com.br\/index.php?rest_route=\/wp\/v2\/media\/12870"}],"wp:attachment":[{"href":"https:\/\/minutobahia24h.com.br\/index.php?rest_route=%2Fwp%2Fv2%2Fmedia&parent=12869"}],"wp:term":[{"taxonomy":"category","embeddable":true,"href":"https:\/\/minutobahia24h.com.br\/index.php?rest_route=%2Fwp%2Fv2%2Fcategories&post=12869"},{"taxonomy":"post_tag","embeddable":true,"href":"https:\/\/minutobahia24h.com.br\/index.php?rest_route=%2Fwp%2Fv2%2Ftags&post=12869"}],"curies":[{"name":"wp","href":"https:\/\/api.w.org\/{rel}","templated":true}]}}