{"id":12860,"date":"2024-06-01T20:11:35","date_gmt":"2024-06-01T23:11:35","guid":{"rendered":"https:\/\/minutobahia24h.com.br\/?p=12860"},"modified":"2024-06-01T20:11:36","modified_gmt":"2024-06-01T23:11:36","slug":"membros-da-ascom-da-prefeitura-de-andorinha-deixam-cargos-e-aderem-a-pre-campanha-de-professor-adilberto","status":"publish","type":"post","link":"https:\/\/minutobahia24h.com.br\/?p=12860","title":{"rendered":"Membros da ASCOM da Prefeitura de Andorinha deixam cargos e aderem \u00e0 pr\u00e9-campanha de Professor Adilberto"},"content":{"rendered":"<div class=\"wp-block-image\">\n<figure class=\"aligncenter size-full\"><img data-recalc-dims=\"1\" fetchpriority=\"high\" decoding=\"async\" width=\"640\" height=\"480\" src=\"https:\/\/i0.wp.com\/minutobahia24h.com.br\/wp-content\/uploads\/2024\/06\/Sem-titulo-1.jpg?resize=640%2C480&#038;ssl=1\" alt=\"\" class=\"wp-image-12861\" srcset=\"https:\/\/i0.wp.com\/minutobahia24h.com.br\/wp-content\/uploads\/2024\/06\/Sem-titulo-1.jpg?w=640&amp;ssl=1 640w, https:\/\/i0.wp.com\/minutobahia24h.com.br\/wp-content\/uploads\/2024\/06\/Sem-titulo-1.jpg?resize=300%2C225&amp;ssl=1 300w\" sizes=\"(max-width: 640px) 100vw, 640px\" \/><figcaption class=\"wp-element-caption\">Andorinha News \u00a0(Foto: Andorinha News)<br><\/figcaption><\/figure>\n<\/div>\n\n\n<p>Neste s\u00e1bado,&nbsp;<strong>1<\/strong>&nbsp;de junho, o&nbsp;<em>pr\u00e9-candidato<\/em>&nbsp;a prefeito,&nbsp;<strong>Professor Adilberto<\/strong>, movimentou as redes sociais ao publicar uma foto ao lado de dois&nbsp;<strong>ex-membros<\/strong>&nbsp;da&nbsp;<strong>ASCOM<\/strong>&nbsp;(<em>Assessoria de Comunica\u00e7\u00e3o<\/em>) da atual gest\u00e3o de&nbsp;<strong>Renato Brand\u00e3o<\/strong>.&nbsp;<strong>F\u00e1bio Designer<\/strong>&nbsp;e&nbsp;<strong>Jonathans Fot\u00f3grafo<\/strong>, que at\u00e9 ent\u00e3o faziam parte da equipe de comunica\u00e7\u00e3o da&nbsp;<strong>PREFEITURA DE ANDORINHA<\/strong>, decidiram abrir m\u00e3o de seus cargos para aderir ao projeto pol\u00edtico de&nbsp;<strong>Adilberto<\/strong>&nbsp;e&nbsp;<strong>Vagner<\/strong>.<\/p>\n\n\n\n<p>A ades\u00e3o de&nbsp;<strong>F\u00e1bio Designer<\/strong>&nbsp;e&nbsp;<strong>Jonathans Fotografo<\/strong>&nbsp;representa um importante refor\u00e7o para a campanha de&nbsp;<strong>Adilberto<\/strong>, que vem ganhando destaque no cen\u00e1rio pol\u00edtico local. Ambos os profissionais s\u00e3o reconhecidos por seu trabalho competente na comunica\u00e7\u00e3o da prefeitura e sua decis\u00e3o de mudar de lado pode fortalecer ainda mais o grupo de&nbsp;<strong>Adilberto<\/strong>.<\/p>\n\n\n\n<p>Em sua postagem,&nbsp;<strong>Adilberto<\/strong>&nbsp;expressou entusiasmo com a nova parceria: &#8220;<em>Estamos felizes em anunciar que F\u00e1bio e Jonathans, profissionais de grande compet\u00eancia, agora fazem parte do nosso projeto. Juntos, vamos construir uma cidade melhor para todos<\/em>&#8220;.<\/p>\n\n\n\n<p>andorinhanews<\/p>\n","protected":false},"excerpt":{"rendered":"<p>Neste s\u00e1bado,&nbsp;1&nbsp;de junho, o&nbsp;pr\u00e9-candidato&nbsp;a prefeito,&nbsp;Professor Adilberto, movimentou as redes sociais ao publicar uma foto ao lado de dois&nbsp;ex-membros&nbsp;da&nbsp;ASCOM&nbsp;(Assessoria de Comunica\u00e7\u00e3o) da atual gest\u00e3o de&nbsp;Renato Brand\u00e3o.&nbsp;F\u00e1bio Designer&nbsp;e&nbsp;Jonathans Fot\u00f3grafo, que at\u00e9 ent\u00e3o faziam parte da equipe de comunica\u00e7\u00e3o da&nbsp;PREFEITURA DE ANDORINHA, decidiram abrir m\u00e3o de seus cargos para aderir ao projeto pol\u00edtico de&nbsp;Adilberto&nbsp;e&nbsp;Vagner. A ades\u00e3o de&nbsp;F\u00e1bio Designer&nbsp;e&nbsp;Jonathans [&hellip;]<\/p>\n","protected":false},"author":2,"featured_media":12861,"comment_status":"open","ping_status":"open","sticky":false,"template":"","format":"standard","meta":{"_jetpack_memberships_contains_paid_content":false,"footnotes":""},"categories":[47],"tags":[],"class_list":["post-12860","post","type-post","status-publish","format-standard","has-post-thumbnail","hentry","category-andorinha"],"aioseo_notices":[],"jetpack_featured_media_url":"https:\/\/i0.wp.com\/minutobahia24h.com.br\/wp-content\/uploads\/2024\/06\/Sem-titulo-1.jpg?fit=640%2C480&ssl=1","jetpack_sharing_enabled":true,"_links":{"self":[{"href":"https:\/\/minutobahia24h.com.br\/index.php?rest_route=\/wp\/v2\/posts\/12860","targetHints":{"allow":["GET"]}}],"collection":[{"href":"https:\/\/minutobahia24h.com.br\/index.php?rest_route=\/wp\/v2\/posts"}],"about":[{"href":"https:\/\/minutobahia24h.com.br\/index.php?rest_route=\/wp\/v2\/types\/post"}],"author":[{"embeddable":true,"href":"https:\/\/minutobahia24h.com.br\/index.php?rest_route=\/wp\/v2\/users\/2"}],"replies":[{"embeddable":true,"href":"https:\/\/minutobahia24h.com.br\/index.php?rest_route=%2Fwp%2Fv2%2Fcomments&post=12860"}],"version-history":[{"count":1,"href":"https:\/\/minutobahia24h.com.br\/index.php?rest_route=\/wp\/v2\/posts\/12860\/revisions"}],"predecessor-version":[{"id":12862,"href":"https:\/\/minutobahia24h.com.br\/index.php?rest_route=\/wp\/v2\/posts\/12860\/revisions\/12862"}],"wp:featuredmedia":[{"embeddable":true,"href":"https:\/\/minutobahia24h.com.br\/index.php?rest_route=\/wp\/v2\/media\/12861"}],"wp:attachment":[{"href":"https:\/\/minutobahia24h.com.br\/index.php?rest_route=%2Fwp%2Fv2%2Fmedia&parent=12860"}],"wp:term":[{"taxonomy":"category","embeddable":true,"href":"https:\/\/minutobahia24h.com.br\/index.php?rest_route=%2Fwp%2Fv2%2Fcategories&post=12860"},{"taxonomy":"post_tag","embeddable":true,"href":"https:\/\/minutobahia24h.com.br\/index.php?rest_route=%2Fwp%2Fv2%2Ftags&post=12860"}],"curies":[{"name":"wp","href":"https:\/\/api.w.org\/{rel}","templated":true}]}}