{"id":12795,"date":"2024-05-30T08:56:48","date_gmt":"2024-05-30T11:56:48","guid":{"rendered":"https:\/\/minutobahia24h.com.br\/?p=12795"},"modified":"2024-05-30T08:56:49","modified_gmt":"2024-05-30T11:56:49","slug":"lula-admite-nao-ter-base-contra-pauta-de-costumes-e-fara-reuniao-semanal-com-lideres-apos-derrotas","status":"publish","type":"post","link":"https:\/\/minutobahia24h.com.br\/?p=12795","title":{"rendered":"Lula admite n\u00e3o ter base contra pauta de costumes e far\u00e1 reuni\u00e3o semanal com l\u00edderes ap\u00f3s derrotas"},"content":{"rendered":"<div class=\"wp-block-image\">\n<figure class=\"aligncenter size-large\"><img data-recalc-dims=\"1\" fetchpriority=\"high\" decoding=\"async\" width=\"800\" height=\"420\" src=\"https:\/\/i0.wp.com\/minutobahia24h.com.br\/wp-content\/uploads\/2024\/05\/Sem-titulo-300-1024x538.jpg?resize=800%2C420&#038;ssl=1\" alt=\"\" class=\"wp-image-12796\" srcset=\"https:\/\/i0.wp.com\/minutobahia24h.com.br\/wp-content\/uploads\/2024\/05\/Sem-titulo-300.jpg?resize=1024%2C538&amp;ssl=1 1024w, https:\/\/i0.wp.com\/minutobahia24h.com.br\/wp-content\/uploads\/2024\/05\/Sem-titulo-300.jpg?resize=300%2C158&amp;ssl=1 300w, https:\/\/i0.wp.com\/minutobahia24h.com.br\/wp-content\/uploads\/2024\/05\/Sem-titulo-300.jpg?resize=768%2C403&amp;ssl=1 768w, https:\/\/i0.wp.com\/minutobahia24h.com.br\/wp-content\/uploads\/2024\/05\/Sem-titulo-300.jpg?resize=750%2C394&amp;ssl=1 750w, https:\/\/i0.wp.com\/minutobahia24h.com.br\/wp-content\/uploads\/2024\/05\/Sem-titulo-300.jpg?resize=1140%2C599&amp;ssl=1 1140w, https:\/\/i0.wp.com\/minutobahia24h.com.br\/wp-content\/uploads\/2024\/05\/Sem-titulo-300.jpg?w=1200&amp;ssl=1 1200w\" sizes=\"(max-width: 800px) 100vw, 800px\" \/><figcaption class=\"wp-element-caption\">Foto: Ricardo Stuckert \/ PR<br><\/figcaption><\/figure>\n<\/div>\n\n\n<p>As derrotas sofridas pelo presidente Lula (PT) na sess\u00e3o do Congresso Nacional nesta semana ampliaram o diagn\u00f3stico do petista e de sua equipe de que o governo n\u00e3o tem base para conseguir vit\u00f3rias na chamada pauta de costumes defendida pelo bolsonarismo. A avalia\u00e7\u00e3o foi feita pelo pr\u00f3prio chefe do Executivo em reuni\u00e3o nesta quarta-feira (29) com os auxiliares que cuidam da articula\u00e7\u00e3o pol\u00edtica, segundo relatos.<\/p>\n\n\n\n<p>No encontro, houve a leitura de que o governo tem conseguido vit\u00f3rias importantes em pautas ligadas \u00e0 economia, mas que deve evitar se envolver em projetos ligados a valores. Lula se reuniu nesta quarta com o ministro Alexandre Padilha (Secretaria de Rela\u00e7\u00f5es Institucionais) e os tr\u00eas l\u00edderes do governo: do Congresso, senador Randolfe Rodrigues (sem partido-AP); da C\u00e2mara, Jos\u00e9 Guimar\u00e3es (PT-CE); e do Senado, Jaques Wagner (PT-BA). Segundo aliados, o presidente descarta por ora fazer trocas na equipe.<\/p>\n\n\n\n<p>Durante o encontro, o presidente decidiu que vai se reunir com o grupo toda segunda-feira. Hoje, Padilha e os l\u00edderes costumam conversar no in\u00edcio da semana entre si e tamb\u00e9m com o ministro da Fazenda, Fernando Haddad. Apesar do freio de arruma\u00e7\u00e3o, tanto Randolfe como Wagner tentaram minimizar em p\u00fablico o saldo da sess\u00e3o e ressaltaram que a derrota j\u00e1 estava &#8220;precificada&#8221; diante do perfil conservador do Congresso Nacional. \u00a0<\/p>\n\n\n\n<p>&#8220;N\u00f3s estamos num per\u00edodo onde a pol\u00edtica n\u00e3o \u00e9 mais a pol\u00edtica que a gente conhecia h\u00e1 oito, dez anos atr\u00e1s. A pol\u00edtica est\u00e1 totalmente bipolarizada, fanatizada. E alguns j\u00e1 est\u00e3o em campanha eleitoral para 2026&#8221;, disse Wagner a jornalistas. \u00a0<\/p>\n\n\n\n<p>H\u00e1 uma avalia\u00e7\u00e3o no Planalto de que o or\u00e7amento impositivo das bilion\u00e1rias emendas parlamentares enfraqueceu o poder de negocia\u00e7\u00e3o do governo e, consequentemente, de formar uma base mais fiel. Al\u00e9m disso, reservadamente, parlamentares da base governista dizem que o centr\u00e3o tenta se colar ao bolsonarismo nas chamadas pautas de costumes para conseguir algum ganho pol\u00edtico nas elei\u00e7\u00f5es municipais, em outubro.\u00a0<\/p>\n\n\n\n<p>Tr\u00eas pautas de cunho ideol\u00f3gico marcaram a sess\u00e3o: o fim das saidinhas de presos, um pacote de costumes inclu\u00eddo por bolsonaristas na pr\u00e9via do or\u00e7amento e o veto de Jair Bolsonaro (PL) ao dispositivo que criminalizava &#8220;comunica\u00e7\u00e3o enganosa em massa&#8221;.\u00a0<\/p>\n\n\n\n<p>Nos dois primeiros casos, os parlamentares derrubaram vetos de Lula em projetos aprovados antes pelo Legislativo. J\u00e1 o veto de Bolsonaro foi mantido. Na avalia\u00e7\u00e3o de congressistas, o movimento demonstrou a ascend\u00eancia de Bolsonaro sobre a pauta do Legislativo. \u00a0<\/p>\n\n\n\n<p>Todas as derrotas se deram por larga margem de votos e com apoio dos partidos de centro e de direita que t\u00eam assento na Esplanada de Lula. At\u00e9 pelo reconhecimento de ser minoria, o governo n\u00e3o tem feito tanto esfor\u00e7o pela pauta de costumes no Congresso.<\/p>\n\n\n\n<p>Liberou, por exemplo, a base para votar como queria no caso da criminaliza\u00e7\u00e3o do porte de drogas no Senado. \u00a0Durante a reuni\u00e3o interna desta quarta, Lula disse aos presentes n\u00e3o ter sido uma surpresa a derrubada do veto no caso da saidinha dos presos por j\u00e1 ter sido alertado sobre a dificuldade de reverter a posi\u00e7\u00e3o dos parlamentares.<\/p>\n\n\n\n<p>O chefe do Executivo reconheceu que n\u00e3o havia clima no Congresso para aprovar seu ato, mas ponderou que precisava marcar posi\u00e7\u00e3o. Antes da vota\u00e7\u00e3o, o petista chegou a dizer a ministros e l\u00edderes do governo que a manuten\u00e7\u00e3o do veto das saidinhas era prioridade e pediu empenho na articula\u00e7\u00e3o pol\u00edtica junto \u00e0s bancadas partid\u00e1rias. \u00a0<\/p>\n\n\n\n<p>O presidente do Senado, Rodrigo Pacheco (PSD-MG) -que patrocinou o projeto de lei que acabou com as saidinhas-, disse que o resultado da sess\u00e3o &#8220;naturalmente demonstra uma for\u00e7a consider\u00e1vel da oposi\u00e7\u00e3o&#8221;. \u00a0<\/p>\n\n\n\n<p>&#8220;N\u00e3o se pode medir, de fato, a for\u00e7a de um governo, ou a n\u00e3o for\u00e7a de um governo, a fraqueza de um governo, em vota\u00e7\u00f5es pontuais. \u00c9 o todo que tem que ser analisado. Eu n\u00e3o vejo nada de anormal nessa sess\u00e3o do Congresso Nacional&#8221;, disse nesta quarta. \u00a0<\/p>\n\n\n\n<p>&#8220;Mas \u00e9 muito importante, tanto quanto a oposi\u00e7\u00e3o puder se organizar, isso \u00e9 muito importante para a democracia, que o governo tamb\u00e9m se organize da melhor forma poss\u00edvel com a sua base de apoio na C\u00e2mara dos Deputados e no Senado Federal.&#8221; \u00a0<\/p>\n\n\n\n<p>No caso das saidinhas, Lula havia vetado do projeto aprovado pelos parlamentares o trecho que proibia a sa\u00edda de presos do regime semiaberto para visitas \u00e0s fam\u00edlias, o que costuma ocorrer em datas comemorativas como Natal e P\u00e1scoa. \u00a0<\/p>\n\n\n\n<p>Quando o projeto chegou ao Planalto, ministros como Padilha, chegaram a se opor ao veto por entender que isso seria derrubado no Congresso e soaria como derrota ao governo. Ao ser questionado pela imprensa sobre eventuais mudan\u00e7as na articula\u00e7\u00e3o com o Congresso, Randolfe disse que, no momento atual, existe &#8220;um n\u00facleo pol\u00edtico que tem a confian\u00e7a do presidente da Rep\u00fablica&#8221;. \u00a0<\/p>\n\n\n\n<p>&#8220;Teve um tempo que tinha um governo que n\u00e3o tinha articula\u00e7\u00e3o pol\u00edtica. Porque ele delegava o governo [em refer\u00eancia a Bolsonaro]. A articula\u00e7\u00e3o pol\u00edtica deve pertencer ao governo e \u00e0 confian\u00e7a do presidente da Rep\u00fablica&#8221;, disse. \u00a0<\/p>\n\n\n\n<p>Na noite de ter\u00e7a (28), o presidente da C\u00e2mara, Arthur Lira (PP-AL), disse que Lula se esfor\u00e7ou, mas que \u00e9 dif\u00edcil os parlamentares mudarem de posi\u00e7\u00e3o sobre um tema ap\u00f3s vota\u00e7\u00f5es expressivas no Congresso.<\/p>\n\n\n\n<p>BN<\/p>\n","protected":false},"excerpt":{"rendered":"<p>As derrotas sofridas pelo presidente Lula (PT) na sess\u00e3o do Congresso Nacional nesta semana ampliaram o diagn\u00f3stico do petista e de sua equipe de que o governo n\u00e3o tem base para conseguir vit\u00f3rias na chamada pauta de costumes defendida pelo bolsonarismo. A avalia\u00e7\u00e3o foi feita pelo pr\u00f3prio chefe do Executivo em reuni\u00e3o nesta quarta-feira (29) [&hellip;]<\/p>\n","protected":false},"author":2,"featured_media":12796,"comment_status":"open","ping_status":"open","sticky":false,"template":"","format":"standard","meta":{"_jetpack_memberships_contains_paid_content":false,"footnotes":""},"categories":[39],"tags":[],"class_list":["post-12795","post","type-post","status-publish","format-standard","has-post-thumbnail","hentry","category-politica"],"aioseo_notices":[],"jetpack_featured_media_url":"https:\/\/i0.wp.com\/minutobahia24h.com.br\/wp-content\/uploads\/2024\/05\/Sem-titulo-300.jpg?fit=1200%2C630&ssl=1","jetpack_sharing_enabled":true,"_links":{"self":[{"href":"https:\/\/minutobahia24h.com.br\/index.php?rest_route=\/wp\/v2\/posts\/12795","targetHints":{"allow":["GET"]}}],"collection":[{"href":"https:\/\/minutobahia24h.com.br\/index.php?rest_route=\/wp\/v2\/posts"}],"about":[{"href":"https:\/\/minutobahia24h.com.br\/index.php?rest_route=\/wp\/v2\/types\/post"}],"author":[{"embeddable":true,"href":"https:\/\/minutobahia24h.com.br\/index.php?rest_route=\/wp\/v2\/users\/2"}],"replies":[{"embeddable":true,"href":"https:\/\/minutobahia24h.com.br\/index.php?rest_route=%2Fwp%2Fv2%2Fcomments&post=12795"}],"version-history":[{"count":1,"href":"https:\/\/minutobahia24h.com.br\/index.php?rest_route=\/wp\/v2\/posts\/12795\/revisions"}],"predecessor-version":[{"id":12797,"href":"https:\/\/minutobahia24h.com.br\/index.php?rest_route=\/wp\/v2\/posts\/12795\/revisions\/12797"}],"wp:featuredmedia":[{"embeddable":true,"href":"https:\/\/minutobahia24h.com.br\/index.php?rest_route=\/wp\/v2\/media\/12796"}],"wp:attachment":[{"href":"https:\/\/minutobahia24h.com.br\/index.php?rest_route=%2Fwp%2Fv2%2Fmedia&parent=12795"}],"wp:term":[{"taxonomy":"category","embeddable":true,"href":"https:\/\/minutobahia24h.com.br\/index.php?rest_route=%2Fwp%2Fv2%2Fcategories&post=12795"},{"taxonomy":"post_tag","embeddable":true,"href":"https:\/\/minutobahia24h.com.br\/index.php?rest_route=%2Fwp%2Fv2%2Ftags&post=12795"}],"curies":[{"name":"wp","href":"https:\/\/api.w.org\/{rel}","templated":true}]}}