{"id":12621,"date":"2024-05-24T15:57:00","date_gmt":"2024-05-24T18:57:00","guid":{"rendered":"https:\/\/minutobahia24h.com.br\/?p=12621"},"modified":"2024-05-24T15:57:02","modified_gmt":"2024-05-24T18:57:02","slug":"prefeitura-de-filadelfia-promove-o-2o-forum-comunitario-do-selo-unicef-edicao-2021-2024","status":"publish","type":"post","link":"https:\/\/minutobahia24h.com.br\/?p=12621","title":{"rendered":"Prefeitura de Filad\u00e9lfia promove o 2\u00ba F\u00f3rum Comunit\u00e1rio do Selo UNICEF, edi\u00e7\u00e3o 2021\/2024"},"content":{"rendered":"<div class=\"wp-block-image\">\n<figure class=\"aligncenter size-large\"><img data-recalc-dims=\"1\" fetchpriority=\"high\" decoding=\"async\" width=\"800\" height=\"532\" src=\"https:\/\/i0.wp.com\/minutobahia24h.com.br\/wp-content\/uploads\/2024\/05\/WhatsApp-Image-2024-05-24-at-15.43.57-1-1024x681.jpeg?resize=800%2C532&#038;ssl=1\" alt=\"\" class=\"wp-image-12622\" srcset=\"https:\/\/i0.wp.com\/minutobahia24h.com.br\/wp-content\/uploads\/2024\/05\/WhatsApp-Image-2024-05-24-at-15.43.57-1.jpeg?resize=1024%2C681&amp;ssl=1 1024w, https:\/\/i0.wp.com\/minutobahia24h.com.br\/wp-content\/uploads\/2024\/05\/WhatsApp-Image-2024-05-24-at-15.43.57-1.jpeg?resize=300%2C199&amp;ssl=1 300w, https:\/\/i0.wp.com\/minutobahia24h.com.br\/wp-content\/uploads\/2024\/05\/WhatsApp-Image-2024-05-24-at-15.43.57-1.jpeg?resize=768%2C511&amp;ssl=1 768w, https:\/\/i0.wp.com\/minutobahia24h.com.br\/wp-content\/uploads\/2024\/05\/WhatsApp-Image-2024-05-24-at-15.43.57-1.jpeg?resize=750%2C499&amp;ssl=1 750w, https:\/\/i0.wp.com\/minutobahia24h.com.br\/wp-content\/uploads\/2024\/05\/WhatsApp-Image-2024-05-24-at-15.43.57-1.jpeg?resize=1140%2C758&amp;ssl=1 1140w, https:\/\/i0.wp.com\/minutobahia24h.com.br\/wp-content\/uploads\/2024\/05\/WhatsApp-Image-2024-05-24-at-15.43.57-1.jpeg?w=1280&amp;ssl=1 1280w\" sizes=\"(max-width: 800px) 100vw, 800px\" \/><\/figure>\n<\/div>\n\n\n<p>Nesta quinta-feira, 23 de maio, a Prefeitura de Filad\u00e9lfia promoveu o II F\u00f3rum Comunit\u00e1rio do Selo UNICEF, Edi\u00e7\u00e3o 2021\/2024, no Audit\u00f3rio do Sisef. O evento teve como objetivo avaliar a implementa\u00e7\u00e3o e os resultados alcan\u00e7ados nas a\u00e7\u00f5es voltadas para a aten\u00e7\u00e3o \u00e0s crian\u00e7as e adolescentes do munic\u00edpio.<\/p>\n\n\n\n<p>O F\u00f3rum representou um momento de devolutiva para a sociedade, proporcionando um espa\u00e7o essencial para o fortalecimento da transpar\u00eancia e da participa\u00e7\u00e3o social em Filad\u00e9lfia.<\/p>\n\n\n\n<p>Durante o encontro, foram discutidos os progressos realizados e os desafios enfrentados na busca por pol\u00edticas p\u00fablicas de qualidade, que garantam os direitos das crian\u00e7as e adolescentes.<\/p>\n\n\n\n<p>Os maiores beneficiados com as iniciativas do Selo UNICEF s\u00e3o, sem d\u00favida, as crian\u00e7as e adolescentes, que passam a contar com uma rede de pol\u00edticas p\u00fablicas eficazes e direcionadas para a garantia de seus direitos fundamentais.<\/p>\n\n\n\n<p>O pr\u00f3ximo passo ser\u00e1 a elabora\u00e7\u00e3o de um Plano de A\u00e7\u00e3o que vai nortear as a\u00e7\u00f5es a serem desenvolvidas nos pr\u00f3ximos anos, visando a conquista do Selo UNICEF e o fortalecimento dos servi\u00e7os e programas voltados para a inf\u00e2ncia e juventude em nossa cidade. Juntos, podemos transformar a realidade e garantir um futuro melhor para as nossas crian\u00e7as e adolescentes.<\/p>\n\n\n\n<hr class=\"wp-block-separator has-alpha-channel-opacity\"\/>\n\n\n\n<p>\ud83d\udde3\ufe0f\ud83d\udcf8Ascom<br>Prefeitura de Filad\u00e9lfia<\/p>\n","protected":false},"excerpt":{"rendered":"<p>Nesta quinta-feira, 23 de maio, a Prefeitura de Filad\u00e9lfia promoveu o II F\u00f3rum Comunit\u00e1rio do Selo UNICEF, Edi\u00e7\u00e3o 2021\/2024, no Audit\u00f3rio do Sisef. O evento teve como objetivo avaliar a implementa\u00e7\u00e3o e os resultados alcan\u00e7ados nas a\u00e7\u00f5es voltadas para a aten\u00e7\u00e3o \u00e0s crian\u00e7as e adolescentes do munic\u00edpio. O F\u00f3rum representou um momento de devolutiva para [&hellip;]<\/p>\n","protected":false},"author":2,"featured_media":12622,"comment_status":"open","ping_status":"open","sticky":false,"template":"","format":"standard","meta":{"_jetpack_memberships_contains_paid_content":false,"footnotes":""},"categories":[14],"tags":[],"class_list":["post-12621","post","type-post","status-publish","format-standard","has-post-thumbnail","hentry","category-filadelfia"],"aioseo_notices":[],"jetpack_featured_media_url":"https:\/\/i0.wp.com\/minutobahia24h.com.br\/wp-content\/uploads\/2024\/05\/WhatsApp-Image-2024-05-24-at-15.43.57-1.jpeg?fit=1280%2C851&ssl=1","jetpack_sharing_enabled":true,"_links":{"self":[{"href":"https:\/\/minutobahia24h.com.br\/index.php?rest_route=\/wp\/v2\/posts\/12621","targetHints":{"allow":["GET"]}}],"collection":[{"href":"https:\/\/minutobahia24h.com.br\/index.php?rest_route=\/wp\/v2\/posts"}],"about":[{"href":"https:\/\/minutobahia24h.com.br\/index.php?rest_route=\/wp\/v2\/types\/post"}],"author":[{"embeddable":true,"href":"https:\/\/minutobahia24h.com.br\/index.php?rest_route=\/wp\/v2\/users\/2"}],"replies":[{"embeddable":true,"href":"https:\/\/minutobahia24h.com.br\/index.php?rest_route=%2Fwp%2Fv2%2Fcomments&post=12621"}],"version-history":[{"count":1,"href":"https:\/\/minutobahia24h.com.br\/index.php?rest_route=\/wp\/v2\/posts\/12621\/revisions"}],"predecessor-version":[{"id":12623,"href":"https:\/\/minutobahia24h.com.br\/index.php?rest_route=\/wp\/v2\/posts\/12621\/revisions\/12623"}],"wp:featuredmedia":[{"embeddable":true,"href":"https:\/\/minutobahia24h.com.br\/index.php?rest_route=\/wp\/v2\/media\/12622"}],"wp:attachment":[{"href":"https:\/\/minutobahia24h.com.br\/index.php?rest_route=%2Fwp%2Fv2%2Fmedia&parent=12621"}],"wp:term":[{"taxonomy":"category","embeddable":true,"href":"https:\/\/minutobahia24h.com.br\/index.php?rest_route=%2Fwp%2Fv2%2Fcategories&post=12621"},{"taxonomy":"post_tag","embeddable":true,"href":"https:\/\/minutobahia24h.com.br\/index.php?rest_route=%2Fwp%2Fv2%2Ftags&post=12621"}],"curies":[{"name":"wp","href":"https:\/\/api.w.org\/{rel}","templated":true}]}}