{"id":12550,"date":"2024-05-23T07:32:44","date_gmt":"2024-05-23T10:32:44","guid":{"rendered":"https:\/\/minutobahia24h.com.br\/?p=12550"},"modified":"2024-05-23T07:32:46","modified_gmt":"2024-05-23T10:32:46","slug":"senado-aprova-projeto-que-renova-cotas-raciais-em-concursos-publicos","status":"publish","type":"post","link":"https:\/\/minutobahia24h.com.br\/?p=12550","title":{"rendered":"Senado aprova projeto que renova cotas raciais em concursos p\u00fablicos"},"content":{"rendered":"<div class=\"wp-block-image\">\n<figure class=\"aligncenter size-full\"><img data-recalc-dims=\"1\" fetchpriority=\"high\" decoding=\"async\" width=\"600\" height=\"416\" src=\"https:\/\/i0.wp.com\/minutobahia24h.com.br\/wp-content\/uploads\/2024\/05\/Sem-titulo-241.jpg?resize=600%2C416&#038;ssl=1\" alt=\"\" class=\"wp-image-12551\" srcset=\"https:\/\/i0.wp.com\/minutobahia24h.com.br\/wp-content\/uploads\/2024\/05\/Sem-titulo-241.jpg?w=600&amp;ssl=1 600w, https:\/\/i0.wp.com\/minutobahia24h.com.br\/wp-content\/uploads\/2024\/05\/Sem-titulo-241.jpg?resize=300%2C208&amp;ssl=1 300w\" sizes=\"(max-width: 600px) 100vw, 600px\" \/><figcaption class=\"wp-element-caption\">Foto Lula Marques\/ Ag\u00eancia Brasil<\/figcaption><\/figure>\n<\/div>\n\n\n<p>O Senado aprovou nesta quarta-feira (22) a reserva de vagas em concursos p\u00fablicos para pretos, pardos, ind\u00edgenas e quilombolas pelos pr\u00f3ximos dez anos. O projeto de lei segue para vota\u00e7\u00e3o na C\u00e2mara dos Deputados.<\/p>\n\n\n\n<p>A vota\u00e7\u00e3o foi acompanhada pela ministra da Igualdade Racial, Anielle Franco.<\/p>\n\n\n\n<p>A lei que prev\u00ea as cotas foi sancionada em 2014, com validade por uma d\u00e9cada. O novo projeto precisa ser aprovado pelas duas Casas legislativas at\u00e9 o dia 9 de junho deste ano ou a reserva de vagas deixar\u00e1 de existir.<\/p>\n\n\n\n<p>A vota\u00e7\u00e3o ocorre \u00e0s v\u00e9speras da realiza\u00e7\u00e3o do Concurso Nacional Unificado (CNU), que foi adiado em raz\u00e3o das enchentes no Rio Grande do Sul e ainda n\u00e3o tem nova data de realiza\u00e7\u00e3o.<\/p>\n\n\n\n<p><strong>O que diz o projeto<\/strong><br>Conforme o texto aprovado, concursos p\u00fablicos e processo seletivos de \u00f3rg\u00e3os p\u00fablicos devem aumentar dos atuais 20% para 30% as cotas raciais. A reserva vigora tamb\u00e9m para vagas que surgirem durante a validade do concurso.<\/p>\n\n\n\n<p>Atualmente, as cotas raciais para concursos alcan\u00e7am apenas a popula\u00e7\u00e3o negra (pretos e pardos). Foram inclu\u00eddos ind\u00edgenas e quilombolas.<\/p>\n\n\n\n<p>Os inscritos podem disputar, simultaneamente, as vagas reservadas e as da ampla concorr\u00eancia. Se o candidato for aprovado pela ampla concorr\u00eancia, n\u00e3o ir\u00e1 constar na classifica\u00e7\u00e3o das vagas de reserva.<\/p>\n\n\n\n<p>O projeto prev\u00ea regras e crit\u00e9rios para a confirma\u00e7\u00e3o da autodeclara\u00e7\u00e3o dos candidatos, como padroniza\u00e7\u00e3o para todo o pa\u00eds, devem ser levadas em conta caracter\u00edsticas regionais, garantia de recurso e decis\u00e3o un\u00e2nime para que o colegiado respons\u00e1vel pela confirma\u00e7\u00e3o conclua por atribui\u00e7\u00e3o identit\u00e1ria diferente da declara\u00e7\u00e3o do candidato.<\/p>\n\n\n\n<p>Se a autodeclara\u00e7\u00e3o do candidato for rejeitada, ele poder\u00e1 concorrer para as vagas da ampla concorr\u00eancia, exceto nos casos de suspeita de fraude ou m\u00e1-f\u00e9. Nesses, ser\u00e1 exclu\u00eddo da sele\u00e7\u00e3o ou ter\u00e1 a admiss\u00e3o cancelada, em caso de nomea\u00e7\u00e3o.<\/p>\n\n\n\n<p>Pelo texto, a pol\u00edtica dever\u00e1 passar por nova revis\u00e3o ap\u00f3s o prazo de dez anos.<\/p>\n\n\n\n<p>* Com informa\u00e7\u00f5es da Ag\u00eancia Senado<\/p>\n","protected":false},"excerpt":{"rendered":"<p>O Senado aprovou nesta quarta-feira (22) a reserva de vagas em concursos p\u00fablicos para pretos, pardos, ind\u00edgenas e quilombolas pelos pr\u00f3ximos dez anos. O projeto de lei segue para vota\u00e7\u00e3o na C\u00e2mara dos Deputados. A vota\u00e7\u00e3o foi acompanhada pela ministra da Igualdade Racial, Anielle Franco. A lei que prev\u00ea as cotas foi sancionada em 2014, [&hellip;]<\/p>\n","protected":false},"author":2,"featured_media":12551,"comment_status":"open","ping_status":"open","sticky":false,"template":"","format":"standard","meta":{"_jetpack_memberships_contains_paid_content":false,"footnotes":""},"categories":[39],"tags":[],"class_list":["post-12550","post","type-post","status-publish","format-standard","has-post-thumbnail","hentry","category-politica"],"aioseo_notices":[],"jetpack_featured_media_url":"https:\/\/i0.wp.com\/minutobahia24h.com.br\/wp-content\/uploads\/2024\/05\/Sem-titulo-241.jpg?fit=600%2C416&ssl=1","jetpack_sharing_enabled":true,"_links":{"self":[{"href":"https:\/\/minutobahia24h.com.br\/index.php?rest_route=\/wp\/v2\/posts\/12550","targetHints":{"allow":["GET"]}}],"collection":[{"href":"https:\/\/minutobahia24h.com.br\/index.php?rest_route=\/wp\/v2\/posts"}],"about":[{"href":"https:\/\/minutobahia24h.com.br\/index.php?rest_route=\/wp\/v2\/types\/post"}],"author":[{"embeddable":true,"href":"https:\/\/minutobahia24h.com.br\/index.php?rest_route=\/wp\/v2\/users\/2"}],"replies":[{"embeddable":true,"href":"https:\/\/minutobahia24h.com.br\/index.php?rest_route=%2Fwp%2Fv2%2Fcomments&post=12550"}],"version-history":[{"count":1,"href":"https:\/\/minutobahia24h.com.br\/index.php?rest_route=\/wp\/v2\/posts\/12550\/revisions"}],"predecessor-version":[{"id":12552,"href":"https:\/\/minutobahia24h.com.br\/index.php?rest_route=\/wp\/v2\/posts\/12550\/revisions\/12552"}],"wp:featuredmedia":[{"embeddable":true,"href":"https:\/\/minutobahia24h.com.br\/index.php?rest_route=\/wp\/v2\/media\/12551"}],"wp:attachment":[{"href":"https:\/\/minutobahia24h.com.br\/index.php?rest_route=%2Fwp%2Fv2%2Fmedia&parent=12550"}],"wp:term":[{"taxonomy":"category","embeddable":true,"href":"https:\/\/minutobahia24h.com.br\/index.php?rest_route=%2Fwp%2Fv2%2Fcategories&post=12550"},{"taxonomy":"post_tag","embeddable":true,"href":"https:\/\/minutobahia24h.com.br\/index.php?rest_route=%2Fwp%2Fv2%2Ftags&post=12550"}],"curies":[{"name":"wp","href":"https:\/\/api.w.org\/{rel}","templated":true}]}}