{"id":12543,"date":"2024-05-23T07:28:28","date_gmt":"2024-05-23T10:28:28","guid":{"rendered":"https:\/\/minutobahia24h.com.br\/?p=12543"},"modified":"2024-05-23T07:28:30","modified_gmt":"2024-05-23T10:28:30","slug":"com-dois-registros-na-bahia-pf-investigou-ao-menos-69-casos-de-apologia-ao-nazismo-no-brasil-desde-2020","status":"publish","type":"post","link":"https:\/\/minutobahia24h.com.br\/?p=12543","title":{"rendered":"Com dois registros na Bahia, PF investigou ao menos 69 casos de apologia ao nazismo no Brasil desde 2020"},"content":{"rendered":"<div class=\"wp-block-image\">\n<figure class=\"aligncenter size-large\"><img data-recalc-dims=\"1\" fetchpriority=\"high\" decoding=\"async\" width=\"800\" height=\"420\" src=\"https:\/\/i0.wp.com\/minutobahia24h.com.br\/wp-content\/uploads\/2024\/05\/Sem-titulo-239-1024x538.jpg?resize=800%2C420&#038;ssl=1\" alt=\"\" class=\"wp-image-12544\" srcset=\"https:\/\/i0.wp.com\/minutobahia24h.com.br\/wp-content\/uploads\/2024\/05\/Sem-titulo-239.jpg?resize=1024%2C538&amp;ssl=1 1024w, https:\/\/i0.wp.com\/minutobahia24h.com.br\/wp-content\/uploads\/2024\/05\/Sem-titulo-239.jpg?resize=300%2C158&amp;ssl=1 300w, https:\/\/i0.wp.com\/minutobahia24h.com.br\/wp-content\/uploads\/2024\/05\/Sem-titulo-239.jpg?resize=768%2C403&amp;ssl=1 768w, https:\/\/i0.wp.com\/minutobahia24h.com.br\/wp-content\/uploads\/2024\/05\/Sem-titulo-239.jpg?resize=750%2C394&amp;ssl=1 750w, https:\/\/i0.wp.com\/minutobahia24h.com.br\/wp-content\/uploads\/2024\/05\/Sem-titulo-239.jpg?resize=1140%2C599&amp;ssl=1 1140w, https:\/\/i0.wp.com\/minutobahia24h.com.br\/wp-content\/uploads\/2024\/05\/Sem-titulo-239.jpg?w=1200&amp;ssl=1 1200w\" sizes=\"(max-width: 800px) 100vw, 800px\" \/><figcaption class=\"wp-element-caption\">Foto: Reprodu\u00e7\u00e3o \/ G1<\/figcaption><\/figure>\n<\/div>\n\n\n<p>Para conter o avan\u00e7o do neonazismo no Brasil, a Pol\u00edcia Federal (PF) j\u00e1 abriu 69 inqu\u00e9ritos, entre janeiro de 2020 e 31 de mar\u00e7o de mar\u00e7o de 2024, para investigar o crime de apologia aos ideais difundidos por Adolf Hitler na d\u00e9cada de 1930<strong>. Na Bahia, houve dois casos registrados no per\u00edodo: um em Salvador e outro em Ilh\u00e9us, no Sul baiano.<\/strong><\/p>\n\n\n\n<p>De acordo com dados solicitados \u00e0 PF pelo Fiquem Sabendo, ag\u00eancia de dados especializada no acesso a informa\u00e7\u00f5es p\u00fablicas, o caso registrado na capital baiana ocorreu no dia 21\/11\/2022, tendo sido encerrado no dia 03\/02\/2023. J\u00e1 o caso ocorrido em Ilh\u00e9us foi registrado no dia 14\/07\/2023. A investiga\u00e7\u00e3o foi encerrada em 15\/03\/2024.<\/p>\n\n\n\n<p>O levantamento teve como base o \u00a71\u00ba do artigo 20 da lei 7.716\/1989, que estabelece como crime &#8220;fabricar, comercializar, distribuir ou veicular s\u00edmbolos, emblemas, ornamentos, distintivos ou propaganda que utilizem a cruz su\u00e1stica ou gamada, para fins de divulga\u00e7\u00e3o do nazismo&#8221;.<\/p>\n\n\n\n<p>A PF enviou uma planilha com o registro de 69 investiga\u00e7\u00f5es no per\u00edodo solicitado.&nbsp; O arquivo possui informa\u00e7\u00f5es sobre o local de abertura do inqu\u00e9rito (tanto unidade federativa quanto delegacia respons\u00e1vel), datas de abertura e encerramento das investiga\u00e7\u00f5es e se foram iniciadas em flagrante.<\/p>\n\n\n\n<p>CASOS<\/p>\n\n\n\n<p>Em 2023, a corpora\u00e7\u00e3o abriu 37 inqu\u00e9ritos, mais da metade do registrado no per\u00edodo e um salto de 311% na compara\u00e7\u00e3o com 2022, quando s\u00f3 9 investiga\u00e7\u00f5es foram iniciadas. Apenas neste ano, j\u00e1 s\u00e3o 6 investiga\u00e7\u00f5es. A base de dados indica que a maior parte das investiga\u00e7\u00f5es foi aberta em S\u00e3o Paulo (21), pouco menos de um ter\u00e7o do total. O estado foi seguido por Rio Grande do Sul (8) e Paran\u00e1. Confira:<\/p>\n\n\n\n<figure class=\"wp-block-image\"><img data-recalc-dims=\"1\" decoding=\"async\" src=\"https:\/\/i0.wp.com\/www.bahianoticias.com.br\/fotos\/principal_noticias\/292481\/mg\/GR%C3%81FICO%20DE%20EVOLU%C3%87%C3%83O%20DOS%20REGISTROS%20NA%20BAHIA%20%286%29.png?w=800&#038;ssl=1\" alt=\"\"\/><\/figure>\n\n\n\n<p>Inqu\u00e9ritos policiais abertos entre janeiro de 2020 e 31 de mar\u00e7o de mar\u00e7o de 2024 | Arte: Priscila Melo<\/p>\n\n\n\n<p>Dos seis inqu\u00e9ritos policiais j\u00e1 instaurados apenas nos primeiros tr\u00eas meses deste ano, dois foram em S\u00e3o Paulo, mantendo a propor\u00e7\u00e3o desta s\u00e9rie hist\u00f3rica. Outras quatro investiga\u00e7\u00f5es foram abertas no Acre, Mato Grosso, Minas Gerais e Santa Catarina.<\/p>\n\n\n\n<p>ONU<\/p>\n\n\n\n<p>De acordo com a Fiquem Sabendo, tamb\u00e9m foi pedido um relat\u00f3rio ao Minist\u00e9rio dos Direitos Humanos e da Cidadania (MDHC) com dados preliminares sobre o crescimento de grupos neonazistas no Brasil que foi enviado \u00e0 Organiza\u00e7\u00e3o das Na\u00e7\u00f5es Unidas (ONU).<\/p>\n\n\n\n<p>O documento compila alguns casos de apologia ao nazismo, como a picha\u00e7\u00e3o, em 2022, de um s\u00edmbolo nazista no banheiro da Universidade do Estado de Minas Gerais, e refer\u00eancias \u00e0 pesquisa que apontou o aumento de 270,6% de c\u00e9lulas neonazistas entre janeiro de 2019 e maio de 2021.<\/p>\n\n\n\n<p>O relat\u00f3rio preliminar enviado \u00e0 ONU traz dados de um levantamento da FS, divulgado em 2020, com os n\u00fameros da PF \u00e0 \u00e9poca sobre abertura de inqu\u00e9ritos de apologia ao nazismo. Naquele ano, j\u00e1 eram 93 inqu\u00e9ritos &#8211; n\u00famero muito maior do que o informado agora.<\/p>\n\n\n\n<p>Essa diferen\u00e7a se deve ao fato de que nas respostas anteriores sobre investiga\u00e7\u00f5es de apologia ao nazismo, a PF somava todos os inqu\u00e9ritos relacionados ao artigo 20 da Lei 7.716\/1989 que, de forma ampla, afirma: &#8220;Praticar, induzir ou incitar a discrimina\u00e7\u00e3o ou preconceito de ra\u00e7a, cor, etnia, religi\u00e3o ou proced\u00eancia nacional&#8221;.<\/p>\n\n\n\n<p>De l\u00e1 pra c\u00e1, a corpora\u00e7\u00e3o mudou o crit\u00e9rio, passando a restringir como apologia ao nazismo apenas os casos enquadrados especificamente no \u00a71\u00ba do artigo 20.<\/p>\n\n\n\n<p>BN<\/p>\n","protected":false},"excerpt":{"rendered":"<p>Para conter o avan\u00e7o do neonazismo no Brasil, a Pol\u00edcia Federal (PF) j\u00e1 abriu 69 inqu\u00e9ritos, entre janeiro de 2020 e 31 de mar\u00e7o de mar\u00e7o de 2024, para investigar o crime de apologia aos ideais difundidos por Adolf Hitler na d\u00e9cada de 1930. Na Bahia, houve dois casos registrados no per\u00edodo: um em Salvador [&hellip;]<\/p>\n","protected":false},"author":2,"featured_media":12544,"comment_status":"open","ping_status":"open","sticky":false,"template":"","format":"standard","meta":{"_jetpack_memberships_contains_paid_content":false,"footnotes":""},"categories":[46],"tags":[],"class_list":["post-12543","post","type-post","status-publish","format-standard","has-post-thumbnail","hentry","category-noticia"],"aioseo_notices":[],"jetpack_featured_media_url":"https:\/\/i0.wp.com\/minutobahia24h.com.br\/wp-content\/uploads\/2024\/05\/Sem-titulo-239.jpg?fit=1200%2C630&ssl=1","jetpack_sharing_enabled":true,"_links":{"self":[{"href":"https:\/\/minutobahia24h.com.br\/index.php?rest_route=\/wp\/v2\/posts\/12543","targetHints":{"allow":["GET"]}}],"collection":[{"href":"https:\/\/minutobahia24h.com.br\/index.php?rest_route=\/wp\/v2\/posts"}],"about":[{"href":"https:\/\/minutobahia24h.com.br\/index.php?rest_route=\/wp\/v2\/types\/post"}],"author":[{"embeddable":true,"href":"https:\/\/minutobahia24h.com.br\/index.php?rest_route=\/wp\/v2\/users\/2"}],"replies":[{"embeddable":true,"href":"https:\/\/minutobahia24h.com.br\/index.php?rest_route=%2Fwp%2Fv2%2Fcomments&post=12543"}],"version-history":[{"count":1,"href":"https:\/\/minutobahia24h.com.br\/index.php?rest_route=\/wp\/v2\/posts\/12543\/revisions"}],"predecessor-version":[{"id":12546,"href":"https:\/\/minutobahia24h.com.br\/index.php?rest_route=\/wp\/v2\/posts\/12543\/revisions\/12546"}],"wp:featuredmedia":[{"embeddable":true,"href":"https:\/\/minutobahia24h.com.br\/index.php?rest_route=\/wp\/v2\/media\/12544"}],"wp:attachment":[{"href":"https:\/\/minutobahia24h.com.br\/index.php?rest_route=%2Fwp%2Fv2%2Fmedia&parent=12543"}],"wp:term":[{"taxonomy":"category","embeddable":true,"href":"https:\/\/minutobahia24h.com.br\/index.php?rest_route=%2Fwp%2Fv2%2Fcategories&post=12543"},{"taxonomy":"post_tag","embeddable":true,"href":"https:\/\/minutobahia24h.com.br\/index.php?rest_route=%2Fwp%2Fv2%2Ftags&post=12543"}],"curies":[{"name":"wp","href":"https:\/\/api.w.org\/{rel}","templated":true}]}}