{"id":1245,"date":"2023-09-26T07:34:40","date_gmt":"2023-09-26T10:34:40","guid":{"rendered":"https:\/\/minutobahia24h.com.br\/?p=1245"},"modified":"2023-09-26T07:34:41","modified_gmt":"2023-09-26T10:34:41","slug":"em-reuniao-com-jeronimo-dino-promete-intensificar-operacoes-conjuntas-com-estado","status":"publish","type":"post","link":"https:\/\/minutobahia24h.com.br\/?p=1245","title":{"rendered":"Em reuni\u00e3o com Jer\u00f4nimo, Dino promete \u2018intensificar opera\u00e7\u00f5es conjuntas\u2019 com Estado"},"content":{"rendered":"<div class=\"wp-block-image\">\n<figure class=\"aligncenter size-full\"><img data-recalc-dims=\"1\" decoding=\"async\" data-src=\"https:\/\/i0.wp.com\/minutobahia24h.com.br\/wp-content\/uploads\/2023\/09\/dino-jeronimo.png?w=800&#038;ssl=1\" alt=\"\" class=\"wp-image-1247 lazyload\" src=\"data:image\/gif;base64,R0lGODlhAQABAAAAACH5BAEKAAEALAAAAAABAAEAAAICTAEAOw==\" \/><noscript><img data-recalc-dims=\"1\" decoding=\"async\" src=\"https:\/\/i0.wp.com\/minutobahia24h.com.br\/wp-content\/uploads\/2023\/09\/dino-jeronimo.png?w=800&#038;ssl=1\" alt=\"\" class=\"wp-image-1247\"\/><\/noscript><figcaption class=\"wp-element-caption\">Foto: Eduardo Aiache\/Gov-BA<\/figcaption><\/figure>\n<\/div>\n\n\n<p>O ministro da Justi\u00e7a, Fl\u00e1vio Dino, recebeu o governador Jer\u00f4nimo Rodrigues (PT) em seu gabinete, em Bras\u00edlia, na noite da \u00faltima segunda-feira (25), para tratar da seguran\u00e7a p\u00fablica na Bahia, pauta nacional j\u00e1 h\u00e1 praticamente um m\u00eas por causa da \u2018guerra\u2019 entre fac\u00e7\u00f5es do crime organizado.<\/p>\n\n\n\n<p>Jer\u00f4nimo e Dino n\u00e3o comentaram (pelo menos em p\u00fablico) sobre a suposta interven\u00e7\u00e3o federal que, segundo a oposi\u00e7\u00e3o, j\u00e1 est\u00e1 instalada. Embora negue que haja interven\u00e7\u00e3o, o ministro prometeu \u201cintensificar essas opera\u00e7\u00f5es conjuntas\u201d entre a Pol\u00edcia Federal e as for\u00e7as de seguran\u00e7a do Estado.<\/p>\n\n\n\n<p>\u201cVamos avan\u00e7ar nessa parceria para que a seguran\u00e7a p\u00fablica possa ser, a cada dia, ainda mais aprimorada. \u00c9 um trabalho pela Bahia e pelo Brasil.&nbsp;A Pol\u00edcia Federal j\u00e1 est\u00e1 atuando em parceria com a Bahia h\u00e1 v\u00e1rias semanas, com opera\u00e7\u00f5es integradas, e agora essa alian\u00e7a est\u00e1 entrando numa nova fase. N\u00f3s vamos intensificar essas opera\u00e7\u00f5es conjuntas.\u201d<\/p>\n\n\n\n<p>O governador Jer\u00f4nimo Rodrigues disse que se reuniu com Fl\u00e1vio Dino \u201cpara alinhar novas estrat\u00e9gias de um trabalho em conjunto que j\u00e1 vem sendo realizado\u201d entre o governo da Bahia e o governo federal.<\/p>\n\n\n\n<p>\u201cO objetivo \u00e9 consolidar uma estrat\u00e9gia que a gente vem trabalhando desde o in\u00edcio do governo Lula. Viemos fazer ajustes para melhorar cada vez mais as nossas a\u00e7\u00f5es de seguran\u00e7a p\u00fablica em nosso estado. J\u00e1 \u00e9 poss\u00edvel ver, a cada dia, a Pol\u00edcia Militar e a Pol\u00edcia Civil da Bahia trabalhando em parceria com a Pol\u00edcia Federal, e estamos tra\u00e7ando, a partir daqui, novas a\u00e7\u00f5es.\u201d<\/p>\n\n\n\n<p>Segundo o ministro da Justi\u00e7a, \u201cnos pr\u00f3ximos dias\u201d uma equipe da pasta vir\u00e1 \u00e0 Bahia para realizar visitas t\u00e9cnicas, para novos investimentos e a\u00e7\u00f5es. \u201cVamos ampliar a destina\u00e7\u00e3o de recursos, de equipamentos e de tecnologia para essas a\u00e7\u00f5es conjuntas, e eu tenho toda a confian\u00e7a de que os resultados, que j\u00e1 est\u00e3o aparecendo, ser\u00e3o cada vez melhores.\u201d<\/p>\n\n\n\n<p>Dino afirmou que, no m\u00eas de outubro, entregar\u00e1 a Delegacia da Pol\u00edcia Federal de Feira de Santana, \u201cpara fortalecer o trabalho da PF e da Pol\u00edcia Rodovi\u00e1ria Federal na regi\u00e3o.\u201d<\/p>\n","protected":false},"excerpt":{"rendered":"<p>O ministro da Justi\u00e7a, Fl\u00e1vio Dino, recebeu o governador Jer\u00f4nimo Rodrigues (PT) em seu gabinete, em Bras\u00edlia, na noite da \u00faltima segunda-feira (25), para tratar da seguran\u00e7a p\u00fablica na Bahia, pauta nacional j\u00e1 h\u00e1 praticamente um m\u00eas por causa da \u2018guerra\u2019 entre fac\u00e7\u00f5es do crime organizado. Jer\u00f4nimo e Dino n\u00e3o comentaram (pelo menos em p\u00fablico) [&hellip;]<\/p>\n","protected":false},"author":2,"featured_media":1247,"comment_status":"open","ping_status":"open","sticky":false,"template":"","format":"standard","meta":{"_jetpack_memberships_contains_paid_content":false,"footnotes":""},"categories":[21],"tags":[],"class_list":["post-1245","post","type-post","status-publish","format-standard","has-post-thumbnail","hentry","category-bahia"],"aioseo_notices":[],"jetpack_featured_media_url":"https:\/\/i0.wp.com\/minutobahia24h.com.br\/wp-content\/uploads\/2023\/09\/dino-jeronimo.jpg?fit=600%2C420&ssl=1","jetpack_sharing_enabled":true,"_links":{"self":[{"href":"https:\/\/minutobahia24h.com.br\/index.php?rest_route=\/wp\/v2\/posts\/1245","targetHints":{"allow":["GET"]}}],"collection":[{"href":"https:\/\/minutobahia24h.com.br\/index.php?rest_route=\/wp\/v2\/posts"}],"about":[{"href":"https:\/\/minutobahia24h.com.br\/index.php?rest_route=\/wp\/v2\/types\/post"}],"author":[{"embeddable":true,"href":"https:\/\/minutobahia24h.com.br\/index.php?rest_route=\/wp\/v2\/users\/2"}],"replies":[{"embeddable":true,"href":"https:\/\/minutobahia24h.com.br\/index.php?rest_route=%2Fwp%2Fv2%2Fcomments&post=1245"}],"version-history":[{"count":1,"href":"https:\/\/minutobahia24h.com.br\/index.php?rest_route=\/wp\/v2\/posts\/1245\/revisions"}],"predecessor-version":[{"id":1248,"href":"https:\/\/minutobahia24h.com.br\/index.php?rest_route=\/wp\/v2\/posts\/1245\/revisions\/1248"}],"wp:featuredmedia":[{"embeddable":true,"href":"https:\/\/minutobahia24h.com.br\/index.php?rest_route=\/wp\/v2\/media\/1247"}],"wp:attachment":[{"href":"https:\/\/minutobahia24h.com.br\/index.php?rest_route=%2Fwp%2Fv2%2Fmedia&parent=1245"}],"wp:term":[{"taxonomy":"category","embeddable":true,"href":"https:\/\/minutobahia24h.com.br\/index.php?rest_route=%2Fwp%2Fv2%2Fcategories&post=1245"},{"taxonomy":"post_tag","embeddable":true,"href":"https:\/\/minutobahia24h.com.br\/index.php?rest_route=%2Fwp%2Fv2%2Ftags&post=1245"}],"curies":[{"name":"wp","href":"https:\/\/api.w.org\/{rel}","templated":true}]}}