{"id":1241,"date":"2023-09-26T07:30:49","date_gmt":"2023-09-26T10:30:49","guid":{"rendered":"https:\/\/minutobahia24h.com.br\/?p=1241"},"modified":"2023-09-26T07:30:50","modified_gmt":"2023-09-26T10:30:50","slug":"caixa-paga-novo-bolsa-familia-a-beneficiarios-com-nis-de-final-7","status":"publish","type":"post","link":"https:\/\/minutobahia24h.com.br\/?p=1241","title":{"rendered":"Caixa paga novo Bolsa Fam\u00edlia a benefici\u00e1rios com NIS de final 7"},"content":{"rendered":"<div class=\"wp-block-image\">\n<figure class=\"aligncenter size-full\"><img data-recalc-dims=\"1\" fetchpriority=\"high\" decoding=\"async\" width=\"600\" height=\"420\" src=\"https:\/\/i0.wp.com\/minutobahia24h.com.br\/wp-content\/uploads\/2023\/09\/novo_programa_bolsa_familia-2_0.jpg?resize=600%2C420&#038;ssl=1\" alt=\"\" class=\"wp-image-1243\" srcset=\"https:\/\/i0.wp.com\/minutobahia24h.com.br\/wp-content\/uploads\/2023\/09\/novo_programa_bolsa_familia-2_0.jpg?w=600&amp;ssl=1 600w, https:\/\/i0.wp.com\/minutobahia24h.com.br\/wp-content\/uploads\/2023\/09\/novo_programa_bolsa_familia-2_0.jpg?resize=300%2C210&amp;ssl=1 300w\" sizes=\"(max-width: 600px) 100vw, 600px\" \/><figcaption class=\"wp-element-caption\">Bras\u00edlia (DF), 02-03\/2023 &#8211; Presidente Luiz In\u00e1cio Lula da Silva lan\u00e7a o novo programa Bolsa Fam\u00edlia. Foto: Lula Marques\/Ag\u00eancia Brasil<\/figcaption><\/figure>\n<\/div>\n\n\n<p>A Caixa Econ\u00f4mica Federal paga nesta ter\u00e7a-feira (26) a parcela de setembro do novo Bolsa Fam\u00edlia aos benefici\u00e1rios com N\u00famero de Inscri\u00e7\u00e3o Social (NIS) de final 7.\u00a0Essa \u00e9 a quarta parcela com o novo adicional de R$ 50 a fam\u00edlias com gestantes e filhos de sete a 18 anos.<img data-recalc-dims=\"1\" decoding=\"async\" data-src=\"https:\/\/i0.wp.com\/agenciabrasil.ebc.com.br\/ebc.png?w=800&#038;ssl=1\" src=\"data:image\/gif;base64,R0lGODlhAQABAAAAACH5BAEKAAEALAAAAAABAAEAAAICTAEAOw==\" class=\"lazyload\"><noscript><img data-recalc-dims=\"1\" decoding=\"async\" src=\"https:\/\/i0.wp.com\/agenciabrasil.ebc.com.br\/ebc.png?w=800&#038;ssl=1\"><\/noscript><img data-recalc-dims=\"1\" decoding=\"async\" data-src=\"https:\/\/i0.wp.com\/agenciabrasil.ebc.com.br\/ebc.gif?w=800&#038;ssl=1\" src=\"data:image\/gif;base64,R0lGODlhAQABAAAAACH5BAEKAAEALAAAAAABAAEAAAICTAEAOw==\" class=\"lazyload\"><noscript><img data-recalc-dims=\"1\" decoding=\"async\" src=\"https:\/\/i0.wp.com\/agenciabrasil.ebc.com.br\/ebc.gif?w=800&#038;ssl=1\"><\/noscript><\/p>\n\n\n\n<p>Desde mar\u00e7o, o Bolsa Fam\u00edlia paga outro adicional, de R$ 150, a fam\u00edlias com crian\u00e7as de at\u00e9 seis anos. Dessa forma, o valor total do benef\u00edcio poder\u00e1 chegar a R$ 900 para quem cumpre os requisitos para receber os dois adicionais.<\/p>\n\n\n\n<p>O valor m\u00ednimo corresponde a R$ 600, mas, com o novo adicional, o valor m\u00e9dio do benef\u00edcio sobe para R$ 686,89.<\/p>\n\n\n\n<p>Segundo o Minist\u00e9rio do Desenvolvimento e Assist\u00eancia Social, neste m\u00eas o programa de transfer\u00eancia de renda do governo federal alcan\u00e7ar\u00e1 21,47 milh\u00f5es de fam\u00edlias, com gasto de R$ 14,58 bilh\u00f5es.<\/p>\n\n\n\n<p>Desde julho, passou a valer a integra\u00e7\u00e3o dos dados do Bolsa Fam\u00edlia com o Cadastro Nacional de Informa\u00e7\u00f5es Sociais (CNIS).<\/p>\n\n\n\n<p>Com base no cruzamento de informa\u00e7\u00f5es, 237.897 fam\u00edlias foram canceladas do programa em setembro por terem renda acima das regras estabelecidas pelo Bolsa Fam\u00edlia. O CNIS conta com mais de 80 bilh\u00f5es de registros administrativos referentes a renda, v\u00ednculos de emprego formal e benef\u00edcios previdenci\u00e1rios e assistenciais pagos pelo INSS.<\/p>\n\n\n\n<p>Em compensa\u00e7\u00e3o, outras 550 mil fam\u00edlias foram inclu\u00eddas no programa neste m\u00eas. A inclus\u00e3o foi poss\u00edvel por causa da pol\u00edtica de busca ativa, baseada na reestrutura\u00e7\u00e3o do Sistema \u00danico de Assist\u00eancia Social (Suas) e que se concentra nas pessoas mais vulner\u00e1veis que t\u00eam direito ao complemento de renda, mas n\u00e3o recebem o benef\u00edcio. Desde mar\u00e7o, mais de 2,15 milh\u00f5es de fam\u00edlias passaram a fazer parte do programa.<\/p>\n\n\n\n<h2 class=\"wp-block-heading\">Regra de prote\u00e7\u00e3o<\/h2>\n\n\n\n<p>Cerca de dois milh\u00f5es de fam\u00edlias est\u00e3o na regra de prote\u00e7\u00e3o em setembro. Em vigor desde junho, essa norma permite que fam\u00edlias \u2013 cujos membros consigam emprego e melhorem a renda \u2013 recebam 50% do benef\u00edcio a que teriam direito por at\u00e9 dois anos, desde que cada integrante receba o equivalente a at\u00e9 meio sal\u00e1rio m\u00ednimo. Para essas fam\u00edlias, o benef\u00edcio m\u00e9dio ficou em R$ 375,88.<\/p>\n\n\n\n<h2 class=\"wp-block-heading\">Reestrutura\u00e7\u00e3o<\/h2>\n\n\n\n<p>Desde o in\u00edcio do ano, o programa social voltou a chamar-se Bolsa Fam\u00edlia. O valor m\u00ednimo de R$ 600 foi garantido ap\u00f3s a aprova\u00e7\u00e3o da Emenda Constitucional da Transi\u00e7\u00e3o, que permitiu o gasto de at\u00e9 R$ 145 bilh\u00f5es fora do teto de gastos neste ano, dos quais R$ 70 bilh\u00f5es est\u00e3o destinados a custear o benef\u00edcio.<\/p>\n\n\n\n<p>O pagamento do adicional de R$ 150 come\u00e7ou em mar\u00e7o, ap\u00f3s o governo fazer um pente-fino no Cadastro \u00danico para Programas Sociais do Governo Federal (Cad\u00danico), visando eliminar fraudes. Segundo o balan\u00e7o mais recente, cerca de tr\u00eas milh\u00f5es de indiv\u00edduos com inconsist\u00eancias no cadastro tiveram o benef\u00edcio cortado.<\/p>\n\n\n\n<p>No modelo tradicional do Bolsa Fam\u00edlia, o pagamento ocorre nos \u00faltimos dez dias \u00fateis de cada m\u00eas. O benefici\u00e1rio poder\u00e1 consultar informa\u00e7\u00f5es sobre as datas de pagamento, o valor do benef\u00edcio e a composi\u00e7\u00e3o das parcelas no aplicativo Caixa Tem, usado para acompanhar as contas poupan\u00e7a digitais do banco.<\/p>\n\n\n\n<h2 class=\"wp-block-heading\">Aux\u00edlio G\u00e1s<\/h2>\n\n\n\n<p>Neste m\u00eas, n\u00e3o haver\u00e1 o pagamento do Aux\u00edlio G\u00e1s, que beneficia fam\u00edlias cadastradas no Cad\u00danico. Como o benef\u00edcio s\u00f3 \u00e9 pago a cada dois meses, o pagamento voltar\u00e1 em outubro.<\/p>\n\n\n\n<p>S\u00f3 pode receber o Aux\u00edlio G\u00e1s quem est\u00e1 inclu\u00eddo no Cad\u00danico e tenha pelo menos um membro da fam\u00edlia que receba o Benef\u00edcio de Presta\u00e7\u00e3o Continuada (BPC). A lei que criou o programa definiu que a mulher respons\u00e1vel pela fam\u00edlia ter\u00e1 prefer\u00eancia, assim como mulheres v\u00edtimas de viol\u00eancia dom\u00e9stica.<\/p>\n\n\n\n<p>Bahia.ba<\/p>\n","protected":false},"excerpt":{"rendered":"<p>A Caixa Econ\u00f4mica Federal paga nesta ter\u00e7a-feira (26) a parcela de setembro do novo Bolsa Fam\u00edlia aos benefici\u00e1rios com N\u00famero de Inscri\u00e7\u00e3o Social (NIS) de final 7.\u00a0Essa \u00e9 a quarta parcela com o novo adicional de R$ 50 a fam\u00edlias com gestantes e filhos de sete a 18 anos. Desde mar\u00e7o, o Bolsa Fam\u00edlia paga [&hellip;]<\/p>\n","protected":false},"author":2,"featured_media":1243,"comment_status":"open","ping_status":"open","sticky":false,"template":"","format":"standard","meta":{"_jetpack_memberships_contains_paid_content":false,"footnotes":""},"categories":[19],"tags":[],"class_list":["post-1241","post","type-post","status-publish","format-standard","has-post-thumbnail","hentry","category-economia"],"aioseo_notices":[],"jetpack_featured_media_url":"https:\/\/i0.wp.com\/minutobahia24h.com.br\/wp-content\/uploads\/2023\/09\/novo_programa_bolsa_familia-2_0.jpg?fit=600%2C420&ssl=1","jetpack_sharing_enabled":true,"_links":{"self":[{"href":"https:\/\/minutobahia24h.com.br\/index.php?rest_route=\/wp\/v2\/posts\/1241","targetHints":{"allow":["GET"]}}],"collection":[{"href":"https:\/\/minutobahia24h.com.br\/index.php?rest_route=\/wp\/v2\/posts"}],"about":[{"href":"https:\/\/minutobahia24h.com.br\/index.php?rest_route=\/wp\/v2\/types\/post"}],"author":[{"embeddable":true,"href":"https:\/\/minutobahia24h.com.br\/index.php?rest_route=\/wp\/v2\/users\/2"}],"replies":[{"embeddable":true,"href":"https:\/\/minutobahia24h.com.br\/index.php?rest_route=%2Fwp%2Fv2%2Fcomments&post=1241"}],"version-history":[{"count":1,"href":"https:\/\/minutobahia24h.com.br\/index.php?rest_route=\/wp\/v2\/posts\/1241\/revisions"}],"predecessor-version":[{"id":1244,"href":"https:\/\/minutobahia24h.com.br\/index.php?rest_route=\/wp\/v2\/posts\/1241\/revisions\/1244"}],"wp:featuredmedia":[{"embeddable":true,"href":"https:\/\/minutobahia24h.com.br\/index.php?rest_route=\/wp\/v2\/media\/1243"}],"wp:attachment":[{"href":"https:\/\/minutobahia24h.com.br\/index.php?rest_route=%2Fwp%2Fv2%2Fmedia&parent=1241"}],"wp:term":[{"taxonomy":"category","embeddable":true,"href":"https:\/\/minutobahia24h.com.br\/index.php?rest_route=%2Fwp%2Fv2%2Fcategories&post=1241"},{"taxonomy":"post_tag","embeddable":true,"href":"https:\/\/minutobahia24h.com.br\/index.php?rest_route=%2Fwp%2Fv2%2Ftags&post=1241"}],"curies":[{"name":"wp","href":"https:\/\/api.w.org\/{rel}","templated":true}]}}