{"id":12378,"date":"2024-05-06T11:41:31","date_gmt":"2024-05-06T14:41:31","guid":{"rendered":"https:\/\/minutobahia24h.com.br\/?p=12378"},"modified":"2024-05-20T11:47:15","modified_gmt":"2024-05-20T14:47:15","slug":"ato-promovido-por-jurailton-santos-homenageia-pastores-e-lideres-evangelicos","status":"publish","type":"post","link":"https:\/\/minutobahia24h.com.br\/?p=12378","title":{"rendered":"Ato promovido por Jurailton Santos homenageia pastores e l\u00edderes evang\u00e9licos"},"content":{"rendered":"<div class=\"wp-block-image\">\n<figure class=\"aligncenter size-large\"><img data-recalc-dims=\"1\" fetchpriority=\"high\" decoding=\"async\" width=\"800\" height=\"538\" src=\"https:\/\/i0.wp.com\/minutobahia24h.com.br\/wp-content\/uploads\/2024\/05\/Sem-titulo-199-1024x689.jpg?resize=800%2C538&#038;ssl=1\" alt=\"\" class=\"wp-image-12379\" srcset=\"https:\/\/i0.wp.com\/minutobahia24h.com.br\/wp-content\/uploads\/2024\/05\/Sem-titulo-199.jpg?resize=1024%2C689&amp;ssl=1 1024w, https:\/\/i0.wp.com\/minutobahia24h.com.br\/wp-content\/uploads\/2024\/05\/Sem-titulo-199.jpg?resize=300%2C202&amp;ssl=1 300w, https:\/\/i0.wp.com\/minutobahia24h.com.br\/wp-content\/uploads\/2024\/05\/Sem-titulo-199.jpg?resize=768%2C516&amp;ssl=1 768w, https:\/\/i0.wp.com\/minutobahia24h.com.br\/wp-content\/uploads\/2024\/05\/Sem-titulo-199.jpg?resize=1536%2C1033&amp;ssl=1 1536w, https:\/\/i0.wp.com\/minutobahia24h.com.br\/wp-content\/uploads\/2024\/05\/Sem-titulo-199.jpg?resize=750%2C504&amp;ssl=1 750w, https:\/\/i0.wp.com\/minutobahia24h.com.br\/wp-content\/uploads\/2024\/05\/Sem-titulo-199.jpg?resize=1140%2C767&amp;ssl=1 1140w, https:\/\/i0.wp.com\/minutobahia24h.com.br\/wp-content\/uploads\/2024\/05\/Sem-titulo-199.jpg?w=1600&amp;ssl=1 1600w\" sizes=\"(max-width: 800px) 100vw, 800px\" \/><\/figure>\n<\/div>\n\n\n<p><\/p>\n\n\n\n<p>O Audit\u00f3rio Jornalista Jorge Calmon, na Assembleia Legislativa da Bahia, se tornou palco na \u00faltima quinta-feira (2) para a 3\u00aa edi\u00e7\u00e3o do ato em Homenagem a Pastores e L\u00edderes Evang\u00e9licos, proposta pelo deputado estadual Jurailton Santos (Republicanos). De acordo com o parlamentar, foi uma tarde que ficar\u00e1 marcada na vida de homens e mulheres que desenvolvem um trabalho de amor na propaga\u00e7\u00e3o do evangelho de Cristo.<\/p>\n\n\n\n<figure class=\"wp-block-image size-large\"><img data-recalc-dims=\"1\" decoding=\"async\" width=\"800\" height=\"534\" src=\"https:\/\/i0.wp.com\/minutobahia24h.com.br\/wp-content\/uploads\/2024\/05\/1-1024x683.jpg?resize=800%2C534&#038;ssl=1\" alt=\"\" class=\"wp-image-12381\" srcset=\"https:\/\/i0.wp.com\/minutobahia24h.com.br\/wp-content\/uploads\/2024\/05\/1.jpg?resize=1024%2C683&amp;ssl=1 1024w, https:\/\/i0.wp.com\/minutobahia24h.com.br\/wp-content\/uploads\/2024\/05\/1.jpg?resize=300%2C200&amp;ssl=1 300w, https:\/\/i0.wp.com\/minutobahia24h.com.br\/wp-content\/uploads\/2024\/05\/1.jpg?resize=768%2C512&amp;ssl=1 768w, https:\/\/i0.wp.com\/minutobahia24h.com.br\/wp-content\/uploads\/2024\/05\/1.jpg?resize=1536%2C1024&amp;ssl=1 1536w, https:\/\/i0.wp.com\/minutobahia24h.com.br\/wp-content\/uploads\/2024\/05\/1.jpg?resize=750%2C500&amp;ssl=1 750w, https:\/\/i0.wp.com\/minutobahia24h.com.br\/wp-content\/uploads\/2024\/05\/1.jpg?resize=1140%2C760&amp;ssl=1 1140w, https:\/\/i0.wp.com\/minutobahia24h.com.br\/wp-content\/uploads\/2024\/05\/1.jpg?w=1600&amp;ssl=1 1600w\" sizes=\"(max-width: 800px) 100vw, 800px\" \/><\/figure>\n\n\n\n<p>&#8220;\u00c9 inquestion\u00e1vel o trabalho desenvolvido pelas institui\u00e7\u00f5es crist\u00e3s em nossa Bahia, sobretudo, pelos seus l\u00edderes que doam suas vidas no exerc\u00edcio de outras vidas. Esse reconhecimento s\u00f3 fortalece e nos une ainda mais, com o intuito de expandir essa a\u00e7\u00e3o pelos quatro cantos do nosso Estado, onde h\u00e1 um verdadeiro servo disposto a abdicar de tudo pelo amor do nosso Senhor e pelo seu semelhante&#8221;, disse Jurailton. <\/p>\n\n\n\n<p>O evento buscou destacar as a\u00e7\u00f5es realizadas por esses ministros que refletem o amor de Deus por meio da assist\u00eancia social e espiritual, do apoio \u00e0s fam\u00edlias vulner\u00e1veis, entre outras iniciativas e contou com as presen\u00e7as de parlamentares, al\u00e9m de pastores, bispos, ap\u00f3stolos e representantes de diversas igrejas com representa\u00e7\u00e3o no estado da Bahia. A mesa do evento foi composta por parlamentares e l\u00edderes religiosos, a exemplo do deputado federal e bispo, M\u00e1rcio Marinho; deputado estadual e bispo, Jos\u00e9 de Arimateia; vereadores da cidade de Salvador,, pastor Luiz Carlos e o bispo Julio Santos; vereadora Ireuda Silva; pastores K\u00eanio Rezende, Manoel Concei\u00e7\u00e3o e Almiro Nascimento e as pastoras Vangelista Mariano e Renilda Pereira.<\/p>\n","protected":false},"excerpt":{"rendered":"<p>O Audit\u00f3rio Jornalista Jorge Calmon, na Assembleia Legislativa da Bahia, se tornou palco na \u00faltima quinta-feira (2) para a 3\u00aa edi\u00e7\u00e3o do ato em Homenagem a Pastores e L\u00edderes Evang\u00e9licos, proposta pelo deputado estadual Jurailton Santos (Republicanos). De acordo com o parlamentar, foi uma tarde que ficar\u00e1 marcada na vida de homens e mulheres que [&hellip;]<\/p>\n","protected":false},"author":2,"featured_media":12379,"comment_status":"open","ping_status":"open","sticky":false,"template":"","format":"standard","meta":{"_jetpack_memberships_contains_paid_content":false,"footnotes":""},"categories":[46],"tags":[],"class_list":["post-12378","post","type-post","status-publish","format-standard","has-post-thumbnail","hentry","category-noticia"],"aioseo_notices":[],"jetpack_featured_media_url":"https:\/\/i0.wp.com\/minutobahia24h.com.br\/wp-content\/uploads\/2024\/05\/Sem-titulo-199.jpg?fit=1600%2C1076&ssl=1","jetpack_sharing_enabled":true,"_links":{"self":[{"href":"https:\/\/minutobahia24h.com.br\/index.php?rest_route=\/wp\/v2\/posts\/12378","targetHints":{"allow":["GET"]}}],"collection":[{"href":"https:\/\/minutobahia24h.com.br\/index.php?rest_route=\/wp\/v2\/posts"}],"about":[{"href":"https:\/\/minutobahia24h.com.br\/index.php?rest_route=\/wp\/v2\/types\/post"}],"author":[{"embeddable":true,"href":"https:\/\/minutobahia24h.com.br\/index.php?rest_route=\/wp\/v2\/users\/2"}],"replies":[{"embeddable":true,"href":"https:\/\/minutobahia24h.com.br\/index.php?rest_route=%2Fwp%2Fv2%2Fcomments&post=12378"}],"version-history":[{"count":1,"href":"https:\/\/minutobahia24h.com.br\/index.php?rest_route=\/wp\/v2\/posts\/12378\/revisions"}],"predecessor-version":[{"id":12382,"href":"https:\/\/minutobahia24h.com.br\/index.php?rest_route=\/wp\/v2\/posts\/12378\/revisions\/12382"}],"wp:featuredmedia":[{"embeddable":true,"href":"https:\/\/minutobahia24h.com.br\/index.php?rest_route=\/wp\/v2\/media\/12379"}],"wp:attachment":[{"href":"https:\/\/minutobahia24h.com.br\/index.php?rest_route=%2Fwp%2Fv2%2Fmedia&parent=12378"}],"wp:term":[{"taxonomy":"category","embeddable":true,"href":"https:\/\/minutobahia24h.com.br\/index.php?rest_route=%2Fwp%2Fv2%2Fcategories&post=12378"},{"taxonomy":"post_tag","embeddable":true,"href":"https:\/\/minutobahia24h.com.br\/index.php?rest_route=%2Fwp%2Fv2%2Ftags&post=12378"}],"curies":[{"name":"wp","href":"https:\/\/api.w.org\/{rel}","templated":true}]}}