{"id":1237,"date":"2023-09-26T07:27:35","date_gmt":"2023-09-26T10:27:35","guid":{"rendered":"https:\/\/minutobahia24h.com.br\/?p=1237"},"modified":"2023-09-26T07:27:37","modified_gmt":"2023-09-26T10:27:37","slug":"moraes-vota-pela-condenacao-de-mais-cinco-reus-pelo-8-1-dois-deles-a-14-anos-e-um-a-17","status":"publish","type":"post","link":"https:\/\/minutobahia24h.com.br\/?p=1237","title":{"rendered":"Moraes vota pela condena\u00e7\u00e3o de mais cinco r\u00e9us pelo 8\/1; dois deles a 14 anos e um a 17"},"content":{"rendered":"<div class=\"wp-block-image\">\n<figure class=\"aligncenter size-full\"><img data-recalc-dims=\"1\" fetchpriority=\"high\" decoding=\"async\" width=\"600\" height=\"420\" src=\"https:\/\/i0.wp.com\/minutobahia24h.com.br\/wp-content\/uploads\/2023\/09\/Alexandre-de-Moraes2.jpg?resize=600%2C420&#038;ssl=1\" alt=\"\" class=\"wp-image-1239\" srcset=\"https:\/\/i0.wp.com\/minutobahia24h.com.br\/wp-content\/uploads\/2023\/09\/Alexandre-de-Moraes2.jpg?w=600&amp;ssl=1 600w, https:\/\/i0.wp.com\/minutobahia24h.com.br\/wp-content\/uploads\/2023\/09\/Alexandre-de-Moraes2.jpg?resize=300%2C210&amp;ssl=1 300w\" sizes=\"(max-width: 600px) 100vw, 600px\" \/><figcaption class=\"wp-element-caption\">Foto: Divulga\u00e7\u00e3o\/STF<\/figcaption><\/figure>\n<\/div>\n\n\n<p>O ministro Alexandre de Moraes, do Supremo Tribunal Federal (STF), votou nesta ter\u00e7a-feira (26) pela condena\u00e7\u00e3o de mais cinco r\u00e9us pelos atos golpistas de 8 de janeiro.\u00a0<img data-recalc-dims=\"1\" decoding=\"async\" data-src=\"https:\/\/i0.wp.com\/agenciabrasil.ebc.com.br\/ebc.png?w=800&#038;ssl=1\" src=\"data:image\/gif;base64,R0lGODlhAQABAAAAACH5BAEKAAEALAAAAAABAAEAAAICTAEAOw==\" class=\"lazyload\"><noscript><img data-recalc-dims=\"1\" decoding=\"async\" src=\"https:\/\/i0.wp.com\/agenciabrasil.ebc.com.br\/ebc.png?w=800&#038;ssl=1\"><\/noscript><img data-recalc-dims=\"1\" decoding=\"async\" data-src=\"https:\/\/i0.wp.com\/agenciabrasil.ebc.com.br\/ebc.gif?w=800&#038;ssl=1\" src=\"data:image\/gif;base64,R0lGODlhAQABAAAAACH5BAEKAAEALAAAAAABAAEAAAICTAEAOw==\" class=\"lazyload\"><noscript><img data-recalc-dims=\"1\" decoding=\"async\" src=\"https:\/\/i0.wp.com\/agenciabrasil.ebc.com.br\/ebc.gif?w=800&#038;ssl=1\"><\/noscript>Na madrugada de hoje, a Corte iniciou o julgamento virtual das a\u00e7\u00f5es penais contra os acusados. A vota\u00e7\u00e3o ser\u00e1 vai at\u00e9 2 de outubro. Dez ministros est\u00e3o aptos a votar. Eu seu voto, Moraes condena os r\u00e9us Jo\u00e3o Lucas Vale Giffoni,\u00a0Jupira da Cruz Rodrigues\u00a0e\u00a0Nilma Lacerda Alves\u00a0a 14 anos de pris\u00e3o.\u00a0Davis Baek foi apenado com 12 anos, e\u00a0Moacir Jose Dos Santos, condenado a 17 anos.<\/p>\n\n\n\n<p>Todos foram denunciados pela Procuradoria-Geral da Rep\u00fablica (PGR) pelos crimes de associa\u00e7\u00e3o criminosa armada, aboli\u00e7\u00e3o violenta do Estado Democr\u00e1tico de Direito, golpe de Estado e dano qualificado. Pela modalidade virtual, os ministros inserem os votos no sistema eletr\u00f4nico e n\u00e3o h\u00e1 delibera\u00e7\u00e3o presencial. O julgamento \u00e9 aberto com o voto do relator. Em seguida, os demais ministros passam a votar at\u00e9 o hor\u00e1rio limite estabelecido pelo sistema. Antes do julgamento, os advogados incluem v\u00eddeos com a grava\u00e7\u00e3o da sustenta\u00e7\u00e3o oral.<\/p>\n\n\n\n<h2 class=\"wp-block-heading\">Acusados<\/h2>\n\n\n\n<p>Jo\u00e3o Lucas Valle Giffoni mora em Bras\u00edlia e foi preso em flagrante pela Pol\u00edcia Legislativa dentro do Congresso. No processo, a defesa do r\u00e9u afirmou que ele n\u00e3o participou da invas\u00e3o do pr\u00e9dio e entrou no Congresso para fugir das bombas de g\u00e1s lacrimog\u00eaneo.&nbsp;A defesa de Giffoni acrescentou ainda que ele n\u00e3o apoia atos antidemocr\u00e1ticos e de vandalismo.<\/p>\n\n\n\n<p>Jupira Silvana da Cruz Rodrigues vive em Betim (MG) e foi presa no interior do Palacio do Planalto. Os advogados dela afirmaram que \u201cn\u00e3o h\u00e1 nenhuma evid\u00eancia\u201d de que acusada tenha participado da depreda\u00e7\u00e3o. Segundo a defesa, ela chegou na Esplanada dos Minist\u00e9rios ap\u00f3s o in\u00edcio da depreda\u00e7\u00e3o e entrou no Pal\u00e1cio do Planalto para se proteger das balas de borracha e do g\u00e1s lacrimog\u00eaneo lan\u00e7ados contra os manifestantes que estavam do lado de fora.<\/p>\n\n\n\n<p>Nilma Lacerda Alves, de Barreiras (BA), tamb\u00e9m foi presa no Pal\u00e1cio do Planalto. A defesa declarou que a r\u00e9 n\u00e3o participou das depreda\u00e7\u00f5es e disse que n\u00e3o h\u00e1 provas no processo para justificar a condena\u00e7\u00e3o. Davis Baek, morador de S\u00e3o Paulo, foi preso na Pra\u00e7a dos Tr\u00eas Poderes e portava dois roj\u00f5es, cartuchos de g\u00e1s lacrimog\u00eaneo, uma faca e um canivete. A defesa sustentou que ele n\u00e3o participou da depreda\u00e7\u00e3o.<\/p>\n\n\n\n<p>A defesa de Moacir Jose dos Santos, de Cascavel (PR), preso no Pal\u00e1cio do Planalto, disse que o r\u00e9u foi a Bras\u00edlia para participar de uma manifesta\u00e7\u00e3o \u201cordeira e pac\u00edfica\u201d e n\u00e3o aderiu aos atos de depreda\u00e7\u00e3o. Tamb\u00e9m afirmou que o acusado n\u00e3o portou nenhum tipo de armamento e que ele entrou no Pal\u00e1cio para se proteger.<\/p>\n\n\n\n<p>H\u00e1 duas semanas, o STF condenou os tr\u00eas primeiros r\u00e9us.<\/p>\n\n\n\n<p>Bahia.ba<\/p>\n","protected":false},"excerpt":{"rendered":"<p>O ministro Alexandre de Moraes, do Supremo Tribunal Federal (STF), votou nesta ter\u00e7a-feira (26) pela condena\u00e7\u00e3o de mais cinco r\u00e9us pelos atos golpistas de 8 de janeiro.\u00a0Na madrugada de hoje, a Corte iniciou o julgamento virtual das a\u00e7\u00f5es penais contra os acusados. A vota\u00e7\u00e3o ser\u00e1 vai at\u00e9 2 de outubro. Dez ministros est\u00e3o aptos a [&hellip;]<\/p>\n","protected":false},"author":2,"featured_media":1239,"comment_status":"open","ping_status":"open","sticky":false,"template":"","format":"standard","meta":{"_jetpack_memberships_contains_paid_content":false,"footnotes":""},"categories":[23],"tags":[],"class_list":["post-1237","post","type-post","status-publish","format-standard","has-post-thumbnail","hentry","category-justica"],"aioseo_notices":[],"jetpack_featured_media_url":"https:\/\/i0.wp.com\/minutobahia24h.com.br\/wp-content\/uploads\/2023\/09\/Alexandre-de-Moraes2.jpg?fit=600%2C420&ssl=1","jetpack_sharing_enabled":true,"_links":{"self":[{"href":"https:\/\/minutobahia24h.com.br\/index.php?rest_route=\/wp\/v2\/posts\/1237","targetHints":{"allow":["GET"]}}],"collection":[{"href":"https:\/\/minutobahia24h.com.br\/index.php?rest_route=\/wp\/v2\/posts"}],"about":[{"href":"https:\/\/minutobahia24h.com.br\/index.php?rest_route=\/wp\/v2\/types\/post"}],"author":[{"embeddable":true,"href":"https:\/\/minutobahia24h.com.br\/index.php?rest_route=\/wp\/v2\/users\/2"}],"replies":[{"embeddable":true,"href":"https:\/\/minutobahia24h.com.br\/index.php?rest_route=%2Fwp%2Fv2%2Fcomments&post=1237"}],"version-history":[{"count":1,"href":"https:\/\/minutobahia24h.com.br\/index.php?rest_route=\/wp\/v2\/posts\/1237\/revisions"}],"predecessor-version":[{"id":1240,"href":"https:\/\/minutobahia24h.com.br\/index.php?rest_route=\/wp\/v2\/posts\/1237\/revisions\/1240"}],"wp:featuredmedia":[{"embeddable":true,"href":"https:\/\/minutobahia24h.com.br\/index.php?rest_route=\/wp\/v2\/media\/1239"}],"wp:attachment":[{"href":"https:\/\/minutobahia24h.com.br\/index.php?rest_route=%2Fwp%2Fv2%2Fmedia&parent=1237"}],"wp:term":[{"taxonomy":"category","embeddable":true,"href":"https:\/\/minutobahia24h.com.br\/index.php?rest_route=%2Fwp%2Fv2%2Fcategories&post=1237"},{"taxonomy":"post_tag","embeddable":true,"href":"https:\/\/minutobahia24h.com.br\/index.php?rest_route=%2Fwp%2Fv2%2Ftags&post=1237"}],"curies":[{"name":"wp","href":"https:\/\/api.w.org\/{rel}","templated":true}]}}