{"id":1233,"date":"2023-09-26T07:24:42","date_gmt":"2023-09-26T10:24:42","guid":{"rendered":"https:\/\/minutobahia24h.com.br\/?p=1233"},"modified":"2023-09-26T07:24:44","modified_gmt":"2023-09-26T10:24:44","slug":"do-alinhamento-a-bolsonaro-ao-democracia-eu-te-amo-a-passagem-de-aras-pela-pgr-em-oito-pontos","status":"publish","type":"post","link":"https:\/\/minutobahia24h.com.br\/?p=1233","title":{"rendered":"Do alinhamento a Bolsonaro ao &#8216;democracia, eu te amo&#8217;: a passagem de Aras pela PGR em oito pontos"},"content":{"rendered":"<div class=\"wp-block-image\">\n<figure class=\"aligncenter size-full\"><img data-recalc-dims=\"1\" fetchpriority=\"high\" decoding=\"async\" width=\"800\" height=\"533\" src=\"https:\/\/i0.wp.com\/minutobahia24h.com.br\/wp-content\/uploads\/2023\/09\/Sem-titulo-95.jpg?resize=800%2C533&#038;ssl=1\" alt=\"\" class=\"wp-image-1235\" srcset=\"https:\/\/i0.wp.com\/minutobahia24h.com.br\/wp-content\/uploads\/2023\/09\/Sem-titulo-95.jpg?w=888&amp;ssl=1 888w, https:\/\/i0.wp.com\/minutobahia24h.com.br\/wp-content\/uploads\/2023\/09\/Sem-titulo-95.jpg?resize=300%2C200&amp;ssl=1 300w, https:\/\/i0.wp.com\/minutobahia24h.com.br\/wp-content\/uploads\/2023\/09\/Sem-titulo-95.jpg?resize=768%2C512&amp;ssl=1 768w, https:\/\/i0.wp.com\/minutobahia24h.com.br\/wp-content\/uploads\/2023\/09\/Sem-titulo-95.jpg?resize=750%2C500&amp;ssl=1 750w\" sizes=\"(max-width: 800px) 100vw, 800px\" \/><figcaption class=\"wp-element-caption\">O procurador-geral da Rep\u00fablica Augusto Aras: mandato termina nesta ter\u00e7a \u2014 Foto: Carlos Moura\/STF<\/figcaption><\/figure>\n<\/div>\n\n\n<p>Depois de quatro anos no cargo, o procurador-geral da Rep\u00fablica,\u00a0<a class=\"\" href=\"http:\/\/oglobo.globo.com\/tudo-sobre\/personalidade\/augusto-aras\/\">Augusto Aras<\/a>, deixa a chefia do\u00a0<a class=\"\" href=\"http:\/\/oglobo.globo.com\/tudo-sobre\/instituicao-governamental\/mpf\/\">Minist\u00e9rio P\u00fablico Federal<\/a>\u00a0nesta ter\u00e7a-feira. O\u00a0<a class=\"\" href=\"http:\/\/oglobo.globo.com\/tudo-sobre\/instituicao-governamental\/pgr\/\">PGR<\/a>\u00a0foi indicado pelo ex-presidente\u00a0<a class=\"\" href=\"https:\/\/oglobo.globo.com\/tudo-sobre\/politico\/jair-messias-bolsonaro\">Jair Bolsonaro<\/a>\u00a0pela primeira vez em 2019, sendo reconduzido em 2021 \u2014 nas duas ocasi\u00f5es, o ent\u00e3o chefe do Executivo escolheu um nome que n\u00e3o constava na lista tr\u00edplice organizada por integrantes do MPF e apresentada \u00e0 Presid\u00eancia. O per\u00edodo de Aras \u00e0 frente do \u00f3rg\u00e3o foi marcado pela aproxima\u00e7\u00e3o com Bolsonaro, a defesa da bandeira antilavajatista e falas pol\u00eamicas.<\/p>\n\n\n\n<p><strong>Veja oito pontos que marcaram a passagem de Aras pela PGR.<\/strong><\/p>\n\n\n\n<h2 class=\"wp-block-heading\"><strong>Alinhamento a Bolsonaro<\/strong><\/h2>\n\n\n\n<p>Durante o per\u00edodo em que esteve \u00e0 frente da PGR, Aras arquivou uma s\u00e9rie de investiga\u00e7\u00f5es contra Bolsonaro. Ao todo, ele engavetou mais de 70 pedidos de inqu\u00e9rito em casos que inclu\u00edam acusa\u00e7\u00f5es de prevarica\u00e7\u00e3o, emprego irregular de verba p\u00fablica, infra\u00e7\u00e3o a medidas sanit\u00e1rias e epidemia com resultado de morte, as duas \u00faltimas decorrentes da CPI da Covid. O PGR tamb\u00e9m n\u00e3o viu crime nas prega\u00e7\u00f5es de Bolsonaro contra as vacinas e o uso de m\u00e1scaras, nem contra as declara\u00e7\u00f5es golpistas de 7 de setembro de 2021.<\/p>\n\n\n\n<h2 class=\"wp-block-heading\">&#8216;Lavajatismo h\u00e1 de passar&#8217;<\/h2>\n\n\n\n<p>Nos primeiros dois anos \u00e0 frente do cargo, Aras j\u00e1 deixou clara sua posi\u00e7\u00e3o contr\u00e1ria \u00e0s investiga\u00e7\u00f5es da Opera\u00e7\u00e3o Lava-Jato, conduzidas por bra\u00e7os do Minist\u00e9rio P\u00fablico Federal nos estados. Certa vez, em transmiss\u00e3o ao vivo ao lado de juristas do grupo Prerrogativas, composto por profissionais do Direito cr\u00edticos \u00e0 opera\u00e7\u00e3o, ele afirmou ser preciso &#8220;corrigir rumos&#8221; no MPF para que o &#8220;lavajatismo&#8221; deixasse de existir:<\/p>\n\n\n\n<p>\u2014 A corre\u00e7\u00e3o de rumos n\u00e3o significa redu\u00e7\u00e3o do empenho no combate \u00e0 corrup\u00e7\u00e3o. Contrariamente a isso, o que n\u00f3s temos aqui na casa \u00e9 o pensamento de buscar fortalecer a investiga\u00e7\u00e3o cient\u00edfica e, acima de tudo, visando respeitar direitos e garantias fundamentais.<\/p>\n\n\n\n<h2 class=\"wp-block-heading\">Cotado para STF<\/h2>\n\n\n\n<p>Pouco depois de ser reconduzido ao cargo, em 2021, Aras passou a ser cotado para indica\u00e7\u00e3o a uma vaga no STF, aberta pela aposentadoria do ministro Marco Aur\u00e9lio Mello. Apesar de disputar a vaga com o ent\u00e3o advogado-geral da Uni\u00e3o, Andr\u00e9 Mendon\u00e7a, o PGR afirmou \u00e0 BandNews, \u00e0 \u00e9poca, que vinha tendo conversas sobre a possibilidade de ocupar o cargo. A indica\u00e7\u00e3o n\u00e3o vingou, e Mendon\u00e7a foi nomeado ao posto.<\/p>\n\n\n\n<p>\u2014 Eu admito que a conversa sempre ocorra, inclusive nos encontros fortuitos ou n\u00e3o, nos jantares ou encontros em um corredor, em uma se\u00e7\u00e3o. Todavia, eu n\u00e3o me candidatei a ministro do Supremo. Estou em um cargo de procurador da Rep\u00fablica(&#8230;) se em algum momento da minha vida eu for distinguido pelo presidente da Rep\u00fablica com a indica\u00e7\u00e3o, ser\u00e1 uma grande honra \u2014 afirmou.<\/p>\n\n\n\n<h2 class=\"wp-block-heading\">Investiga\u00e7\u00e3o na pr\u00f3pria PGR<\/h2>\n\n\n\n<p>Em 2021, parlamentares que ent\u00e3o integravam a oposi\u00e7\u00e3o entraram com pedido de investiga\u00e7\u00e3o contra Aras na pr\u00f3pria Procuradoria-Geral da Rep\u00fablica (PGR) por supostas omiss\u00f5es na fiscaliza\u00e7\u00e3o do ex-presidente Jair Bolsonaro durante a pandemia da Covid-19. O processo gerou uma guerra interna no MPF: enquanto conselheiros tentaram dar continuidade ao julgamento do caso, um aliado de Aras barrou o avan\u00e7o do processo e paralisou a tramita\u00e7\u00e3o. O pedido foi assinado pelos senadores Randolfe Rodriges, Alessandro Vieira e Fabiano Contarato.<\/p>\n\n\n\n<h2 class=\"wp-block-heading\">Processo contra professor da USP<\/h2>\n\n\n\n<p>O procurador-geral da Rep\u00fablica ajuizou, em 2021, uma queixa-crime na Justi\u00e7a Federal do Distrito Federal contra o professor de Direito da USP Conrado H\u00fcbner, que havia feito cr\u00edticas \u00e0 atua\u00e7\u00e3o de Aras \u00e0 frente do \u00f3rg\u00e3o nas redes sociais, o chamando de &#8220;Poste Geral da Rep\u00fablica&#8221; e o acusando de &#8220;omiss\u00e3o&#8221; e &#8220;desfa\u00e7atez&#8221;. No documento, Aras imputava ao docente a pr\u00e1tica dos crimes de cal\u00fania, inj\u00faria e difama\u00e7\u00e3o.<\/p>\n\n\n\n<h2 class=\"wp-block-heading\">Briga com procurador<\/h2>\n\n\n\n<p>Em maio do ano passado, Aras bateu boca e partiu para cima de um procurador em reuni\u00e3o do Conselho Superior do Minist\u00e9rio P\u00fablico Federal. Na discuss\u00e3o, transmitida ao vivo por canais do MPF, \u00e9 poss\u00edvel ver o momento em que o PGR se levanta e vai em dire\u00e7\u00e3o ao procurador N\u00edvio de Freitas, que apresentou posi\u00e7\u00e3o contr\u00e1ria \u00e0 sua sobre a elei\u00e7\u00e3o de membros para c\u00e2maras tem\u00e1ticas do \u00f3rg\u00e3o. Os dois tiveram de ser apartados por integrantes do MPF.<\/p>\n\n\n\n<p>\u2014 Eu gostaria que Vossa Excel\u00eancia respeitasse a dire\u00e7\u00e3o dos trabalhos \u2014 disse Aras, apontando o dedo para Freitas. \u2014 O conselheiro Nicolao [Dino] est\u00e1 falando e eu estou ouvindo. Respeite a dire\u00e7\u00e3o dos trabalhos.<\/p>\n\n\n\n<h2 class=\"wp-block-heading\">&#8216;Democracia, eu te amo&#8217;<\/h2>\n\n\n\n<p>Augusto Aras declarou o amor \u00e0 democracia em discurso de abertura do ano judici\u00e1rio no STF no come\u00e7o deste ano. Na ocasi\u00e3o, afirmou que era a hora de &#8220;pacificar e conciliar&#8221; a sociedade ap\u00f3s o per\u00edodo eleitoral e pediu a normalidade das institui\u00e7\u00f5es e das pessoas.<\/p>\n\n\n\n<p>\u2014 N\u00f3s, cidad\u00e3os do Estado Democr\u00e1tico de Direito, precisamos dizer todos os dias: democracia, eu te amo, eu te amo, eu te amo \u2014 afirmou, antes de repetir novamente a frase.<\/p>\n\n\n\n<h2 class=\"wp-block-heading\">Promo\u00e7\u00e3o de subprocuradora bolsonarista<\/h2>\n\n\n\n<p>O PGR decidiu promover ao posto de n\u00famero dois do MPF a subprocuradora-geral da Rep\u00fablica Lind\u00f4ra Ara\u00fajo, que at\u00e9 ent\u00e3o coordenava investiga\u00e7\u00f5es criminais no \u00f3rg\u00e3o. A decis\u00e3o, tomada em abril de 2022, tamb\u00e9m foi vista como um aceno a Jair Bolsonaro, uma vez que a profissional era vista como uma das mais alinhadas ao ex-presidente no \u00f3rg\u00e3o.<\/p>\n","protected":false},"excerpt":{"rendered":"<p>Depois de quatro anos no cargo, o procurador-geral da Rep\u00fablica,\u00a0Augusto Aras, deixa a chefia do\u00a0Minist\u00e9rio P\u00fablico Federal\u00a0nesta ter\u00e7a-feira. O\u00a0PGR\u00a0foi indicado pelo ex-presidente\u00a0Jair Bolsonaro\u00a0pela primeira vez em 2019, sendo reconduzido em 2021 \u2014 nas duas ocasi\u00f5es, o ent\u00e3o chefe do Executivo escolheu um nome que n\u00e3o constava na lista tr\u00edplice organizada por integrantes do MPF e [&hellip;]<\/p>\n","protected":false},"author":2,"featured_media":1235,"comment_status":"open","ping_status":"open","sticky":false,"template":"","format":"standard","meta":{"_jetpack_memberships_contains_paid_content":false,"footnotes":""},"categories":[2],"tags":[],"class_list":["post-1233","post","type-post","status-publish","format-standard","has-post-thumbnail","hentry","category-nacional"],"aioseo_notices":[],"jetpack_featured_media_url":"https:\/\/i0.wp.com\/minutobahia24h.com.br\/wp-content\/uploads\/2023\/09\/Sem-titulo-95.jpg?fit=888%2C592&ssl=1","jetpack_sharing_enabled":true,"_links":{"self":[{"href":"https:\/\/minutobahia24h.com.br\/index.php?rest_route=\/wp\/v2\/posts\/1233","targetHints":{"allow":["GET"]}}],"collection":[{"href":"https:\/\/minutobahia24h.com.br\/index.php?rest_route=\/wp\/v2\/posts"}],"about":[{"href":"https:\/\/minutobahia24h.com.br\/index.php?rest_route=\/wp\/v2\/types\/post"}],"author":[{"embeddable":true,"href":"https:\/\/minutobahia24h.com.br\/index.php?rest_route=\/wp\/v2\/users\/2"}],"replies":[{"embeddable":true,"href":"https:\/\/minutobahia24h.com.br\/index.php?rest_route=%2Fwp%2Fv2%2Fcomments&post=1233"}],"version-history":[{"count":1,"href":"https:\/\/minutobahia24h.com.br\/index.php?rest_route=\/wp\/v2\/posts\/1233\/revisions"}],"predecessor-version":[{"id":1236,"href":"https:\/\/minutobahia24h.com.br\/index.php?rest_route=\/wp\/v2\/posts\/1233\/revisions\/1236"}],"wp:featuredmedia":[{"embeddable":true,"href":"https:\/\/minutobahia24h.com.br\/index.php?rest_route=\/wp\/v2\/media\/1235"}],"wp:attachment":[{"href":"https:\/\/minutobahia24h.com.br\/index.php?rest_route=%2Fwp%2Fv2%2Fmedia&parent=1233"}],"wp:term":[{"taxonomy":"category","embeddable":true,"href":"https:\/\/minutobahia24h.com.br\/index.php?rest_route=%2Fwp%2Fv2%2Fcategories&post=1233"},{"taxonomy":"post_tag","embeddable":true,"href":"https:\/\/minutobahia24h.com.br\/index.php?rest_route=%2Fwp%2Fv2%2Ftags&post=1233"}],"curies":[{"name":"wp","href":"https:\/\/api.w.org\/{rel}","templated":true}]}}