{"id":12289,"date":"2024-05-17T07:39:10","date_gmt":"2024-05-17T10:39:10","guid":{"rendered":"https:\/\/minutobahia24h.com.br\/?p=12289"},"modified":"2024-05-17T07:39:11","modified_gmt":"2024-05-17T10:39:11","slug":"brasil-sera-sede-da-copa-do-mundo-feminina-de-2027","status":"publish","type":"post","link":"https:\/\/minutobahia24h.com.br\/?p=12289","title":{"rendered":"Brasil ser\u00e1 sede da Copa do Mundo Feminina de 2027"},"content":{"rendered":"\n<p>A Copa do Mundo Feminina de 2027 ser\u00e1 no Brasil. A candidatura brasileira superou a europeia \u2013 formada por Holanda, Alemanha e B\u00e9lgica \u2013 por 119 votos a 78 durante o Congresso da Fifa, realizado em Bangkok, na Tail\u00e2ndia, nesta sexta-feira.<\/p>\n\n\n\n<p>A d\u00e9cima edi\u00e7\u00e3o da principal competi\u00e7\u00e3o de sele\u00e7\u00f5es do futebol feminino ser\u00e1 a primeira disputada na Am\u00e9rica do Sul. Por ser o anfitri\u00e3o da competi\u00e7\u00e3o, o Brasil j\u00e1 est\u00e1 naturalmente classificado. Os demais nove pa\u00edses da Conmebol v\u00e3o disputar tr\u00eas vagas. O Mundial Feminino 2027 ser\u00e1 o segundo com 32 sele\u00e7\u00f5es participantes, repetindo o formato da Copa de 2023, vencida pela Espanha.<\/p>\n\n\n\n<p>\u2013 Parab\u00e9ns ao Brasil. Vamos agora organizar a melhor Copa do Mundo da hist\u00f3ria no Brasil &#8211; afirmou o presidente da Fifa, Gianni Infantino, logo ap\u00f3s anunciar a vit\u00f3ria brasileira.<\/p>\n\n\n<div class=\"wp-block-image\">\n<figure class=\"aligncenter size-full\"><img data-recalc-dims=\"1\" fetchpriority=\"high\" decoding=\"async\" width=\"800\" height=\"533\" src=\"https:\/\/i0.wp.com\/minutobahia24h.com.br\/wp-content\/uploads\/2024\/05\/Sem-titulo-177.jpg?resize=800%2C533&#038;ssl=1\" alt=\"\" class=\"wp-image-12290\" srcset=\"https:\/\/i0.wp.com\/minutobahia24h.com.br\/wp-content\/uploads\/2024\/05\/Sem-titulo-177.jpg?w=984&amp;ssl=1 984w, https:\/\/i0.wp.com\/minutobahia24h.com.br\/wp-content\/uploads\/2024\/05\/Sem-titulo-177.jpg?resize=300%2C200&amp;ssl=1 300w, https:\/\/i0.wp.com\/minutobahia24h.com.br\/wp-content\/uploads\/2024\/05\/Sem-titulo-177.jpg?resize=768%2C512&amp;ssl=1 768w, https:\/\/i0.wp.com\/minutobahia24h.com.br\/wp-content\/uploads\/2024\/05\/Sem-titulo-177.jpg?resize=750%2C500&amp;ssl=1 750w\" sizes=\"(max-width: 800px) 100vw, 800px\" \/><figcaption class=\"wp-element-caption\">O presidente da Fifa, Gianni Infantino, anuncia o Brasil como sede da Copa Feminina de 2027 \u2014 Foto: MANAN VATSYAYANA \/ AFP<br><\/figcaption><\/figure>\n<\/div>\n\n\n<p>Em seguida, o presidente da CBF, Ednaldo Rodrigues, subiu ao palco e, emocionado, enalteceu o trabalho feito pelas mulheres integrantes do comit\u00ea de candidatura do pa\u00eds..<\/p>\n\n\n\n<p>\u2013 Desde que o Brasil se candidatou, este foi um trabalho muito competente e que n\u00e3o foi do presidente. N\u00f3s confiamos plenamente nas mulheres que desenvolveram esse trabalho \u2013 disse o dirigente.<\/p>\n\n\n\n<p>O Brasil j\u00e1 havia superado seus concorrentes na avalia\u00e7\u00e3o t\u00e9cnica das duas candidaturas concorrentes. O relat\u00f3rio publicado pela Fifa dez dias atr\u00e1s&nbsp;<a class=\"\" href=\"https:\/\/ge.globo.com\/sp\/futebol\/noticia\/2024\/05\/08\/a-melhor-nota-como-brasil-construiu-candidatura-de-pais-sede-para-copa-feminina-de-2027.ghtml\"><strong>atribuiu nota 4 ao Brasil (numa escala de 1 a 5), contra 3,7 da proposta europeia.<\/strong><\/a><\/p>\n\n\n\n<p>Alguns fatores foram decisivos para o Brasil conseguir ser mais bem avaliado: est\u00e1dios, hospedagem e locais oferecidos para a Fifa organizar o Fan Festival. Al\u00e9m disso, o endosso do governo brasileiro foi determinante. O presidente da Conmebol, Alejandro Dom\u00ednguez, celebrou a vit\u00f3ria brasileira nas redes sociais.<\/p>\n\n\n\n<p><strong>Primeira Copa Feminina escolhida no Congresso da Fifa<\/strong><\/p>\n\n\n\n<p>Esta foi a primeira vez que a escolha da sede da Copa do Mundo Feminina foi realizada pelo Congresso da Fifa, com direito a voto de todas as 211 associa\u00e7\u00f5es nacionais de futebol \u2013 neste caso, foram 207 votos, j\u00e1 que que os pa\u00edses candidatos n\u00e3o podem votar. At\u00e9 ent\u00e3o, a escolhe se dava pelo Conselho da entidade, formado por apenas 36 integrantes.<\/p>\n\n\n\n<p>Antes da vota\u00e7\u00e3o, cada candidatura p\u00f4de fazer uma apresenta\u00e7\u00e3o de 15 minutos para tentar convencer eleitores. A campanha dos europeus refor\u00e7ou o fato de sua proposta de organiza\u00e7\u00e3o da Copa ser &#8220;a mais compacta&#8221;.<\/p>\n\n\n\n<p>\u2013 Teremos menos de tr\u00eas horas de deslocamento entre as cidades, de trem ou de \u00f4nibus. O que \u00e9 melhor para times, jogadores, \u00e1rbitros, m\u00eddia e torcedores \u2013 disse Bernd Neuendorf, presidente da Federa\u00e7\u00e3o Alem\u00e3 de Futebol.<\/p>\n\n\n\n<p>Em seguida, a candidatura brasileira foi apresentada pela influencer Duda Pav\u00e3o, e teve como foco o futuro \u2013 o futuro do futebol feminino.<\/p>\n\n\n\n<p>\u2013 Mais do que uma localiza\u00e7\u00e3o, uma sede, voc\u00eas v\u00e3o escolher o futuro. Eu sugiro que voc\u00eas [eleitores] olhem para o lugar onde a Copa do Mundo Feminina nunca foi disputada antes \u2013 discursou Duda para a plateia de eleitores no Congresso da Fifa, interagindo com Iara, uma personagem de intelig\u00eancia artificial criada para ajudar a influencer na apresenta\u00e7\u00e3o.<\/p>\n\n\n\n<p>Se a candidatura europeia levou ao palco o ex-craque holand\u00eas Clarence Seedorf, a ex-jogadora alem\u00e3 Nia K\u00fcnzer e a zagueira Est\u00e9e D&#8217;Hoodge, da sele\u00e7\u00e3o sub-19 da B\u00e9lgica, o Brasil apostou em Marta, seis vezes eleita a melhor do mundo pela Fifa, como garota-propaganda. A camisa 10 da sele\u00e7\u00e3o brasileira enviou uma mensagem de apoio ao projeto do pa\u00eds, apresentada no tel\u00e3o para os participantes do Congresso.<\/p>\n\n\n\n<p><strong>O hist\u00f3rico de sedes da Copa do Mundo Feminina da Fifa:<\/strong><\/p>\n\n\n\n<ul class=\"wp-block-list\">\n<li>1991 &#8211; China<\/li>\n\n\n\n<li>1995 &#8211; Su\u00e9cia<\/li>\n\n\n\n<li>1999 &#8211; Estados Unidos<\/li>\n\n\n\n<li>2003 &#8211; Estados Unidos<\/li>\n\n\n\n<li>2007 &#8211; China<\/li>\n\n\n\n<li>2011 &#8211; Alemanha<\/li>\n\n\n\n<li>2015 &#8211; Canad\u00e1<\/li>\n\n\n\n<li>2019 &#8211; Fran\u00e7a<\/li>\n\n\n\n<li>2023 &#8211; Austr\u00e1lia e Nova Zel\u00e2ndia<\/li>\n\n\n\n<li>2027 &#8211; Brasil<\/li>\n<\/ul>\n\n\n<div class=\"wp-block-image\">\n<figure class=\"aligncenter\"><img data-recalc-dims=\"1\" decoding=\"async\" src=\"https:\/\/i0.wp.com\/s2-ge.glbimg.com\/2YuU6Ba13O7MLu0Ri5KUg3QD-E0%3D\/0x0%3A5029x3353\/984x0\/smart\/filters%3Astrip_icc%28%29\/i.s3.glbimg.com\/v1\/AUTH_bc8228b6673f488aa253bbcb03c80ec5\/internal_photos\/bs\/2023\/i\/h\/kW0FXqQI6zFjw0xPHLrg\/52779701775-b376a03a5d-5k.jpg?w=800&#038;ssl=1\" alt=\"Ta\u00e7a da Copa do Mundo Feminina \u00e9 exibida no Cristo Redentor, no Rio de Janeiro \u2014 Foto: Thais Magalh\u00e3es\/CBF\"\/><\/figure>\n<\/div>\n\n\n<p>Ta\u00e7a da Copa do Mundo Feminina \u00e9 exibida no Cristo Redentor, no Rio de Janeiro \u2014 Foto: Thais Magalh\u00e3es\/CBF<\/p>\n\n\n\n<h2 class=\"wp-block-heading\">nde e quando ser\u00e1 a Copa<\/h2>\n\n\n\n<p>Uma vez definido o Brasil como sede do Mundial, a Fifa deve abrir uma subsidi\u00e1ria no pa\u00eds para come\u00e7ar a organizar o evento. N\u00e3o haver\u00e1 um Comit\u00ea Organizador Local (COL), como houve na Copa do Mundo de 2014.<\/p>\n\n\n\n<p>A proposta brasileira, que venceu a elei\u00e7\u00e3o, prev\u00ea o uso de dez est\u00e1dios na Copa do Mundo de 2027:<\/p>\n\n\n\n<ul class=\"wp-block-list\">\n<li>Beira-Rio (Porto Alegre)<\/li>\n\n\n\n<li>Arena Corinthians (S\u00e3o Paulo)<\/li>\n\n\n\n<li>Maracan\u00e3 (Rio de Janeiro)<\/li>\n\n\n\n<li>Mineir\u00e3o (Belo Horizonte)<\/li>\n\n\n\n<li>Fonte Nova (Salvador)<\/li>\n\n\n\n<li>Arena Pernambuco (Recife)<\/li>\n\n\n\n<li>Arena Castel\u00e3o (Fortaleza)<\/li>\n\n\n\n<li>Arena Amazonas (Manaus)<\/li>\n\n\n\n<li>Arena Pantanal (Cuiab\u00e1)<\/li>\n\n\n\n<li>Man\u00e9 Garrincha (Bras\u00edlia)<\/li>\n<\/ul>\n\n\n\n<p>A previs\u00e3o \u00e9 que a partida de abertura seja disputada no dia 24 de junho (uma quinta-feira) e a final em 25 de julho (domingo), ambas no Maracan\u00e3. As semifinais seriam em Bras\u00edlia e S\u00e3o Paulo, com a disputa do terceiro lugar em Belo Horizonte. Mas todas essas decis\u00f5es ser\u00e3o tomadas pela Fifa, assim que a estrutura de organiza\u00e7\u00e3o da Copa do Mundo for montada.<\/p>\n","protected":false},"excerpt":{"rendered":"<p>A Copa do Mundo Feminina de 2027 ser\u00e1 no Brasil. A candidatura brasileira superou a europeia \u2013 formada por Holanda, Alemanha e B\u00e9lgica \u2013 por 119 votos a 78 durante o Congresso da Fifa, realizado em Bangkok, na Tail\u00e2ndia, nesta sexta-feira. A d\u00e9cima edi\u00e7\u00e3o da principal competi\u00e7\u00e3o de sele\u00e7\u00f5es do futebol feminino ser\u00e1 a primeira [&hellip;]<\/p>\n","protected":false},"author":2,"featured_media":12290,"comment_status":"open","ping_status":"open","sticky":false,"template":"","format":"standard","meta":{"_jetpack_memberships_contains_paid_content":false,"footnotes":""},"categories":[20],"tags":[],"class_list":["post-12289","post","type-post","status-publish","format-standard","has-post-thumbnail","hentry","category-esporte"],"aioseo_notices":[],"jetpack_featured_media_url":"https:\/\/i0.wp.com\/minutobahia24h.com.br\/wp-content\/uploads\/2024\/05\/Sem-titulo-177.jpg?fit=984%2C656&ssl=1","jetpack_sharing_enabled":true,"_links":{"self":[{"href":"https:\/\/minutobahia24h.com.br\/index.php?rest_route=\/wp\/v2\/posts\/12289","targetHints":{"allow":["GET"]}}],"collection":[{"href":"https:\/\/minutobahia24h.com.br\/index.php?rest_route=\/wp\/v2\/posts"}],"about":[{"href":"https:\/\/minutobahia24h.com.br\/index.php?rest_route=\/wp\/v2\/types\/post"}],"author":[{"embeddable":true,"href":"https:\/\/minutobahia24h.com.br\/index.php?rest_route=\/wp\/v2\/users\/2"}],"replies":[{"embeddable":true,"href":"https:\/\/minutobahia24h.com.br\/index.php?rest_route=%2Fwp%2Fv2%2Fcomments&post=12289"}],"version-history":[{"count":1,"href":"https:\/\/minutobahia24h.com.br\/index.php?rest_route=\/wp\/v2\/posts\/12289\/revisions"}],"predecessor-version":[{"id":12291,"href":"https:\/\/minutobahia24h.com.br\/index.php?rest_route=\/wp\/v2\/posts\/12289\/revisions\/12291"}],"wp:featuredmedia":[{"embeddable":true,"href":"https:\/\/minutobahia24h.com.br\/index.php?rest_route=\/wp\/v2\/media\/12290"}],"wp:attachment":[{"href":"https:\/\/minutobahia24h.com.br\/index.php?rest_route=%2Fwp%2Fv2%2Fmedia&parent=12289"}],"wp:term":[{"taxonomy":"category","embeddable":true,"href":"https:\/\/minutobahia24h.com.br\/index.php?rest_route=%2Fwp%2Fv2%2Fcategories&post=12289"},{"taxonomy":"post_tag","embeddable":true,"href":"https:\/\/minutobahia24h.com.br\/index.php?rest_route=%2Fwp%2Fv2%2Ftags&post=12289"}],"curies":[{"name":"wp","href":"https:\/\/api.w.org\/{rel}","templated":true}]}}