{"id":12119,"date":"2024-05-14T20:15:09","date_gmt":"2024-05-14T23:15:09","guid":{"rendered":"https:\/\/minutobahia24h.com.br\/?p=12119"},"modified":"2024-05-14T20:15:11","modified_gmt":"2024-05-14T23:15:11","slug":"jaguarari-cantor-geraldo-azevedo-fara-o-esquenta-do-arraia-das-estrelas-dia-17-de-maio","status":"publish","type":"post","link":"https:\/\/minutobahia24h.com.br\/?p=12119","title":{"rendered":"Jaguarari: Cantor Geraldo Azevedo far\u00e1 o Esquenta do Arrai\u00e1 das Estrelas dia 17 de maio"},"content":{"rendered":"<div class=\"wp-block-image\">\n<figure class=\"aligncenter size-full\"><img data-recalc-dims=\"1\" fetchpriority=\"high\" decoding=\"async\" width=\"639\" height=\"640\" src=\"https:\/\/i0.wp.com\/minutobahia24h.com.br\/wp-content\/uploads\/2024\/05\/Sem-titulo-136.jpg?resize=639%2C640&#038;ssl=1\" alt=\"\" class=\"wp-image-12120\" srcset=\"https:\/\/i0.wp.com\/minutobahia24h.com.br\/wp-content\/uploads\/2024\/05\/Sem-titulo-136.jpg?w=639&amp;ssl=1 639w, https:\/\/i0.wp.com\/minutobahia24h.com.br\/wp-content\/uploads\/2024\/05\/Sem-titulo-136.jpg?resize=300%2C300&amp;ssl=1 300w, https:\/\/i0.wp.com\/minutobahia24h.com.br\/wp-content\/uploads\/2024\/05\/Sem-titulo-136.jpg?resize=150%2C150&amp;ssl=1 150w, https:\/\/i0.wp.com\/minutobahia24h.com.br\/wp-content\/uploads\/2024\/05\/Sem-titulo-136.jpg?resize=75%2C75&amp;ssl=1 75w\" sizes=\"(max-width: 639px) 100vw, 639px\" \/><\/figure>\n<\/div>\n\n\n<p>O cantor Geraldo Azevedo, um dos \u00edcones da M\u00fasica Popular Brasileira (MPB) que une ritmos como frevo, forr\u00f3, xote, maracatu e bai\u00e3o em suas can\u00e7\u00f5es, ser\u00e1 uma das atra\u00e7\u00f5es do &#8220;Esquenta do Arrai\u00e1 das Estrelas&#8221;, na pr\u00f3xima sexta-feira, 17 de maio em Jaguarari.<\/p>\n\n\n\n<p>O cantor Pernambuco, que tem mais de 50 anos de carreira apresentar\u00e1 ao p\u00fablico jaguarariense grandes sucessos, como, &#8220;Dona da Minha Cabe\u00e7a&#8221;, &#8220;Dia Branco&#8221;, &#8220;Mo\u00e7a Bonita&#8221;, dentre outras m\u00fasicas marcantes de seu repert\u00f3rio.<\/p>\n\n\n\n<p>O &#8220;Esquenta&#8221; ainda contar\u00e1 com o shows de Cicinho de Assis, Tulinho Senna e Vitor do Acordeon e ser\u00e1 realizado na Pra\u00e7a do Forr\u00f3, a partir das 20h. O evento \u00e9 promovido e organizado pela Prefeitura de Jaguarari, atrav\u00e9s da Secretaria de Cultura, Esporte, Lazer e Juventude, para celebrar a chegada do maior evento do munic\u00edpio e aquecer o clima junino. Ainda haver\u00e1 a Feira de Artesanato e Gastronomia, realizada pela Secretaria de Desenvolvimento Econ\u00f4mico e Turismo.<\/p>\n\n\n\n<p>O Arrai\u00e1 das Estrelas 2024 acontece entre os dias 21 e 24 de junho, com C\u00e9sar Menotti &amp; Fabiano, Iguinho &amp; Lulinha, Tierry, Seu Desejo, Targino Gondim, Matheus Fernandes, Jonas Esticado, entre outras atra\u00e7\u00f5es.<\/p>\n\n\n\n<p><strong><em>Portal Jaguarari<\/em><\/strong><\/p>\n","protected":false},"excerpt":{"rendered":"<p>O cantor Geraldo Azevedo, um dos \u00edcones da M\u00fasica Popular Brasileira (MPB) que une ritmos como frevo, forr\u00f3, xote, maracatu e bai\u00e3o em suas can\u00e7\u00f5es, ser\u00e1 uma das atra\u00e7\u00f5es do &#8220;Esquenta do Arrai\u00e1 das Estrelas&#8221;, na pr\u00f3xima sexta-feira, 17 de maio em Jaguarari. O cantor Pernambuco, que tem mais de 50 anos de carreira apresentar\u00e1 [&hellip;]<\/p>\n","protected":false},"author":2,"featured_media":12120,"comment_status":"open","ping_status":"open","sticky":false,"template":"","format":"standard","meta":{"_jetpack_memberships_contains_paid_content":false,"footnotes":""},"categories":[12],"tags":[],"class_list":["post-12119","post","type-post","status-publish","format-standard","has-post-thumbnail","hentry","category-jaguarari"],"aioseo_notices":[],"jetpack_featured_media_url":"https:\/\/i0.wp.com\/minutobahia24h.com.br\/wp-content\/uploads\/2024\/05\/Sem-titulo-136.jpg?fit=639%2C640&ssl=1","jetpack_sharing_enabled":true,"_links":{"self":[{"href":"https:\/\/minutobahia24h.com.br\/index.php?rest_route=\/wp\/v2\/posts\/12119","targetHints":{"allow":["GET"]}}],"collection":[{"href":"https:\/\/minutobahia24h.com.br\/index.php?rest_route=\/wp\/v2\/posts"}],"about":[{"href":"https:\/\/minutobahia24h.com.br\/index.php?rest_route=\/wp\/v2\/types\/post"}],"author":[{"embeddable":true,"href":"https:\/\/minutobahia24h.com.br\/index.php?rest_route=\/wp\/v2\/users\/2"}],"replies":[{"embeddable":true,"href":"https:\/\/minutobahia24h.com.br\/index.php?rest_route=%2Fwp%2Fv2%2Fcomments&post=12119"}],"version-history":[{"count":1,"href":"https:\/\/minutobahia24h.com.br\/index.php?rest_route=\/wp\/v2\/posts\/12119\/revisions"}],"predecessor-version":[{"id":12121,"href":"https:\/\/minutobahia24h.com.br\/index.php?rest_route=\/wp\/v2\/posts\/12119\/revisions\/12121"}],"wp:featuredmedia":[{"embeddable":true,"href":"https:\/\/minutobahia24h.com.br\/index.php?rest_route=\/wp\/v2\/media\/12120"}],"wp:attachment":[{"href":"https:\/\/minutobahia24h.com.br\/index.php?rest_route=%2Fwp%2Fv2%2Fmedia&parent=12119"}],"wp:term":[{"taxonomy":"category","embeddable":true,"href":"https:\/\/minutobahia24h.com.br\/index.php?rest_route=%2Fwp%2Fv2%2Fcategories&post=12119"},{"taxonomy":"post_tag","embeddable":true,"href":"https:\/\/minutobahia24h.com.br\/index.php?rest_route=%2Fwp%2Fv2%2Ftags&post=12119"}],"curies":[{"name":"wp","href":"https:\/\/api.w.org\/{rel}","templated":true}]}}