{"id":12116,"date":"2024-05-14T20:09:22","date_gmt":"2024-05-14T23:09:22","guid":{"rendered":"https:\/\/minutobahia24h.com.br\/?p=12116"},"modified":"2024-05-14T20:09:24","modified_gmt":"2024-05-14T23:09:24","slug":"vice-prefeito-pedro-henrique-assume-temporariamente-em-caldeirao-grande-durante-ferias-do-prefeito-candido","status":"publish","type":"post","link":"https:\/\/minutobahia24h.com.br\/?p=12116","title":{"rendered":"Vice-prefeito Pedro Henrique assume temporariamente em Caldeir\u00e3o Grande durante f\u00e9rias do prefeito C\u00e2ndido"},"content":{"rendered":"<div class=\"wp-block-image\">\n<figure class=\"aligncenter size-full\"><img data-recalc-dims=\"1\" fetchpriority=\"high\" decoding=\"async\" width=\"800\" height=\"565\" src=\"https:\/\/i0.wp.com\/minutobahia24h.com.br\/wp-content\/uploads\/2024\/05\/Sem-titulo-135.jpg?resize=800%2C565&#038;ssl=1\" alt=\"\" class=\"wp-image-12117\" srcset=\"https:\/\/i0.wp.com\/minutobahia24h.com.br\/wp-content\/uploads\/2024\/05\/Sem-titulo-135.jpg?w=900&amp;ssl=1 900w, https:\/\/i0.wp.com\/minutobahia24h.com.br\/wp-content\/uploads\/2024\/05\/Sem-titulo-135.jpg?resize=300%2C212&amp;ssl=1 300w, https:\/\/i0.wp.com\/minutobahia24h.com.br\/wp-content\/uploads\/2024\/05\/Sem-titulo-135.jpg?resize=768%2C543&amp;ssl=1 768w, https:\/\/i0.wp.com\/minutobahia24h.com.br\/wp-content\/uploads\/2024\/05\/Sem-titulo-135.jpg?resize=120%2C86&amp;ssl=1 120w, https:\/\/i0.wp.com\/minutobahia24h.com.br\/wp-content\/uploads\/2024\/05\/Sem-titulo-135.jpg?resize=750%2C530&amp;ssl=1 750w\" sizes=\"(max-width: 800px) 100vw, 800px\" \/><figcaption class=\"wp-element-caption\">A transi\u00e7\u00e3o tempor\u00e1ria na prefeitura de Caldeir\u00e3o Grande demonstra a import\u00e2ncia de uma gest\u00e3o planejada e transparente<\/figcaption><\/figure>\n<\/div>\n\n\n<p>Em Caldeir\u00e3o Grande, munic\u00edpio do Estado da Bahia, uma transi\u00e7\u00e3o tempor\u00e1ria no comando da prefeitura est\u00e1 acontecendo. O prefeito C\u00e2ndido Guirra estar\u00e1 ausente por um per\u00edodo de f\u00e9rias, e durante esse intervalo, o vice-prefeito Pedro Henrique Araujo Bezerra assumir\u00e1 as responsabilidades do cargo de prefeito municipal.<\/p>\n\n\n\n<p>De acordo com o disposto no artigo 59 da Lei Org\u00e2nica do munic\u00edpio, o prefeito tem o direito de se afastar por um determinado per\u00edodo, garantindo assim a oportunidade de descanso e recupera\u00e7\u00e3o. Nesse contexto, o vice-prefeito Pedro Henrique Araujo Bezerra foi designado para ocupar interinamente o cargo de prefeito durante as pr\u00f3ximas duas semanas, de 15\/05\/2024 a 29\/05\/2024.<\/p>\n\n\n\n<p>Em sua declara\u00e7\u00e3o oficial, o prefeito C\u00e2ndido Guirra expressou confian\u00e7a na capacidade do vice-prefeito para manter a administra\u00e7\u00e3o municipal funcionando de maneira eficiente durante sua aus\u00eancia. Ele ressaltou a import\u00e2ncia de garantir que os servi\u00e7os essenciais continuem a ser prestados \u00e0 popula\u00e7\u00e3o de Caldeir\u00e3o Grande sem interrup\u00e7\u00f5es.<\/p>\n\n\n\n<p>Por sua vez, o vice-prefeito Pedro Henrique Araujo Bezerra manifestou seu compromisso em assegurar a continuidade das pol\u00edticas p\u00fablicas e o bom funcionamento da gest\u00e3o municipal durante esse per\u00edodo. Ele destacou a import\u00e2ncia da colabora\u00e7\u00e3o entre os membros da equipe de governo e a participa\u00e7\u00e3o ativa da comunidade para o sucesso dessa transi\u00e7\u00e3o tempor\u00e1ria.<\/p>\n\n\n\n<p>A transi\u00e7\u00e3o tempor\u00e1ria na prefeitura de Caldeir\u00e3o Grande demonstra a import\u00e2ncia de uma gest\u00e3o planejada e transparente. Com a confian\u00e7a m\u00fatua entre o prefeito e o vice-prefeito, bem como o apoio da comunidade, espera-se que esse per\u00edodo seja marcado pela continuidade dos servi\u00e7os p\u00fablicos e pelo compromisso com o bem-estar dos cidad\u00e3os.<\/p>\n\n\n\n<p>.portalespacoaberto<\/p>\n","protected":false},"excerpt":{"rendered":"<p>Em Caldeir\u00e3o Grande, munic\u00edpio do Estado da Bahia, uma transi\u00e7\u00e3o tempor\u00e1ria no comando da prefeitura est\u00e1 acontecendo. O prefeito C\u00e2ndido Guirra estar\u00e1 ausente por um per\u00edodo de f\u00e9rias, e durante esse intervalo, o vice-prefeito Pedro Henrique Araujo Bezerra assumir\u00e1 as responsabilidades do cargo de prefeito municipal. De acordo com o disposto no artigo 59 da [&hellip;]<\/p>\n","protected":false},"author":2,"featured_media":12117,"comment_status":"open","ping_status":"open","sticky":false,"template":"","format":"standard","meta":{"_jetpack_memberships_contains_paid_content":false,"footnotes":""},"categories":[49],"tags":[],"class_list":["post-12116","post","type-post","status-publish","format-standard","has-post-thumbnail","hentry","category-caldeirao-grande"],"aioseo_notices":[],"jetpack_featured_media_url":"https:\/\/i0.wp.com\/minutobahia24h.com.br\/wp-content\/uploads\/2024\/05\/Sem-titulo-135.jpg?fit=900%2C636&ssl=1","jetpack_sharing_enabled":true,"_links":{"self":[{"href":"https:\/\/minutobahia24h.com.br\/index.php?rest_route=\/wp\/v2\/posts\/12116","targetHints":{"allow":["GET"]}}],"collection":[{"href":"https:\/\/minutobahia24h.com.br\/index.php?rest_route=\/wp\/v2\/posts"}],"about":[{"href":"https:\/\/minutobahia24h.com.br\/index.php?rest_route=\/wp\/v2\/types\/post"}],"author":[{"embeddable":true,"href":"https:\/\/minutobahia24h.com.br\/index.php?rest_route=\/wp\/v2\/users\/2"}],"replies":[{"embeddable":true,"href":"https:\/\/minutobahia24h.com.br\/index.php?rest_route=%2Fwp%2Fv2%2Fcomments&post=12116"}],"version-history":[{"count":1,"href":"https:\/\/minutobahia24h.com.br\/index.php?rest_route=\/wp\/v2\/posts\/12116\/revisions"}],"predecessor-version":[{"id":12118,"href":"https:\/\/minutobahia24h.com.br\/index.php?rest_route=\/wp\/v2\/posts\/12116\/revisions\/12118"}],"wp:featuredmedia":[{"embeddable":true,"href":"https:\/\/minutobahia24h.com.br\/index.php?rest_route=\/wp\/v2\/media\/12117"}],"wp:attachment":[{"href":"https:\/\/minutobahia24h.com.br\/index.php?rest_route=%2Fwp%2Fv2%2Fmedia&parent=12116"}],"wp:term":[{"taxonomy":"category","embeddable":true,"href":"https:\/\/minutobahia24h.com.br\/index.php?rest_route=%2Fwp%2Fv2%2Fcategories&post=12116"},{"taxonomy":"post_tag","embeddable":true,"href":"https:\/\/minutobahia24h.com.br\/index.php?rest_route=%2Fwp%2Fv2%2Ftags&post=12116"}],"curies":[{"name":"wp","href":"https:\/\/api.w.org\/{rel}","templated":true}]}}