{"id":12105,"date":"2024-05-14T20:02:00","date_gmt":"2024-05-14T23:02:00","guid":{"rendered":"https:\/\/minutobahia24h.com.br\/?p=12105"},"modified":"2024-05-14T20:02:02","modified_gmt":"2024-05-14T23:02:02","slug":"camara-de-senhor-do-bonfim-realiza-23-sessao-ordinaria-nesta-terca-feira-14","status":"publish","type":"post","link":"https:\/\/minutobahia24h.com.br\/?p=12105","title":{"rendered":"C\u00e2mara de Senhor do Bonfim realiza 23\u00b0 sess\u00e3o ordin\u00e1ria nesta ter\u00e7a-feira (14)"},"content":{"rendered":"<div class=\"wp-block-image\">\n<figure class=\"aligncenter size-large\"><img data-recalc-dims=\"1\" fetchpriority=\"high\" decoding=\"async\" width=\"576\" height=\"1024\" src=\"https:\/\/i0.wp.com\/minutobahia24h.com.br\/wp-content\/uploads\/2024\/05\/WhatsApp-Image-2024-05-14-at-19.51.21-576x1024.jpeg?resize=576%2C1024&#038;ssl=1\" alt=\"\" class=\"wp-image-12106\" srcset=\"https:\/\/i0.wp.com\/minutobahia24h.com.br\/wp-content\/uploads\/2024\/05\/WhatsApp-Image-2024-05-14-at-19.51.21.jpeg?resize=576%2C1024&amp;ssl=1 576w, https:\/\/i0.wp.com\/minutobahia24h.com.br\/wp-content\/uploads\/2024\/05\/WhatsApp-Image-2024-05-14-at-19.51.21.jpeg?resize=169%2C300&amp;ssl=1 169w, https:\/\/i0.wp.com\/minutobahia24h.com.br\/wp-content\/uploads\/2024\/05\/WhatsApp-Image-2024-05-14-at-19.51.21.jpeg?resize=768%2C1365&amp;ssl=1 768w, https:\/\/i0.wp.com\/minutobahia24h.com.br\/wp-content\/uploads\/2024\/05\/WhatsApp-Image-2024-05-14-at-19.51.21.jpeg?resize=864%2C1536&amp;ssl=1 864w, https:\/\/i0.wp.com\/minutobahia24h.com.br\/wp-content\/uploads\/2024\/05\/WhatsApp-Image-2024-05-14-at-19.51.21.jpeg?resize=750%2C1333&amp;ssl=1 750w, https:\/\/i0.wp.com\/minutobahia24h.com.br\/wp-content\/uploads\/2024\/05\/WhatsApp-Image-2024-05-14-at-19.51.21.jpeg?w=900&amp;ssl=1 900w\" sizes=\"(max-width: 576px) 100vw, 576px\" \/><\/figure>\n<\/div>\n\n\n<p>EXPEDIENTE<\/p>\n\n\n\n<p>\u2022 Of\u00edcio n\u00ba 094\/2024 \u2013 Gabinete do Prefeito, que encaminha o Projeto de Lei do Executivo n\u00ba 025\/2024;<\/p>\n\n\n\n<p>\u2022 Projeto de Lei do Executivo n\u00ba 025\/2024, que \u201cAutoriza o Poder Executivo a realizar e incluir no calend\u00e1rio dos festejos de Senhor do Bonfim o Concurso de Rainha do Milho e d\u00e1 outras provid\u00eancias\u201d;<\/p>\n\n\n\n<p>\u2022 Indica\u00e7\u00e3o n\u00ba 001\/2024, oriunda do gabinete do vereador Helson de Carvalho, que indica \u201cconstru\u00e7\u00e3o de Parque Infantil nas seguintes localidades: Ca\u00e7ador e Pereiros, no Distrito de Igara e no Bairro Peb\u00e3o\u201d;<\/p>\n\n\n\n<p>\u2022 Indica\u00e7\u00e3o n\u00ba 003\/2024, oriunda do gabinete do vereador Cleber Nilton Lima do Nascimento, que indica \u201cnecessidade de proceder medidas para viabilizar pavimenta\u00e7\u00e3o e rede de esgoto da Avenida Esmeralda, Bairro Monte Alegre\u201d;<\/p>\n\n\n\n<p>\u2022 Indica\u00e7\u00e3o n\u00ba 010\/2024, oriunda do gabinete do vereador Elizeu Concei\u00e7\u00e3o de Souza, que indica \u201cservi\u00e7o de pavimenta\u00e7\u00e3o asf\u00e1ltica da Pra\u00e7a Luiz Viana Filho (Campo do Gado), munic\u00edpio de Senhor do Bonfim\u201d;<\/p>\n\n\n\n<p>\u2022 Indica\u00e7\u00e3o n\u00ba 011\/2024, oriunda do gabinete do vereador Elizeu Concei\u00e7\u00e3o de Souza, que indica \u201cservi\u00e7o de pavimenta\u00e7\u00e3o asf\u00e1ltica da Rua Carrapichel, (Passando pelo Bom Sossego, chegando a Dom Ant\u00f4nio Monteiro), no munic\u00edpio de Senhor do Bonfim\u201d;<\/p>\n\n\n\n<p>\u2022 Indica\u00e7\u00e3o n\u00ba 012\/2024, oriunda do gabinete do vereador Elizeu Concei\u00e7\u00e3o de Souza, que indica \u201cservi\u00e7o de pavimenta\u00e7\u00e3o asf\u00e1ltica da Rua Volunt\u00e1rios da P\u00e1tria, Alto da Maravilha, no munic\u00edpio de Senhor do Bonfim;<\/p>\n\n\n\n<p>\u2022 Indica\u00e7\u00e3o n\u00ba 013\/2024, oriunda do gabinete do vereador Elizeu Concei\u00e7\u00e3o de Souza, que indica \u201cservi\u00e7o de pavimenta\u00e7\u00e3o asf\u00e1ltica da Rua Tiradentes, Alto da Maravilha, no munic\u00edpio de Senhor do Bonfim\u201d;<\/p>\n\n\n\n<p>\u2022 Parecer da Comiss\u00e3o Permanente de Legisla\u00e7\u00e3o, Justi\u00e7a, Postura e Reda\u00e7\u00e3o Final ao Projeto de Lei do Legislativo n\u00ba 033, de 1\u00ba de junho de 2023;<\/p>\n\n\n\n<p>\u2022 Parecer da Comiss\u00e3o Permanente de Legisla\u00e7\u00e3o, Justi\u00e7a, Postura e Reda\u00e7\u00e3o Final ao Projeto de Lei do Legislativo n\u00ba 051, de 4 de setembro de 2023.<\/p>\n\n\n\n<p>ORDEM DO DIA<\/p>\n\n\n\n<p>\u2022 Parecer da Comiss\u00e3o Permanente de Legisla\u00e7\u00e3o, Justi\u00e7a, Postura e Reda\u00e7\u00e3o Final ao Projeto de Lei do Legislativo n\u00ba 033, de 1\u00ba de junho de 2023.<\/p>\n\n\n\n<p>\u2022 Projeto de Lei do Legislativo n\u00ba 033\/2023, que \u201cInstitui a semana Municipal de Conscientiza\u00e7\u00e3o e Preven\u00e7\u00e3o da Viol\u00eancia nas Escolas e d\u00e1 outras provid\u00eancias\u201d.<\/p>\n\n\n\n<p>\u2022 Parecer da Comiss\u00e3o Permanente de Legisla\u00e7\u00e3o, Justi\u00e7a, Postura e Reda\u00e7\u00e3o Final ao Projeto de Lei do Legislativo n\u00ba 051, de 4 de setembro de 2023.<\/p>\n\n\n\n<p>\u2022 Projeto de Lei do Legislativo n\u00ba 051\/2023, que \u201cDisp\u00f5e sobre a notifica\u00e7\u00e3o dos casos de viol\u00eancia contra a pessoa idosa d\u00e1 outras provid\u00eancias\u201d.<\/p>\n\n\n\n<p>\u00a0Hoje, \u00e0s 19h, a C\u00e2mara Municipal de Senhor do Bonfim realizar\u00e1 sua 23\u00aa sess\u00e3o ordin\u00e1ria.<\/p>\n\n\n\n<p>&nbsp;Acompanhe de perto os trabalhos do Poder Legislativo.<\/p>\n\n\n\n<p>&nbsp;Inscreva-se em nosso canal:<\/p>\n\n\n\n<p><a href=\"https:\/\/www.youtube.com\/results?search_query=camara+de+bonfim\">https:\/\/www.youtube.com\/results?search_query=camara+de+bonfim<\/a><\/p>\n\n\n\n<p>&nbsp;ASCOM \u2013 CMSB \u2013 \u201cO futuro do nosso munic\u00edpio passa por aqui.\u201d<\/p>\n","protected":false},"excerpt":{"rendered":"<p>EXPEDIENTE \u2022 Of\u00edcio n\u00ba 094\/2024 \u2013 Gabinete do Prefeito, que encaminha o Projeto de Lei do Executivo n\u00ba 025\/2024; \u2022 Projeto de Lei do Executivo n\u00ba 025\/2024, que \u201cAutoriza o Poder Executivo a realizar e incluir no calend\u00e1rio dos festejos de Senhor do Bonfim o Concurso de Rainha do Milho e d\u00e1 outras provid\u00eancias\u201d; \u2022 [&hellip;]<\/p>\n","protected":false},"author":2,"featured_media":12106,"comment_status":"open","ping_status":"open","sticky":false,"template":"","format":"standard","meta":{"_jetpack_memberships_contains_paid_content":false,"footnotes":""},"categories":[17],"tags":[],"class_list":["post-12105","post","type-post","status-publish","format-standard","has-post-thumbnail","hentry","category-senhor-do-bonfim"],"aioseo_notices":[],"jetpack_featured_media_url":"https:\/\/i0.wp.com\/minutobahia24h.com.br\/wp-content\/uploads\/2024\/05\/WhatsApp-Image-2024-05-14-at-19.51.21.jpeg?fit=900%2C1600&ssl=1","jetpack_sharing_enabled":true,"_links":{"self":[{"href":"https:\/\/minutobahia24h.com.br\/index.php?rest_route=\/wp\/v2\/posts\/12105","targetHints":{"allow":["GET"]}}],"collection":[{"href":"https:\/\/minutobahia24h.com.br\/index.php?rest_route=\/wp\/v2\/posts"}],"about":[{"href":"https:\/\/minutobahia24h.com.br\/index.php?rest_route=\/wp\/v2\/types\/post"}],"author":[{"embeddable":true,"href":"https:\/\/minutobahia24h.com.br\/index.php?rest_route=\/wp\/v2\/users\/2"}],"replies":[{"embeddable":true,"href":"https:\/\/minutobahia24h.com.br\/index.php?rest_route=%2Fwp%2Fv2%2Fcomments&post=12105"}],"version-history":[{"count":1,"href":"https:\/\/minutobahia24h.com.br\/index.php?rest_route=\/wp\/v2\/posts\/12105\/revisions"}],"predecessor-version":[{"id":12108,"href":"https:\/\/minutobahia24h.com.br\/index.php?rest_route=\/wp\/v2\/posts\/12105\/revisions\/12108"}],"wp:featuredmedia":[{"embeddable":true,"href":"https:\/\/minutobahia24h.com.br\/index.php?rest_route=\/wp\/v2\/media\/12106"}],"wp:attachment":[{"href":"https:\/\/minutobahia24h.com.br\/index.php?rest_route=%2Fwp%2Fv2%2Fmedia&parent=12105"}],"wp:term":[{"taxonomy":"category","embeddable":true,"href":"https:\/\/minutobahia24h.com.br\/index.php?rest_route=%2Fwp%2Fv2%2Fcategories&post=12105"},{"taxonomy":"post_tag","embeddable":true,"href":"https:\/\/minutobahia24h.com.br\/index.php?rest_route=%2Fwp%2Fv2%2Ftags&post=12105"}],"curies":[{"name":"wp","href":"https:\/\/api.w.org\/{rel}","templated":true}]}}