{"id":11889,"date":"2024-05-08T07:41:17","date_gmt":"2024-05-08T10:41:17","guid":{"rendered":"https:\/\/minutobahia24h.com.br\/?p=11889"},"modified":"2024-05-08T07:41:19","modified_gmt":"2024-05-08T10:41:19","slug":"astrazeneca-encerra-producao-e-distribuicao-da-vacina-contra-a-covid-19-em-todo-o-mundo","status":"publish","type":"post","link":"https:\/\/minutobahia24h.com.br\/?p=11889","title":{"rendered":"AstraZeneca encerra produ\u00e7\u00e3o e distribui\u00e7\u00e3o da vacina contra a Covid-19 em todo o mundo"},"content":{"rendered":"<div class=\"wp-block-image\">\n<figure class=\"aligncenter size-full\"><img data-recalc-dims=\"1\" fetchpriority=\"high\" decoding=\"async\" width=\"800\" height=\"450\" src=\"https:\/\/i0.wp.com\/minutobahia24h.com.br\/wp-content\/uploads\/2024\/05\/Sem-titulo-79.jpg?resize=800%2C450&#038;ssl=1\" alt=\"\" class=\"wp-image-11890\" srcset=\"https:\/\/i0.wp.com\/minutobahia24h.com.br\/wp-content\/uploads\/2024\/05\/Sem-titulo-79.jpg?w=984&amp;ssl=1 984w, https:\/\/i0.wp.com\/minutobahia24h.com.br\/wp-content\/uploads\/2024\/05\/Sem-titulo-79.jpg?resize=300%2C169&amp;ssl=1 300w, https:\/\/i0.wp.com\/minutobahia24h.com.br\/wp-content\/uploads\/2024\/05\/Sem-titulo-79.jpg?resize=768%2C432&amp;ssl=1 768w, https:\/\/i0.wp.com\/minutobahia24h.com.br\/wp-content\/uploads\/2024\/05\/Sem-titulo-79.jpg?resize=750%2C422&amp;ssl=1 750w\" sizes=\"(max-width: 800px) 100vw, 800px\" \/><figcaption class=\"wp-element-caption\">Vacina da AstraZeneca \u2014 Foto: BBC\/MR.WUTTISAK PROMCHOO\/GETTY IMAGES<br><\/figcaption><\/figure>\n<\/div>\n\n\n<p>A farmac\u00eautica AstraZeneca anunciou que encerrou a produ\u00e7\u00e3o e a distribui\u00e7\u00e3o da vacina contra a Covid-19 em todo o mundo. Segundo a empresa, o motivo \u00e9 devido a um \u201cexcedente de vacinas dispon\u00edveis\u201d desde o in\u00edcio da pandemia, em 2020.<\/p>\n\n\n\n<p>\u201cComo v\u00e1rias vacinas contra a Covid-19 e variantes foram desenvolvidas, h\u00e1 um excedente de vacinas atualizadas dispon\u00edveis\u201d, afirmou a empresa, dizendo que isso levou a uma redu\u00e7\u00e3o pela procura pelo imunizante.<\/p>\n\n\n\n<p>O an\u00fancio da empresa acontece ap\u00f3s o pedido de retirada volunt\u00e1rio feito em 5 de mar\u00e7o, que entrou em vigor nesta ter\u00e7a-feira (7).<\/p>\n\n\n\n<p>No Brasil, a vacina da AstraZeneca \u00e9 produzida pela Fiocruz ap\u00f3s transfer\u00eancia de tecnologia formalizado em junho de 2021.&nbsp;<a class=\"\" href=\"https:\/\/g1.globo.com\/saude\/noticia\/2022\/02\/22\/brasil-comeca-a-aplicar-vacina-da-astrazeneca-contra-a-covid-19-com-producao-100percent-nacional.ghtml\">A primeira dose do imunizante foi aplicada no pa\u00eds em fevereiro de 2022<\/a>.<\/p>\n","protected":false},"excerpt":{"rendered":"<p>A farmac\u00eautica AstraZeneca anunciou que encerrou a produ\u00e7\u00e3o e a distribui\u00e7\u00e3o da vacina contra a Covid-19 em todo o mundo. Segundo a empresa, o motivo \u00e9 devido a um \u201cexcedente de vacinas dispon\u00edveis\u201d desde o in\u00edcio da pandemia, em 2020. \u201cComo v\u00e1rias vacinas contra a Covid-19 e variantes foram desenvolvidas, h\u00e1 um excedente de vacinas [&hellip;]<\/p>\n","protected":false},"author":2,"featured_media":11890,"comment_status":"open","ping_status":"open","sticky":false,"template":"","format":"standard","meta":{"_jetpack_memberships_contains_paid_content":false,"footnotes":""},"categories":[18],"tags":[],"class_list":["post-11889","post","type-post","status-publish","format-standard","has-post-thumbnail","hentry","category-saude"],"aioseo_notices":[],"jetpack_featured_media_url":"https:\/\/i0.wp.com\/minutobahia24h.com.br\/wp-content\/uploads\/2024\/05\/Sem-titulo-79.jpg?fit=984%2C554&ssl=1","jetpack_sharing_enabled":true,"_links":{"self":[{"href":"https:\/\/minutobahia24h.com.br\/index.php?rest_route=\/wp\/v2\/posts\/11889","targetHints":{"allow":["GET"]}}],"collection":[{"href":"https:\/\/minutobahia24h.com.br\/index.php?rest_route=\/wp\/v2\/posts"}],"about":[{"href":"https:\/\/minutobahia24h.com.br\/index.php?rest_route=\/wp\/v2\/types\/post"}],"author":[{"embeddable":true,"href":"https:\/\/minutobahia24h.com.br\/index.php?rest_route=\/wp\/v2\/users\/2"}],"replies":[{"embeddable":true,"href":"https:\/\/minutobahia24h.com.br\/index.php?rest_route=%2Fwp%2Fv2%2Fcomments&post=11889"}],"version-history":[{"count":1,"href":"https:\/\/minutobahia24h.com.br\/index.php?rest_route=\/wp\/v2\/posts\/11889\/revisions"}],"predecessor-version":[{"id":11891,"href":"https:\/\/minutobahia24h.com.br\/index.php?rest_route=\/wp\/v2\/posts\/11889\/revisions\/11891"}],"wp:featuredmedia":[{"embeddable":true,"href":"https:\/\/minutobahia24h.com.br\/index.php?rest_route=\/wp\/v2\/media\/11890"}],"wp:attachment":[{"href":"https:\/\/minutobahia24h.com.br\/index.php?rest_route=%2Fwp%2Fv2%2Fmedia&parent=11889"}],"wp:term":[{"taxonomy":"category","embeddable":true,"href":"https:\/\/minutobahia24h.com.br\/index.php?rest_route=%2Fwp%2Fv2%2Fcategories&post=11889"},{"taxonomy":"post_tag","embeddable":true,"href":"https:\/\/minutobahia24h.com.br\/index.php?rest_route=%2Fwp%2Fv2%2Ftags&post=11889"}],"curies":[{"name":"wp","href":"https:\/\/api.w.org\/{rel}","templated":true}]}}