{"id":11886,"date":"2024-05-08T07:37:40","date_gmt":"2024-05-08T10:37:40","guid":{"rendered":"https:\/\/minutobahia24h.com.br\/?p=11886"},"modified":"2024-05-08T07:37:42","modified_gmt":"2024-05-08T10:37:42","slug":"carmen-lucia-e-eleita-presidente-do-tse-e-assume-em-junho-na-vaga-de-moraes","status":"publish","type":"post","link":"https:\/\/minutobahia24h.com.br\/?p=11886","title":{"rendered":"C\u00e1rmen L\u00facia \u00e9 eleita presidente do TSE e assume em junho na vaga de Moraes"},"content":{"rendered":"<div class=\"wp-block-image\">\n<figure class=\"aligncenter size-full\"><img data-recalc-dims=\"1\" fetchpriority=\"high\" decoding=\"async\" width=\"601\" height=\"421\" src=\"https:\/\/i0.wp.com\/minutobahia24h.com.br\/wp-content\/uploads\/2024\/05\/Sem-titulo-78.jpg?resize=601%2C421&#038;ssl=1\" alt=\"\" class=\"wp-image-11887\" srcset=\"https:\/\/i0.wp.com\/minutobahia24h.com.br\/wp-content\/uploads\/2024\/05\/Sem-titulo-78.jpg?w=601&amp;ssl=1 601w, https:\/\/i0.wp.com\/minutobahia24h.com.br\/wp-content\/uploads\/2024\/05\/Sem-titulo-78.jpg?resize=300%2C210&amp;ssl=1 300w\" sizes=\"(max-width: 601px) 100vw, 601px\" \/><figcaption class=\"wp-element-caption\">Foto: Reprodu\u00e7\u00e3o\/Folha \u2013 Uol<br><\/figcaption><\/figure>\n<\/div>\n\n\n<p>A ministra do Tribunal Superior Eleitoral (TSE) C\u00e1rmen L\u00facia foi eleita a nova presidente da corte, nesta ter\u00e7a-feira (7). Ela assumir\u00e1 o cargo no lugar do ministro Alexandre de Moraes, que termina o seu bi\u00eanio \u00e0 frente da tribunal no dia 3 de junho. A gest\u00e3o de C\u00e1rmen tamb\u00e9m ter\u00e1 a mesma dura\u00e7\u00e3o.<\/p>\n\n\n\n<p>Na mesma sess\u00e3o, o ministro Kassio Nunes Marques foi eleito o vice-presidente do tribunal. Os dois estar\u00e3o \u00e0 frente do TSE nas elei\u00e7\u00f5es municipais deste ano. Esta ser\u00e1 segunda vez de C\u00e1rmen como presidente da corte. Ela tamb\u00e9m presidiu o tribunal entre 2012 e 2013<\/p>\n\n\n\n<p>C\u00e1rmen agradeceu a confian\u00e7a do tribunal e disse que ela e Kassio Nunes Marques se comprometem a \u201chonrar a Constitui\u00e7\u00e3o, as leis da Rep\u00fablica\u201d e para que a Justi\u00e7a Eleitoral \u201ccontinue a cumprir sua fun\u00e7\u00e3o constitucional em benef\u00edcio da democracia brasileira\u201d.<\/p>\n\n\n\n<p>Moraes disse que era uma honra \u201cpassar o bast\u00e3o\u201d para sua amiga e \u201cuma das mais respeit\u00e1veis professores e escritoras de direito p\u00fablico, administrativo e constitucional\u201d.<\/p>\n\n\n\n<p>C\u00e1rmen tem feito declara\u00e7\u00f5es em defesa de regulamenta\u00e7\u00e3o das plataformas durante as elei\u00e7\u00f5es e que v\u00ea como desafios atuais com as redes sociais e o temor da cria\u00e7\u00e3o de um \u201cnovo coronelismo digital\u201d.<\/p>\n\n\n\n<p>Bahia.ba<\/p>\n","protected":false},"excerpt":{"rendered":"<p>A ministra do Tribunal Superior Eleitoral (TSE) C\u00e1rmen L\u00facia foi eleita a nova presidente da corte, nesta ter\u00e7a-feira (7). Ela assumir\u00e1 o cargo no lugar do ministro Alexandre de Moraes, que termina o seu bi\u00eanio \u00e0 frente da tribunal no dia 3 de junho. A gest\u00e3o de C\u00e1rmen tamb\u00e9m ter\u00e1 a mesma dura\u00e7\u00e3o. Na mesma [&hellip;]<\/p>\n","protected":false},"author":2,"featured_media":11887,"comment_status":"open","ping_status":"open","sticky":false,"template":"","format":"standard","meta":{"_jetpack_memberships_contains_paid_content":false,"footnotes":""},"categories":[39],"tags":[],"class_list":["post-11886","post","type-post","status-publish","format-standard","has-post-thumbnail","hentry","category-politica"],"aioseo_notices":[],"jetpack_featured_media_url":"https:\/\/i0.wp.com\/minutobahia24h.com.br\/wp-content\/uploads\/2024\/05\/Sem-titulo-78.jpg?fit=601%2C421&ssl=1","jetpack_sharing_enabled":true,"_links":{"self":[{"href":"https:\/\/minutobahia24h.com.br\/index.php?rest_route=\/wp\/v2\/posts\/11886","targetHints":{"allow":["GET"]}}],"collection":[{"href":"https:\/\/minutobahia24h.com.br\/index.php?rest_route=\/wp\/v2\/posts"}],"about":[{"href":"https:\/\/minutobahia24h.com.br\/index.php?rest_route=\/wp\/v2\/types\/post"}],"author":[{"embeddable":true,"href":"https:\/\/minutobahia24h.com.br\/index.php?rest_route=\/wp\/v2\/users\/2"}],"replies":[{"embeddable":true,"href":"https:\/\/minutobahia24h.com.br\/index.php?rest_route=%2Fwp%2Fv2%2Fcomments&post=11886"}],"version-history":[{"count":1,"href":"https:\/\/minutobahia24h.com.br\/index.php?rest_route=\/wp\/v2\/posts\/11886\/revisions"}],"predecessor-version":[{"id":11888,"href":"https:\/\/minutobahia24h.com.br\/index.php?rest_route=\/wp\/v2\/posts\/11886\/revisions\/11888"}],"wp:featuredmedia":[{"embeddable":true,"href":"https:\/\/minutobahia24h.com.br\/index.php?rest_route=\/wp\/v2\/media\/11887"}],"wp:attachment":[{"href":"https:\/\/minutobahia24h.com.br\/index.php?rest_route=%2Fwp%2Fv2%2Fmedia&parent=11886"}],"wp:term":[{"taxonomy":"category","embeddable":true,"href":"https:\/\/minutobahia24h.com.br\/index.php?rest_route=%2Fwp%2Fv2%2Fcategories&post=11886"},{"taxonomy":"post_tag","embeddable":true,"href":"https:\/\/minutobahia24h.com.br\/index.php?rest_route=%2Fwp%2Fv2%2Ftags&post=11886"}],"curies":[{"name":"wp","href":"https:\/\/api.w.org\/{rel}","templated":true}]}}