{"id":11865,"date":"2024-05-08T07:02:09","date_gmt":"2024-05-08T10:02:09","guid":{"rendered":"https:\/\/minutobahia24h.com.br\/?p=11865"},"modified":"2024-05-08T07:02:10","modified_gmt":"2024-05-08T10:02:10","slug":"operacao-do-inema-e-da-prf-resgata-cerca-de-12-mil-aves-silvestres-em-jaguarari-e-cidades-da-regiao","status":"publish","type":"post","link":"https:\/\/minutobahia24h.com.br\/?p=11865","title":{"rendered":"Opera\u00e7\u00e3o do Inema e da PRF resgata cerca de 1,2 mil aves silvestres em Jaguarari e cidades da regi\u00e3o"},"content":{"rendered":"<div class=\"wp-block-image\">\n<figure class=\"aligncenter size-full\"><img data-recalc-dims=\"1\" fetchpriority=\"high\" decoding=\"async\" width=\"638\" height=\"480\" src=\"https:\/\/i0.wp.com\/minutobahia24h.com.br\/wp-content\/uploads\/2024\/05\/Sem-titulo-71.jpg?resize=638%2C480&#038;ssl=1\" alt=\"\" class=\"wp-image-11866\" srcset=\"https:\/\/i0.wp.com\/minutobahia24h.com.br\/wp-content\/uploads\/2024\/05\/Sem-titulo-71.jpg?w=638&amp;ssl=1 638w, https:\/\/i0.wp.com\/minutobahia24h.com.br\/wp-content\/uploads\/2024\/05\/Sem-titulo-71.jpg?resize=300%2C226&amp;ssl=1 300w\" sizes=\"(max-width: 638px) 100vw, 638px\" \/><\/figure>\n<\/div>\n\n\n<p>O Instituto do Meio Ambiente e Recursos H\u00eddricos (Inema) e a Pol\u00edcia Rodovi\u00e1ria Federal realizaram, entre os dias 29\/03 a 4\/04, a terceira fase da Opera\u00e7\u00e3o Rotas da Fauna, que resgatou cerca de 1,2 mil aves silvestres, al\u00e9m de jabutis e tatu, flagrados em situa\u00e7\u00e3o de cativeiro e transporte ilegal em rodovias federais. Os agentes percorreram os munic\u00edpios de Queimadas, Senhor do Bonfim, Cansan\u00e7\u00e3o, Iti\u00faba, Filad\u00e9lfia, Ponto Novo e Jaguarari.<\/p>\n\n\n\n<p>Durante a a\u00e7\u00e3o, foram registradas 115 ocorr\u00eancias policiais com autua\u00e7\u00e3o por infra\u00e7\u00e3o ambiental de 97 pessoas, mesma quantidade de autos de infra\u00e7\u00e3o e multas emitidas pelo Inema.<\/p>\n\n\n\n<p>\u201cA colabora\u00e7\u00e3o entre os \u00f3rg\u00e3os municipais, o Inema, a PRF e as comunidades locais foi essencial para identifica\u00e7\u00e3o das rotas utilizadas para o transporte ilegal destes animais silvestres. O sucesso da opera\u00e7\u00e3o demonstra a efic\u00e1cia de uma abordagem integrada, envolvendo al\u00e9m das apreens\u00f5es e san\u00e7\u00f5es legais, um trabalho de orienta\u00e7\u00e3o junto \u00e0 popula\u00e7\u00e3o, mostrando que cada cidad\u00e3o pode fazer a diferen\u00e7a para a preserva\u00e7\u00e3o da nossa fauna\u201d, ressaltou o diretor de Fiscaliza\u00e7\u00e3o Ambiental do Inema, Eduardo Top\u00e1zio.<\/p>\n\n\n<div class=\"wp-block-image\">\n<figure class=\"aligncenter\"><a href=\"https:\/\/i0.wp.com\/blogger.googleusercontent.com\/img\/b\/R29vZ2xl\/AVvXsEgI1ef3jOFAvy1H2A697kG_0z9i7M__TVTIgkbd5OJ6L4ZeIsmuoZ7MbUqxWRdAndRnC4W5kmfj32YSQ3w0-Fu22MMOIF1z1lXtvufUh1uludkmujF-gpQHEDajakrm8BJKAjR0LSY02U606FhyphenhyphenSPfIRAz1Zwuk8SVF0-Zqnn7mJho2i2qONo7RKJPEwpk\/s640\/20240501_112229-640x480.jpg?ssl=1\"><img data-recalc-dims=\"1\" height=\"480\" width=\"640\" decoding=\"async\" src=\"https:\/\/i0.wp.com\/blogger.googleusercontent.com\/img\/b\/R29vZ2xl\/AVvXsEgI1ef3jOFAvy1H2A697kG_0z9i7M__TVTIgkbd5OJ6L4ZeIsmuoZ7MbUqxWRdAndRnC4W5kmfj32YSQ3w0-Fu22MMOIF1z1lXtvufUh1uludkmujF-gpQHEDajakrm8BJKAjR0LSY02U606FhyphenhyphenSPfIRAz1Zwuk8SVF0-Zqnn7mJho2i2qONo7RKJPEwpk\/w400-h300\/20240501_112229-640x480.jpg?resize=640%2C480&#038;ssl=1\" alt=\"\"\/><\/a><\/figure>\n<\/div>\n\n\n<p>Entre as esp\u00e9cies recuperadas estavam exemplares de Papa-capim, Golinho, Azul\u00e3o, Cardeal e Coleirinho, al\u00e9m de papagaios, periquitos, jabutis, tatus.<\/p>\n\n\n\n<p>Os animais resgatados foram soltos em uma \u00c1rea de Soltura de Animais Silvestres (ASAS), cadastrada pelo Inema. As esp\u00e9cies que n\u00e3o estavam aptas para a soltura foram encaminhadas para o Centro de Triagem de Animais Silvestres (Cetas) do Inema, em Cruz das Almas, onde receberam os cuidados necess\u00e1rios para posterior retorno ao habitat natural.<\/p>\n\n\n\n<p>A opera\u00e7\u00e3o contou com a participa\u00e7\u00e3o de t\u00e9cnicos do Instituto, lotados em Salvador, Senhor do Bonfim e Juazeiro, al\u00e9m do efetivo da PRF e das secretarias municipais de Meio Ambiente de Euclides da Cunha e Senhor do Bonfim.<\/p>\n\n\n<div class=\"wp-block-image\">\n<figure class=\"aligncenter\"><a href=\"https:\/\/i0.wp.com\/blogger.googleusercontent.com\/img\/b\/R29vZ2xl\/AVvXsEghK32HfNJBH_Vm9T7tf9QOeGi7YVPJvfsUT_jlPbKYbBFl79oHZmxZc5dRwdfRN0Rj1Ip8IauBK6DyTg0h6F35OkCL_QA_61vEFowC3-UUXDeW_u4Xci-aRKrvCrcnhQyX-CSj77HJwlicsdcMzL6qlpFMB6xrauzT3qdrPLT5HJngRdJUZP8YUh5e-k8\/s640\/20240503_122615-640x480.jpg?ssl=1\"><img data-recalc-dims=\"1\" height=\"480\" width=\"640\" decoding=\"async\" src=\"https:\/\/i0.wp.com\/blogger.googleusercontent.com\/img\/b\/R29vZ2xl\/AVvXsEghK32HfNJBH_Vm9T7tf9QOeGi7YVPJvfsUT_jlPbKYbBFl79oHZmxZc5dRwdfRN0Rj1Ip8IauBK6DyTg0h6F35OkCL_QA_61vEFowC3-UUXDeW_u4Xci-aRKrvCrcnhQyX-CSj77HJwlicsdcMzL6qlpFMB6xrauzT3qdrPLT5HJngRdJUZP8YUh5e-k8\/w640-h480\/20240503_122615-640x480.jpg?resize=640%2C480&#038;ssl=1\" alt=\"\"\/><\/a><\/figure>\n<\/div>\n\n<div class=\"wp-block-image\">\n<figure class=\"aligncenter\"><a href=\"https:\/\/i0.wp.com\/blogger.googleusercontent.com\/img\/b\/R29vZ2xl\/AVvXsEiICXk82hYArfCIiVDIQM6lJngdynsi54FQYv78p7o2pUVI9SItO5e8yUeFlTsDm4xVCvWUUODRRrmwCQ6x4CPfvvEu6jUPObcCOKIcLoIr36ZWKbNdWR06YgdBz3E7ma5xekMemqKiDpilmp8etmkqiDaFusLhbHpTBlosGoMwvkYIlxZWRRf9-3kO1OI\/s432\/b47c1095-8dfe-4e9c-a61c-232c29da138a_1.jpeg?ssl=1\"><img data-recalc-dims=\"1\" decoding=\"async\" data-src=\"https:\/\/i0.wp.com\/blogger.googleusercontent.com\/img\/b\/R29vZ2xl\/AVvXsEiICXk82hYArfCIiVDIQM6lJngdynsi54FQYv78p7o2pUVI9SItO5e8yUeFlTsDm4xVCvWUUODRRrmwCQ6x4CPfvvEu6jUPObcCOKIcLoIr36ZWKbNdWR06YgdBz3E7ma5xekMemqKiDpilmp8etmkqiDaFusLhbHpTBlosGoMwvkYIlxZWRRf9-3kO1OI\/w640-h528\/b47c1095-8dfe-4e9c-a61c-232c29da138a_1.jpeg?w=800&#038;ssl=1\" alt=\"\" src=\"data:image\/gif;base64,R0lGODlhAQABAAAAACH5BAEKAAEALAAAAAABAAEAAAICTAEAOw==\" class=\"lazyload\" \/><noscript><img data-recalc-dims=\"1\" decoding=\"async\" src=\"https:\/\/i0.wp.com\/blogger.googleusercontent.com\/img\/b\/R29vZ2xl\/AVvXsEiICXk82hYArfCIiVDIQM6lJngdynsi54FQYv78p7o2pUVI9SItO5e8yUeFlTsDm4xVCvWUUODRRrmwCQ6x4CPfvvEu6jUPObcCOKIcLoIr36ZWKbNdWR06YgdBz3E7ma5xekMemqKiDpilmp8etmkqiDaFusLhbHpTBlosGoMwvkYIlxZWRRf9-3kO1OI\/w640-h528\/b47c1095-8dfe-4e9c-a61c-232c29da138a_1.jpeg?w=800&#038;ssl=1\" alt=\"\"\/><\/noscript><\/a><\/figure>\n<\/div>\n\n<div class=\"wp-block-image\">\n<figure class=\"aligncenter\"><a href=\"https:\/\/i0.wp.com\/blogger.googleusercontent.com\/img\/b\/R29vZ2xl\/AVvXsEhnnnk4emtDqJlF7p_Tb1IJhu_Uv1jx_3ii0dtwkT7-omGBPWQ71WCI_6LoL0cJMpx5oEyV_btVJfI5M1rEkAQqQFqneSGSdXNsE7QwUDOtqHegMebayZlYqGJyh65vVEAKyNRtXph97TRdCrABFnJcmJjIFYbGHL1Ovn2VwgV250WDVUgNw3IRTmtwR_8\/s720\/Screenshot_20240506-224945_1.png?ssl=1\"><img data-recalc-dims=\"1\" decoding=\"async\" data-src=\"https:\/\/i0.wp.com\/blogger.googleusercontent.com\/img\/b\/R29vZ2xl\/AVvXsEhnnnk4emtDqJlF7p_Tb1IJhu_Uv1jx_3ii0dtwkT7-omGBPWQ71WCI_6LoL0cJMpx5oEyV_btVJfI5M1rEkAQqQFqneSGSdXNsE7QwUDOtqHegMebayZlYqGJyh65vVEAKyNRtXph97TRdCrABFnJcmJjIFYbGHL1Ovn2VwgV250WDVUgNw3IRTmtwR_8\/w640-h314\/Screenshot_20240506-224945_1.png?w=800&#038;ssl=1\" alt=\"\" src=\"data:image\/gif;base64,R0lGODlhAQABAAAAACH5BAEKAAEALAAAAAABAAEAAAICTAEAOw==\" class=\"lazyload\" \/><noscript><img data-recalc-dims=\"1\" decoding=\"async\" src=\"https:\/\/i0.wp.com\/blogger.googleusercontent.com\/img\/b\/R29vZ2xl\/AVvXsEhnnnk4emtDqJlF7p_Tb1IJhu_Uv1jx_3ii0dtwkT7-omGBPWQ71WCI_6LoL0cJMpx5oEyV_btVJfI5M1rEkAQqQFqneSGSdXNsE7QwUDOtqHegMebayZlYqGJyh65vVEAKyNRtXph97TRdCrABFnJcmJjIFYbGHL1Ovn2VwgV250WDVUgNw3IRTmtwR_8\/w640-h314\/Screenshot_20240506-224945_1.png?w=800&#038;ssl=1\" alt=\"\"\/><\/noscript><\/a><\/figure>\n<\/div>\n\n\n<p><strong><em>Ascom Inema<\/em><\/strong><\/p>\n","protected":false},"excerpt":{"rendered":"<p>O Instituto do Meio Ambiente e Recursos H\u00eddricos (Inema) e a Pol\u00edcia Rodovi\u00e1ria Federal realizaram, entre os dias 29\/03 a 4\/04, a terceira fase da Opera\u00e7\u00e3o Rotas da Fauna, que resgatou cerca de 1,2 mil aves silvestres, al\u00e9m de jabutis e tatu, flagrados em situa\u00e7\u00e3o de cativeiro e transporte ilegal em rodovias federais. Os agentes [&hellip;]<\/p>\n","protected":false},"author":2,"featured_media":11866,"comment_status":"open","ping_status":"open","sticky":false,"template":"","format":"standard","meta":{"_jetpack_memberships_contains_paid_content":false,"footnotes":""},"categories":[12],"tags":[],"class_list":["post-11865","post","type-post","status-publish","format-standard","has-post-thumbnail","hentry","category-jaguarari"],"aioseo_notices":[],"jetpack_featured_media_url":"https:\/\/i0.wp.com\/minutobahia24h.com.br\/wp-content\/uploads\/2024\/05\/Sem-titulo-71.jpg?fit=638%2C480&ssl=1","jetpack_sharing_enabled":true,"_links":{"self":[{"href":"https:\/\/minutobahia24h.com.br\/index.php?rest_route=\/wp\/v2\/posts\/11865","targetHints":{"allow":["GET"]}}],"collection":[{"href":"https:\/\/minutobahia24h.com.br\/index.php?rest_route=\/wp\/v2\/posts"}],"about":[{"href":"https:\/\/minutobahia24h.com.br\/index.php?rest_route=\/wp\/v2\/types\/post"}],"author":[{"embeddable":true,"href":"https:\/\/minutobahia24h.com.br\/index.php?rest_route=\/wp\/v2\/users\/2"}],"replies":[{"embeddable":true,"href":"https:\/\/minutobahia24h.com.br\/index.php?rest_route=%2Fwp%2Fv2%2Fcomments&post=11865"}],"version-history":[{"count":1,"href":"https:\/\/minutobahia24h.com.br\/index.php?rest_route=\/wp\/v2\/posts\/11865\/revisions"}],"predecessor-version":[{"id":11867,"href":"https:\/\/minutobahia24h.com.br\/index.php?rest_route=\/wp\/v2\/posts\/11865\/revisions\/11867"}],"wp:featuredmedia":[{"embeddable":true,"href":"https:\/\/minutobahia24h.com.br\/index.php?rest_route=\/wp\/v2\/media\/11866"}],"wp:attachment":[{"href":"https:\/\/minutobahia24h.com.br\/index.php?rest_route=%2Fwp%2Fv2%2Fmedia&parent=11865"}],"wp:term":[{"taxonomy":"category","embeddable":true,"href":"https:\/\/minutobahia24h.com.br\/index.php?rest_route=%2Fwp%2Fv2%2Fcategories&post=11865"},{"taxonomy":"post_tag","embeddable":true,"href":"https:\/\/minutobahia24h.com.br\/index.php?rest_route=%2Fwp%2Fv2%2Ftags&post=11865"}],"curies":[{"name":"wp","href":"https:\/\/api.w.org\/{rel}","templated":true}]}}