{"id":11831,"date":"2024-05-07T07:52:52","date_gmt":"2024-05-07T10:52:52","guid":{"rendered":"https:\/\/minutobahia24h.com.br\/?p=11831"},"modified":"2024-05-07T07:52:54","modified_gmt":"2024-05-07T10:52:54","slug":"militares-israelenses-dizem-ter-capturado-lado-palestino-da-travessia-de-rafah","status":"publish","type":"post","link":"https:\/\/minutobahia24h.com.br\/?p=11831","title":{"rendered":"Militares israelenses dizem ter capturado lado palestino da travessia de Rafah"},"content":{"rendered":"<div class=\"wp-block-image\">\n<figure class=\"aligncenter size-full\"><img data-recalc-dims=\"1\" fetchpriority=\"high\" decoding=\"async\" width=\"800\" height=\"436\" src=\"https:\/\/i0.wp.com\/minutobahia24h.com.br\/wp-content\/uploads\/2024\/05\/Sem-titulo-64.jpg?resize=800%2C436&#038;ssl=1\" alt=\"\" class=\"wp-image-11832\" srcset=\"https:\/\/i0.wp.com\/minutobahia24h.com.br\/wp-content\/uploads\/2024\/05\/Sem-titulo-64.jpg?w=888&amp;ssl=1 888w, https:\/\/i0.wp.com\/minutobahia24h.com.br\/wp-content\/uploads\/2024\/05\/Sem-titulo-64.jpg?resize=300%2C164&amp;ssl=1 300w, https:\/\/i0.wp.com\/minutobahia24h.com.br\/wp-content\/uploads\/2024\/05\/Sem-titulo-64.jpg?resize=768%2C419&amp;ssl=1 768w, https:\/\/i0.wp.com\/minutobahia24h.com.br\/wp-content\/uploads\/2024\/05\/Sem-titulo-64.jpg?resize=750%2C409&amp;ssl=1 750w\" sizes=\"(max-width: 800px) 100vw, 800px\" \/><figcaption class=\"wp-element-caption\">Explos\u00e3o registrada durante ataque a\u00e9reo de Israel contra Rafah \u2014 Foto: Reprodu\u00e7\u00e3o de v\u00eddeo<br><\/figcaption><\/figure>\n<\/div>\n\n\n<p>O ex\u00e9rcito israelense diz ter assumido o controle do lado de Gaza do posto fronteiri\u00e7o de Rafah com o Egito. A informa\u00e7\u00e3o foi divulgada pela CNN, com base nas For\u00e7as de Defesa de Israel (IDF), nesta ter\u00e7a-feira. &#8220;Temos controle operacional da \u00e1rea e da travessia&#8221;, confirmou um oficial militar israelense \u00e0 rede de TV americana.<\/p>\n\n\n\n<p>A despeito de o&nbsp;<a class=\"\" href=\"https:\/\/oglobo.globo.com\/mundo\/noticia\/2024\/05\/06\/hamas-aceita-termos-de-cessar-fogo-com-israel.ghtml\">Hamas ter aceito os termos de cessar-fogo<\/a>&nbsp;com Israel, ataques a\u00e9reos israelenses atingem Rafah em cheio.<\/p>\n\n\n\n<figure class=\"wp-block-image\"><img data-recalc-dims=\"1\" decoding=\"async\" src=\"https:\/\/i0.wp.com\/s2-oglobo.glbimg.com\/fn-qqM1o1GAwCJqjJUGr7IbIDds%3D\/0x0%3A3500x1969\/984x0\/smart\/filters%3Astrip_icc%28%29\/i.s3.glbimg.com\/v1\/AUTH_da025474c0c44edd99332dddb09cabe8\/internal_photos\/bs\/2024\/B\/m\/M2P6dARo6YXn40PuYKpA\/106837004-topshot-this-handout-picture-released-by-the-israeli-army-shows-the-401st-brigades-comb.jpg?w=800&#038;ssl=1\" alt=\"Tanques da 401\u00aa Brigada israelense tomam o lado palestino da passagem de fronteira de Rafah entre Gaza e o Egito, no sul da Faixa de Gaza \u2014 Foto: Ex\u00e9rcito Israelense \/ AFP\"\/><figcaption class=\"wp-element-caption\">Tanques da 401\u00aa Brigada israelense tomam o lado palestino da passagem de fronteira de Rafah entre Gaza e o Egito, no sul da Faixa de Gaza \u2014 Foto: Ex\u00e9rcito Israelense \/ AFP<\/figcaption><\/figure>\n\n\n\n<p>Todo o movimento na passagem de Rafah parou depois que tanques israelenses capturaram a instala\u00e7\u00e3o do lado palestino, segundo uma autoridade palestina.<\/p>\n\n\n\n<p>O posto fronteiri\u00e7o \u00e9 a \u00fanica passagem entre Gaza e o Egito e um ponto de entrada crucial para a ajuda humanit\u00e1ria.<\/p>\n\n\n\n<p>&#8220;O movimento de passageiros e a entrada de ajuda na Faixa de Gaza cessaram completamente&#8221;, disse Wael Abu Omar, porta-voz da Autoridade Geral de Fronteiras e Travessia \u00e0 CNN.<\/p>\n\n\n\n<p>As travessias pararam &#8220;depois que tanques israelenses capturaram as instala\u00e7\u00f5es de travessia do lado palestino&#8221;, disse ele, acrescentando que a instala\u00e7\u00e3o estava sob fogo desde a tarde de segunda-feira.<\/p>\n\n\n\n<p>Imagens que se espalham nas redes sociais mostram bandeiras israelenses e um v\u00eddeo de um tanque na travessia.<\/p>\n\n\n\n<h2 class=\"wp-block-heading\">Ataques a\u00e9reos<\/h2>\n\n\n\n<p>Ataques a\u00e9reos israelenses em Rafah durante a noite mataram 15 pessoas, incluindo uma crian\u00e7a, de acordo com funcion\u00e1rios de hospitais no sul de Gaza, nesta ter\u00e7a-feira.<\/p>\n\n\n\n<p>Os relatos das autoridades m\u00e9dicas dos hospitais Abu Yousef Al Najjar e Al Kuwaiti v\u00eam depois que a Defesa Civil palestina disse, mais cedo, que suas equipes recuperaram corpos de v\u00e1rias casas atingidas por avi\u00f5es israelenses em Rafah.<\/p>\n\n\n\n<p>Israel prometeu &#8220;exercer press\u00e3o militar sobre o Hamas&#8221; em Rafah, depois de dizer que os termos de cessar-fogo aos quais o grupo militante palestino respondeu na segunda-feira estavam &#8220;longe&#8221; de atender \u00e0s suas demandas.<\/p>\n\n\n\n<p>Segundo a fonte militar ouvida pela CNN, as opera\u00e7\u00f5es israelenses na travessia est\u00e3o em andamento, mas n\u00e3o foi poss\u00edvel confirmar por quanto tempo as tropas israelenses controlar\u00e3o a \u00e1rea.<\/p>\n\n\n\n<h2 class=\"wp-block-heading\">&#8216;N\u00e3o h\u00e1 lugar seguro em Gaza&#8217;<\/h2>\n\n\n\n<p>Os palestinos acordaram ao som dos ataques a\u00e9reos israelenses em Rafah, nesta ter\u00e7a-feira, com centenas de milhares de deslocados na cidade do sul de Gaza sem saber para onde ir.<\/p>\n\n\n\n<p>Em declara\u00e7\u00f5es \u00e0 CNN a partir de Rafah, Suze van Meegen, chefe das opera\u00e7\u00f5es do Conselho Noruegu\u00eas para os Refugiados (NRC) em Gaza, disse ter visto milhares de pessoas fugindo dos ataques a\u00e9reos. &#8220;N\u00e3o s\u00f3 n\u00e3o h\u00e1 lugar seguro para ir, como para muitas pessoas tamb\u00e9m n\u00e3o h\u00e1 como chegar l\u00e1&#8221;, disse ela \u00e0 CNN.<\/p>\n","protected":false},"excerpt":{"rendered":"<p>O ex\u00e9rcito israelense diz ter assumido o controle do lado de Gaza do posto fronteiri\u00e7o de Rafah com o Egito. A informa\u00e7\u00e3o foi divulgada pela CNN, com base nas For\u00e7as de Defesa de Israel (IDF), nesta ter\u00e7a-feira. &#8220;Temos controle operacional da \u00e1rea e da travessia&#8221;, confirmou um oficial militar israelense \u00e0 rede de TV americana. [&hellip;]<\/p>\n","protected":false},"author":2,"featured_media":11832,"comment_status":"open","ping_status":"open","sticky":false,"template":"","format":"standard","meta":{"_jetpack_memberships_contains_paid_content":false,"footnotes":""},"categories":[15],"tags":[],"class_list":["post-11831","post","type-post","status-publish","format-standard","has-post-thumbnail","hentry","category-mundo"],"aioseo_notices":[],"jetpack_featured_media_url":"https:\/\/i0.wp.com\/minutobahia24h.com.br\/wp-content\/uploads\/2024\/05\/Sem-titulo-64.jpg?fit=888%2C484&ssl=1","jetpack_sharing_enabled":true,"_links":{"self":[{"href":"https:\/\/minutobahia24h.com.br\/index.php?rest_route=\/wp\/v2\/posts\/11831","targetHints":{"allow":["GET"]}}],"collection":[{"href":"https:\/\/minutobahia24h.com.br\/index.php?rest_route=\/wp\/v2\/posts"}],"about":[{"href":"https:\/\/minutobahia24h.com.br\/index.php?rest_route=\/wp\/v2\/types\/post"}],"author":[{"embeddable":true,"href":"https:\/\/minutobahia24h.com.br\/index.php?rest_route=\/wp\/v2\/users\/2"}],"replies":[{"embeddable":true,"href":"https:\/\/minutobahia24h.com.br\/index.php?rest_route=%2Fwp%2Fv2%2Fcomments&post=11831"}],"version-history":[{"count":1,"href":"https:\/\/minutobahia24h.com.br\/index.php?rest_route=\/wp\/v2\/posts\/11831\/revisions"}],"predecessor-version":[{"id":11833,"href":"https:\/\/minutobahia24h.com.br\/index.php?rest_route=\/wp\/v2\/posts\/11831\/revisions\/11833"}],"wp:featuredmedia":[{"embeddable":true,"href":"https:\/\/minutobahia24h.com.br\/index.php?rest_route=\/wp\/v2\/media\/11832"}],"wp:attachment":[{"href":"https:\/\/minutobahia24h.com.br\/index.php?rest_route=%2Fwp%2Fv2%2Fmedia&parent=11831"}],"wp:term":[{"taxonomy":"category","embeddable":true,"href":"https:\/\/minutobahia24h.com.br\/index.php?rest_route=%2Fwp%2Fv2%2Fcategories&post=11831"},{"taxonomy":"post_tag","embeddable":true,"href":"https:\/\/minutobahia24h.com.br\/index.php?rest_route=%2Fwp%2Fv2%2Ftags&post=11831"}],"curies":[{"name":"wp","href":"https:\/\/api.w.org\/{rel}","templated":true}]}}