{"id":11823,"date":"2024-05-07T07:40:15","date_gmt":"2024-05-07T10:40:15","guid":{"rendered":"https:\/\/minutobahia24h.com.br\/?p=11823"},"modified":"2024-05-07T07:44:41","modified_gmt":"2024-05-07T10:44:41","slug":"bolsonaro-e-transferido-para-hospital-de-sao-paulo-apos-ser-internado-em-manaus","status":"publish","type":"post","link":"https:\/\/minutobahia24h.com.br\/?p=11823","title":{"rendered":"Bolsonaro \u00e9 transferido para hospital de S\u00e3o Paulo ap\u00f3s ser internado em Manaus"},"content":{"rendered":"<div class=\"wp-block-image\">\n<figure class=\"aligncenter size-full\"><img data-recalc-dims=\"1\" fetchpriority=\"high\" decoding=\"async\" width=\"800\" height=\"535\" src=\"https:\/\/i0.wp.com\/minutobahia24h.com.br\/wp-content\/uploads\/2024\/05\/Sem-titulo-62.jpg?resize=800%2C535&#038;ssl=1\" alt=\"\" class=\"wp-image-11825\" srcset=\"https:\/\/i0.wp.com\/minutobahia24h.com.br\/wp-content\/uploads\/2024\/05\/Sem-titulo-62.jpg?w=998&amp;ssl=1 998w, https:\/\/i0.wp.com\/minutobahia24h.com.br\/wp-content\/uploads\/2024\/05\/Sem-titulo-62.jpg?resize=300%2C201&amp;ssl=1 300w, https:\/\/i0.wp.com\/minutobahia24h.com.br\/wp-content\/uploads\/2024\/05\/Sem-titulo-62.jpg?resize=768%2C513&amp;ssl=1 768w, https:\/\/i0.wp.com\/minutobahia24h.com.br\/wp-content\/uploads\/2024\/05\/Sem-titulo-62.jpg?resize=750%2C501&amp;ssl=1 750w\" sizes=\"(max-width: 800px) 100vw, 800px\" \/><figcaption class=\"wp-element-caption\">Jair Bolsonaro, ex-presidente \u2014 Foto: Eraldo Peres\/AP<\/figcaption><\/figure>\n<\/div>\n\n\n<p>O ex-presidente Jair Bolsonaro (PL) foi transferido nesta segunda-feira (6) do hospital Santa J\u00falia, em Manaus (AM), para o hospital Vila Nova Star, em S\u00e3o Paulo, para tratar erisipela e um quadro de obstru\u00e7\u00e3o intestinal. Segundo o assessor do ex-presidente Fabio Wajngarten, Bolsonaro est\u00e1 sendo medicado com antibi\u00f3ticos endovenosos para tratar de um quadro infeccioso de erisipela.<\/p>\n\n\n\n<p>Bolsonaro chegou ao hospital na capital paulista por volta das 19h55. Antes, estava em Manaus para participar de agendas do PL. No s\u00e1bado, foi internado, queixando-se de complica\u00e7\u00f5es da erisipela e com um quadro de desidrata\u00e7\u00e3o, mas logo foi liberado para participar do evento de lan\u00e7amento da pr\u00e9-candidatura do deputado capit\u00e3o Alberto Neto (PL-AM)<\/p>\n\n\n\n<p>No domingo, voltou a ser internado para tratar da erisipela, uma infec\u00e7\u00e3o de pele causada por uma bact\u00e9ria, que pode causar dor, vermelhid\u00e3o, coceiras e at\u00e9 bolhas e feridas. O pr\u00f3prio ex-presidente divulgou em suas redes a interna\u00e7\u00e3o e disse que n\u00e3o tinha previs\u00e3o de alta.<\/p>\n\n\n\n<p><br>Na manh\u00e3 de hoje, o deputado federal Eduardo Bolsonaro (PL-SP), um dos filhos do ex-presidente, divulgou nas redes sociais que Bolsonaro \u201cpassa bem\u201d, est\u00e1 reagindo ao tratamento com antibi\u00f3tico e deveria ser transferido para um hospital em Bras\u00edlia. Eduardo publicou uma foto do pai, com uma das pernas vermelha \u2014 um dos sintomas da erisipela.<\/p>\n\n\n<div class=\"wp-block-image\">\n<figure class=\"aligncenter size-full\"><img data-recalc-dims=\"1\" decoding=\"async\" width=\"551\" height=\"509\" src=\"https:\/\/i0.wp.com\/minutobahia24h.com.br\/wp-content\/uploads\/2024\/05\/image.png?resize=551%2C509&#038;ssl=1\" alt=\"\" class=\"wp-image-11824\" srcset=\"https:\/\/i0.wp.com\/minutobahia24h.com.br\/wp-content\/uploads\/2024\/05\/image.png?w=551&amp;ssl=1 551w, https:\/\/i0.wp.com\/minutobahia24h.com.br\/wp-content\/uploads\/2024\/05\/image.png?resize=300%2C277&amp;ssl=1 300w\" sizes=\"(max-width: 551px) 100vw, 551px\" \/><\/figure>\n<\/div>\n\n\n<p><\/p>\n\n\n\n<p>Com o quadro de obstru\u00e7\u00e3o intestinal, o ex-presidente decidiu ir para S\u00e3o Paulo e ficar sob os cuidados do cirurgi\u00e3o Ant\u00f4nio Macedo. O m\u00e9dico tem cuidado de Bolsonaro desde que ele levou uma facada em setembro de 2018, durante a campanha presidencial.<\/p>\n\n\n\n<p>O ex-presidente j\u00e1 fez cinco cirurgias no sistema digestivo desde que levou a facada. A mais recente foi em setembro de 2023, quando foi operado para corrigir uma h\u00e9rnia de hiato. Na ocasi\u00e3o, foi submetido tamb\u00e9m a uma cirurgia para corrigir desvio de septo, e ficou hospedado na sede do governo paulista para se recuperar das cirurgias. Em fevereiro deste ano, realizou exames de rotina no hospital e a equipe m\u00e9dica descartou a necessidade de uma nova cirurgia. Uma reavalia\u00e7\u00e3o do quadro estava prevista para este m\u00eas.<\/p>\n\n\n\n<p>valor<\/p>\n","protected":false},"excerpt":{"rendered":"<p>O ex-presidente Jair Bolsonaro (PL) foi transferido nesta segunda-feira (6) do hospital Santa J\u00falia, em Manaus (AM), para o hospital Vila Nova Star, em S\u00e3o Paulo, para tratar erisipela e um quadro de obstru\u00e7\u00e3o intestinal. Segundo o assessor do ex-presidente Fabio Wajngarten, Bolsonaro est\u00e1 sendo medicado com antibi\u00f3ticos endovenosos para tratar de um quadro infeccioso [&hellip;]<\/p>\n","protected":false},"author":2,"featured_media":11825,"comment_status":"open","ping_status":"open","sticky":false,"template":"","format":"standard","meta":{"_jetpack_memberships_contains_paid_content":false,"footnotes":""},"categories":[39],"tags":[],"class_list":["post-11823","post","type-post","status-publish","format-standard","has-post-thumbnail","hentry","category-politica"],"aioseo_notices":[],"jetpack_featured_media_url":"https:\/\/i0.wp.com\/minutobahia24h.com.br\/wp-content\/uploads\/2024\/05\/Sem-titulo-62.jpg?fit=998%2C667&ssl=1","jetpack_sharing_enabled":true,"_links":{"self":[{"href":"https:\/\/minutobahia24h.com.br\/index.php?rest_route=\/wp\/v2\/posts\/11823","targetHints":{"allow":["GET"]}}],"collection":[{"href":"https:\/\/minutobahia24h.com.br\/index.php?rest_route=\/wp\/v2\/posts"}],"about":[{"href":"https:\/\/minutobahia24h.com.br\/index.php?rest_route=\/wp\/v2\/types\/post"}],"author":[{"embeddable":true,"href":"https:\/\/minutobahia24h.com.br\/index.php?rest_route=\/wp\/v2\/users\/2"}],"replies":[{"embeddable":true,"href":"https:\/\/minutobahia24h.com.br\/index.php?rest_route=%2Fwp%2Fv2%2Fcomments&post=11823"}],"version-history":[{"count":2,"href":"https:\/\/minutobahia24h.com.br\/index.php?rest_route=\/wp\/v2\/posts\/11823\/revisions"}],"predecessor-version":[{"id":11830,"href":"https:\/\/minutobahia24h.com.br\/index.php?rest_route=\/wp\/v2\/posts\/11823\/revisions\/11830"}],"wp:featuredmedia":[{"embeddable":true,"href":"https:\/\/minutobahia24h.com.br\/index.php?rest_route=\/wp\/v2\/media\/11825"}],"wp:attachment":[{"href":"https:\/\/minutobahia24h.com.br\/index.php?rest_route=%2Fwp%2Fv2%2Fmedia&parent=11823"}],"wp:term":[{"taxonomy":"category","embeddable":true,"href":"https:\/\/minutobahia24h.com.br\/index.php?rest_route=%2Fwp%2Fv2%2Fcategories&post=11823"},{"taxonomy":"post_tag","embeddable":true,"href":"https:\/\/minutobahia24h.com.br\/index.php?rest_route=%2Fwp%2Fv2%2Ftags&post=11823"}],"curies":[{"name":"wp","href":"https:\/\/api.w.org\/{rel}","templated":true}]}}