{"id":11817,"date":"2024-05-07T07:32:02","date_gmt":"2024-05-07T10:32:02","guid":{"rendered":"https:\/\/minutobahia24h.com.br\/?p=11817"},"modified":"2024-05-07T07:32:04","modified_gmt":"2024-05-07T10:32:04","slug":"mpf-pede-cassacao-de-governador-do-rj-vice-e-presidente-da-alerj","status":"publish","type":"post","link":"https:\/\/minutobahia24h.com.br\/?p=11817","title":{"rendered":"MPF pede cassa\u00e7\u00e3o de governador do RJ, vice e presidente da Alerj"},"content":{"rendered":"<div class=\"wp-block-image\">\n<figure class=\"aligncenter size-full\"><img data-recalc-dims=\"1\" fetchpriority=\"high\" decoding=\"async\" width=\"600\" height=\"419\" src=\"https:\/\/i0.wp.com\/minutobahia24h.com.br\/wp-content\/uploads\/2024\/05\/Sem-titulo-60.jpg?resize=600%2C419&#038;ssl=1\" alt=\"\" class=\"wp-image-11818\" srcset=\"https:\/\/i0.wp.com\/minutobahia24h.com.br\/wp-content\/uploads\/2024\/05\/Sem-titulo-60.jpg?w=600&amp;ssl=1 600w, https:\/\/i0.wp.com\/minutobahia24h.com.br\/wp-content\/uploads\/2024\/05\/Sem-titulo-60.jpg?resize=300%2C210&amp;ssl=1 300w\" sizes=\"(max-width: 600px) 100vw, 600px\" \/><figcaption class=\"wp-element-caption\">Foto: Carlos Magno\/governo do Rio de Janeiro<br><\/figcaption><\/figure>\n<\/div>\n\n\n<p>O Minist\u00e9rio P\u00fablico Federal no Rio de Janeiro pediu nesta segunda-feira (6) a cassa\u00e7\u00e3o do governador Cl\u00e1udio Castro, do vice-governador, Thiago Pampolha; e do presidente da Assembleia Legislativa do Rio de Janeiro (Alerj), Rodrigo Bacellar, por abuso de poder pol\u00edtico e econ\u00f4mico e irregularidades em folhas de pagamento do Centro Estadual de Estat\u00edsticas, Pesquisas e Forma\u00e7\u00e3o de Servidores P\u00fablicos do Rio de Janeiro ( Funda\u00e7\u00e3o Ceperj) e da Universidade do Estado do Rio de Janeiro (Uerj) em 2022.<\/p>\n\n\n\n<p>A Procuradoria Regional Eleitoral (PRE-RJ) pediu ainda a inelegibilidade de Castro e Bacellar por oito anos, a partir das elei\u00e7\u00f5es de 2022. N\u00e3o foi solicitada a inelegibilidade de Thiago Pampolha por oito anos, por ele ter ingressado na chapa de Castro pouco antes do pleito de 2022.<\/p>\n\n\n\n<p>No documento, de 117 p\u00e1ginas, a procuradora regional eleitoral, Neide Cardoso de Oliveira, e o procurador regional eleitoral substituto, Fl\u00e1vio Paix\u00e3o argumentam que documentos e testemunhas comprovam o uso eleitoral da m\u00e1quina p\u00fablica e de servidores tempor\u00e1rios como cabos eleitorais da chapa de Castro e de pol\u00edticos da base aliada do governo.<\/p>\n\n\n\n<p>\u201cO esquema teve o claro objetivo da utiliza\u00e7\u00e3o da m\u00e1quina p\u00fablica estadual, \u00e0 exclusiva disposi\u00e7\u00e3o dos investigados, para permitir o escoamento de recursos p\u00fablicos, dando-lhes apar\u00eancia de legalidade, mas que, em verdade, foram indevidamente utilizados para promover as suas candidaturas e cooptar votos para as suas respectivas vit\u00f3rias, nas urnas, atendendo a interesses pessoais escusos e a perpetua\u00e7\u00e3o dos referidos pol\u00edticos nos cargos eletivos do Estado do Rio de Janeiro, sobrepondo-se ao interesse coletivo\u201d, escreveram os procuradores.<\/p>\n\n\n\n<p>Em rela\u00e7\u00e3o \u00e0 Funda\u00e7\u00e3o Ceperj e a Uerj, os procuradores dizem que as investiga\u00e7\u00f5es apontam que projetos das institui\u00e7\u00f5es foram usados para \u201crecrutamento de milhares de cidad\u00e3os fluminenses\u201d em favor dos candidatos nas elei\u00e7\u00f5es de 2022.<\/p>\n\n\n\n<p>A procuradoria solicitou ainda a inelegibilidade por oito anos de outros seis investigados: o deputado estadual L\u00e9o Vieira, os deputados federais Aureo Ribeiro e Max Lemos, do secret\u00e1rio de Governo, Bernardo Rossi, e de Gutemberg de Paula Fonseca e Marcos Venissius da Silva Barbosa, sem mandato parlamentar.<\/p>\n\n\n\n<p>De acordo com a procuradoria, os 12 r\u00e9us do caso \u2013 nove pol\u00edticos e os ent\u00e3o gestores p\u00fablicos Allan Borges (subsecret\u00e1rio da Secretaria de Infraestrutura e Obras\/RJ), Patrique Welber Atela (secret\u00e1rio de Trabalho e Renda\/RJ) e Danielle Christian Ribeiro Barros (secret\u00e1ria de Cultura e Economia Criativa\/RJ) \u2013 usaram a estrutura do Estado para obter as vit\u00f3rias eleitorais em 2022.<\/p>\n\n\n\n<p><strong>Defesa<\/strong><br>Por meio de nota, a defesa do governador informou que ele tem prestado todos os esclarecimentos aos \u00f3rg\u00e3os de controle. Ap\u00f3s as den\u00fancias, o governador Cl\u00e1udio Castro determinou a extin\u00e7\u00e3o dos projetos da Funda\u00e7\u00e3o Ceperj, que est\u00e1 sendo reestruturada. Segundo a defesa, o nome do governador n\u00e3o \u00e9 citado em nenhum dos depoimentos. \u201cA defesa de Cl\u00e1udio Castro confia na Justi\u00e7a Eleitoral e afirma que n\u00e3o foram apresentados nos autos do processo elementos novos que sustentem as den\u00fancias\u201d.<\/p>\n\n\n\n<p>O presidente da Assembleia Legislativa do Rio, Rodrigo Bacellar, informou que \u201co MP se pautou em mat\u00e9rias jornal\u00edsticas e que n\u00e3o foram produzidas provas de que ele cometeu irregularidades\u201d.<\/p>\n\n\n\n<p>A Ag\u00eancia Brasil n\u00e3o conseguiu contato com os demais citados.<\/p>\n\n\n\n<p>Bahia.ba<\/p>\n","protected":false},"excerpt":{"rendered":"<p>O Minist\u00e9rio P\u00fablico Federal no Rio de Janeiro pediu nesta segunda-feira (6) a cassa\u00e7\u00e3o do governador Cl\u00e1udio Castro, do vice-governador, Thiago Pampolha; e do presidente da Assembleia Legislativa do Rio de Janeiro (Alerj), Rodrigo Bacellar, por abuso de poder pol\u00edtico e econ\u00f4mico e irregularidades em folhas de pagamento do Centro Estadual de Estat\u00edsticas, Pesquisas e [&hellip;]<\/p>\n","protected":false},"author":2,"featured_media":11818,"comment_status":"open","ping_status":"open","sticky":false,"template":"","format":"standard","meta":{"_jetpack_memberships_contains_paid_content":false,"footnotes":""},"categories":[23],"tags":[],"class_list":["post-11817","post","type-post","status-publish","format-standard","has-post-thumbnail","hentry","category-justica"],"aioseo_notices":[],"jetpack_featured_media_url":"https:\/\/i0.wp.com\/minutobahia24h.com.br\/wp-content\/uploads\/2024\/05\/Sem-titulo-60.jpg?fit=600%2C419&ssl=1","jetpack_sharing_enabled":true,"_links":{"self":[{"href":"https:\/\/minutobahia24h.com.br\/index.php?rest_route=\/wp\/v2\/posts\/11817","targetHints":{"allow":["GET"]}}],"collection":[{"href":"https:\/\/minutobahia24h.com.br\/index.php?rest_route=\/wp\/v2\/posts"}],"about":[{"href":"https:\/\/minutobahia24h.com.br\/index.php?rest_route=\/wp\/v2\/types\/post"}],"author":[{"embeddable":true,"href":"https:\/\/minutobahia24h.com.br\/index.php?rest_route=\/wp\/v2\/users\/2"}],"replies":[{"embeddable":true,"href":"https:\/\/minutobahia24h.com.br\/index.php?rest_route=%2Fwp%2Fv2%2Fcomments&post=11817"}],"version-history":[{"count":1,"href":"https:\/\/minutobahia24h.com.br\/index.php?rest_route=\/wp\/v2\/posts\/11817\/revisions"}],"predecessor-version":[{"id":11819,"href":"https:\/\/minutobahia24h.com.br\/index.php?rest_route=\/wp\/v2\/posts\/11817\/revisions\/11819"}],"wp:featuredmedia":[{"embeddable":true,"href":"https:\/\/minutobahia24h.com.br\/index.php?rest_route=\/wp\/v2\/media\/11818"}],"wp:attachment":[{"href":"https:\/\/minutobahia24h.com.br\/index.php?rest_route=%2Fwp%2Fv2%2Fmedia&parent=11817"}],"wp:term":[{"taxonomy":"category","embeddable":true,"href":"https:\/\/minutobahia24h.com.br\/index.php?rest_route=%2Fwp%2Fv2%2Fcategories&post=11817"},{"taxonomy":"post_tag","embeddable":true,"href":"https:\/\/minutobahia24h.com.br\/index.php?rest_route=%2Fwp%2Fv2%2Ftags&post=11817"}],"curies":[{"name":"wp","href":"https:\/\/api.w.org\/{rel}","templated":true}]}}