{"id":11694,"date":"2024-05-03T07:22:46","date_gmt":"2024-05-03T10:22:46","guid":{"rendered":"https:\/\/minutobahia24h.com.br\/?p=11694"},"modified":"2024-05-03T07:22:48","modified_gmt":"2024-05-03T10:22:48","slug":"horarios-locais-de-provas-e-mais-o-que-voce-precisa-saber-antes-de-fazer-o-cnu","status":"publish","type":"post","link":"https:\/\/minutobahia24h.com.br\/?p=11694","title":{"rendered":"Hor\u00e1rios, locais de provas, e mais: o que voc\u00ea precisa saber antes de fazer o CNU"},"content":{"rendered":"<div class=\"wp-block-image\">\n<figure class=\"aligncenter size-full\"><img data-recalc-dims=\"1\" fetchpriority=\"high\" decoding=\"async\" width=\"800\" height=\"521\" src=\"https:\/\/i0.wp.com\/minutobahia24h.com.br\/wp-content\/uploads\/2024\/05\/Sem-titulo-34.jpg?resize=800%2C521&#038;ssl=1\" alt=\"\" class=\"wp-image-11695\" srcset=\"https:\/\/i0.wp.com\/minutobahia24h.com.br\/wp-content\/uploads\/2024\/05\/Sem-titulo-34.jpg?w=984&amp;ssl=1 984w, https:\/\/i0.wp.com\/minutobahia24h.com.br\/wp-content\/uploads\/2024\/05\/Sem-titulo-34.jpg?resize=300%2C195&amp;ssl=1 300w, https:\/\/i0.wp.com\/minutobahia24h.com.br\/wp-content\/uploads\/2024\/05\/Sem-titulo-34.jpg?resize=768%2C500&amp;ssl=1 768w, https:\/\/i0.wp.com\/minutobahia24h.com.br\/wp-content\/uploads\/2024\/05\/Sem-titulo-34.jpg?resize=750%2C489&amp;ssl=1 750w\" sizes=\"(max-width: 800px) 100vw, 800px\" \/><figcaption class=\"wp-element-caption\">O &#8220;Enem dos concursos&#8221; vai preencher 6.640 vagas em 21 \u00f3rg\u00e3os do governo federal \u2014 Foto: Daniel Cymbalista\/Fotoarena\/Estad\u00e3o Conte\u00fado<br><\/figcaption><\/figure>\n<\/div>\n\n\n<p>Mais de\u00a0<a class=\"\" href=\"https:\/\/g1.globo.com\/trabalho-e-carreira\/concursos\/noticia\/2024\/02\/23\/enem-dos-concursos-governo-detalha-concorrencia-e-perfil-de-inscritos.ghtml\"><strong>2,1 milh\u00f5es de pessoas<\/strong><\/a>\u00a0se inscreveram no\u00a0<a class=\"\" href=\"https:\/\/g1.globo.com\/trabalho-e-carreira\/concursos\/noticia\/2024\/01\/11\/enem-dos-concursos-quanto-custa-se-inscrever-salarios-e-cargos-veja-o-que-se-sabe.ghtml\"><strong>&#8220;Enem dos concursos&#8221;<\/strong><\/a>, como ficou conhecido o Concurso P\u00fablico Nacional Unificado (CPNU). Os candidatos est\u00e3o concorrendo \u00e0s\u00a0<a class=\"\" href=\"https:\/\/g1.globo.com\/trabalho-e-carreira\/concursos\/noticia\/2024\/01\/11\/enem-dos-concursos-quanto-custa-se-inscrever-salarios-e-cargos-veja-o-que-se-sabe.ghtml\"><strong>6.640 vagas em 21 \u00f3rg\u00e3os<\/strong><\/a>\u00a0do governo federal.<\/p>\n\n\n\n<p>As provas ser\u00e3o aplicadas neste domingo (05). Para os candidatos que ainda tem d\u00favidas, o&nbsp;<a class=\"\" href=\"https:\/\/g1.globo.com\/\"><strong>g1<\/strong><\/a>&nbsp;separou abaixo tudo o que \u00e9 necess\u00e1rio saber antes de fazer o concurso:<\/p>\n\n\n\n<ol class=\"wp-block-list\">\n<li><strong>Hor\u00e1rio das provas<\/strong><\/li>\n\n\n\n<li><strong>Locais de provas<\/strong><\/li>\n\n\n\n<li><strong>Como ser\u00e3o as provas<\/strong><\/li>\n\n\n\n<li><strong>O que pode e o que n\u00e3o levar<\/strong><\/li>\n\n\n\n<li><strong>Pr\u00f3ximos passos<\/strong><\/li>\n\n\n\n<li><strong>Canal de d\u00favidas<\/strong><\/li>\n<\/ol>\n\n\n\n<h2 class=\"wp-block-heading\"><strong>Hor\u00e1rio das provas<\/strong><\/h2>\n\n\n\n<p>Todos os candidatos v\u00e3o realizar as provas em dois turnos: de manh\u00e3, os port\u00f5es ser\u00e3o abertos \u00e0s 7h30 e, no per\u00edodo da tarde, \u00e0s 13h. Todo o cronograma segue o hor\u00e1rio de Bras\u00edlia\u00a0<strong><em>(veja os detalhes na tabela abaixo)<\/em><\/strong>.<\/p>\n\n\n\n<h1 class=\"wp-block-heading\" id=\"flourish-header-title\">Confira os hor\u00e1rios de realiza\u00e7\u00e3o das provas do &#8216;Enem dos concursos&#8217;<\/h1>\n\n\n\n<h2 class=\"wp-block-heading\" id=\"flourish-header-subtitle\">Cronograma segue o fuso hor\u00e1rio de Bras\u00edlia (DF).<\/h2>\n\n\n<div class=\"wp-block-image\">\n<figure class=\"aligncenter size-full\"><img data-recalc-dims=\"1\" decoding=\"async\" width=\"565\" height=\"262\" src=\"https:\/\/i0.wp.com\/minutobahia24h.com.br\/wp-content\/uploads\/2024\/05\/Sem-titulo-35.jpg?resize=565%2C262&#038;ssl=1\" alt=\"\" class=\"wp-image-11696\" srcset=\"https:\/\/i0.wp.com\/minutobahia24h.com.br\/wp-content\/uploads\/2024\/05\/Sem-titulo-35.jpg?w=565&amp;ssl=1 565w, https:\/\/i0.wp.com\/minutobahia24h.com.br\/wp-content\/uploads\/2024\/05\/Sem-titulo-35.jpg?resize=300%2C139&amp;ssl=1 300w\" sizes=\"(max-width: 565px) 100vw, 565px\" \/><figcaption class=\"wp-element-caption\">Fonte: Minist\u00e9rio da Gest\u00e3o e da Inova\u00e7\u00e3o em Servi\u00e7os P\u00fablicos<br><\/figcaption><\/figure>\n<\/div>\n\n\n<h2 class=\"wp-block-heading\">Locais de provas<\/h2>\n\n\n\n<p>As provas ser\u00e3o aplicadas em&nbsp;<a class=\"\" href=\"https:\/\/g1.globo.com\/trabalho-e-carreira\/noticia\/2024\/04\/04\/enem-dos-concursos-numero-de-cidades-que-tera-provas-sobe-para-228-veja-se-a-sua-faz-parte-da-lista.ghtml\"><strong>228 cidades do pa\u00eds<\/strong><\/a>. Para o candidato saber onde far\u00e1 as avalia\u00e7\u00f5es, \u00e9 necess\u00e1rio acessar o cart\u00e3o de confirma\u00e7\u00e3o na mesma p\u00e1gina que fez a inscri\u00e7\u00e3o:&nbsp;<a class=\"\" href=\"https:\/\/cpnu.cesgranrio.org.br\/login\" target=\"_blank\" rel=\"noreferrer noopener\"><strong>cpnu.cesgranrio.org.br\/login<\/strong><\/a><strong>.<\/strong><\/p>\n\n\n\n<p>Nesta p\u00e1gina, ser\u00e1 necess\u00e1rio fazer login no&nbsp;<a class=\"\" href=\"https:\/\/g1.globo.com\/economia\/noticia\/2022\/03\/21\/como-abrir-uma-conta-govbr.ghtml\"><strong>portal gov.br (tamb\u00e9m conhecido como &#8220;sistema Gov&#8221;)<\/strong><\/a>. \u00c9 necess\u00e1rio fazer login com os dados da conta gov.br e clicar na \u00c1rea do Candidato. Depois, em \u00c1rea do Candidato, clique onde est\u00e1 escrito&nbsp;<strong>LOCAL DE PROVA<\/strong>.<\/p>\n\n\n\n<p>Os candidatos foram distribu\u00eddos em&nbsp;3.665 locais de prova&nbsp;(<strong><em>veja o mapa abaixo<\/em><\/strong>), levando em considera\u00e7\u00e3o o CEP informado no momento da inscri\u00e7\u00e3o. Ao todo, ser\u00e3o 75.730 salas para aplica\u00e7\u00e3o do exame.<\/p>\n\n\n\n<p>O documento tamb\u00e9m tem informa\u00e7\u00f5es como&nbsp;<strong>n\u00famero definitivo da inscri\u00e7\u00e3o<\/strong>, hor\u00e1rios das provas (manh\u00e3 e tarde) e se a pessoa inscrita ter\u00e1 direito a atendimento especializado ou tratamento pelo nome social, por exemplo.<\/p>\n\n\n\n<figure class=\"wp-block-image\"><img data-recalc-dims=\"1\" decoding=\"async\" src=\"https:\/\/i0.wp.com\/s2-g1.glbimg.com\/PkHDCRbkq1eb-C0SmTsCO8SDtAY%3D\/0x0%3A1200x3993\/984x0\/smart\/filters%3Astrip_icc%28%29\/i.s3.glbimg.com\/v1\/AUTH_59edd422c0c84a879bd37670ae4f538a\/internal_photos\/bs\/2024\/5\/S\/xglIwnTEWjHhOoQwPcJw\/passo-a-passo-enem.jpg?w=800&#038;ssl=1\" alt=\"Veja o passo a passo para emitir o cart\u00e3o de confirma\u00e7\u00e3o do 'Enem dos concursos' \u2014 Foto: Veronica Medeiros\/Arte g1\"\/><\/figure>\n\n\n\n<p>Veja o passo a passo para emitir o cart\u00e3o de confirma\u00e7\u00e3o do &#8216;Enem dos concursos&#8217; \u2014 Foto: Veronica Medeiros\/Arte g1<\/p>\n\n\n\n<h2 class=\"wp-block-heading\"><strong>Como ser\u00e3o as provas<\/strong><\/h2>\n\n\n\n<p>De manh\u00e3, o exame ter\u00e1 quest\u00f5es de conhecimentos gerais e uma reda\u00e7\u00e3o ou pergunta dissertativa, e, \u00e0 tarde, quest\u00f5es de conhecimentos espec\u00edficos&nbsp;<strong><em>(veja abaixo como vai funcionar)<\/em><\/strong>.<\/p>\n\n\n\n<p>O tempo m\u00ednimo de&nbsp;perman\u00eancia nos locais de provas em ambos os turnos \u00e9 de duas horas. Caso o candidato saia antes,&nbsp;<strong>ser\u00e1 eliminado do concurso<\/strong>.<\/p>\n\n\n\n<p><strong>Matutino (2h30 de prova):<\/strong><\/p>\n\n\n\n<ul class=\"wp-block-list\">\n<li><strong>n\u00edvel superior:\u00a0<\/strong>provas objetivas de conhecimentos gerais (20 quest\u00f5es) + prova discursiva de conhecimentos espec\u00edficos do bloco.<\/li>\n\n\n\n<li><strong>n\u00edvel m\u00e9dio:\u00a0<\/strong>provas objetivas (20 quest\u00f5es) + reda\u00e7\u00e3o.<\/li>\n<\/ul>\n\n\n\n<p><strong>Vespertino (3h30 de prova):<\/strong><\/p>\n\n\n\n<ul class=\"wp-block-list\">\n<li><strong>n\u00edvel superior:\u00a0<\/strong>provas objetivas de conhecimentos espec\u00edficos (50 quest\u00f5es).<\/li>\n\n\n\n<li><strong>n\u00edvel m\u00e9dio:<\/strong>\u00a0provas objetivas (40 quest\u00f5es).<\/li>\n<\/ul>\n\n\n\n<p><strong>As provas para o n\u00edvel m\u00e9dio n\u00e3o incluem quest\u00f5es dissertativas<\/strong>, apenas a reda\u00e7\u00e3o no per\u00edodo matutino.<\/p>\n\n\n\n<p>As avalia\u00e7\u00f5es s\u00e3o de car\u00e1ter classificat\u00f3rio e eliminat\u00f3rio e contemplam a 1\u00aa fase da primeira etapa do concurso unificado, que ter\u00e1 validade de 12 meses.<\/p>\n\n\n\n<p><strong>As demais fases s\u00e3o:<\/strong><\/p>\n\n\n\n<ul class=\"wp-block-list\">\n<li><strong>per\u00edcia m\u00e9dica (avalia\u00e7\u00e3o biopsicossocial)\u00a0<\/strong>para a reserva de vagas das pessoas com defici\u00eancia;<\/li>\n\n\n\n<li><strong>procedimento de verifica\u00e7\u00e3o<\/strong>\u00a0da condi\u00e7\u00e3o declarada para as pessoas negras;<\/li>\n\n\n\n<li>e\u00a0<strong>procedimento de verifica\u00e7\u00e3o documental\u00a0<\/strong>complementar para ind\u00edgenas.<\/li>\n<\/ul>\n\n\n\n<p>Al\u00e9m disso, para alguns cargos, haver\u00e1 uma segunda etapa, de avalia\u00e7\u00e3o de t\u00edtulos.<\/p>\n\n\n\n<p>Mas, por quest\u00f5es de seguran\u00e7a, n\u00e3o ser\u00e1 permitido nenhum tipo de anota\u00e7\u00e3o no cart\u00e3o de confirma\u00e7\u00e3o durante o exame.<\/p>\n\n\n\n<p>\ud83d\udcf2 Se o candidato quiser levar o documento de identidade de forma digital, dever\u00e1 acessar o aplicativo no momento da identifica\u00e7\u00e3o que acontecer\u00e1 na entrada da sua sala.<\/p>\n\n\n\n<p>Por isso, \u00e9 importante que j\u00e1 tenha o aplicativo baixado no seu celular. O aplicativo pode ser acessado mesmo sem internet. Teste antes para se certificar que est\u00e1 funcionando corretamente.<\/p>\n\n\n\n<p>\ud83d\udc55 De acordo com o minist\u00e9rio, \u00e9 recomendado usar roupas e sapatos confort\u00e1veis no dia da prova, pois ser\u00e3o dois turnos de aplica\u00e7\u00e3o e a pessoa ficar\u00e1 sentada por um longo per\u00edodo de tempo.<\/p>\n\n\n\n<p>A Funda\u00e7\u00e3o&nbsp;<a class=\"\" href=\"https:\/\/g1.globo.com\/tudo-sobre\/cesgranrio\/\">Cesgranrio<\/a>&nbsp;fornecer\u00e1 aos candidatos envelopes porta-objetos para a guarda de materiais, bem como do telefone&nbsp;<strong>celular, que dever\u00e1 ficar desligado durante toda prova<\/strong>. E n\u00e3o se esque\u00e7a de desativar eventuais alarmes.<\/p>\n\n\n\n<p>Os envelopes dever\u00e3o ser lacrados e identificados antes de o candidato se dirigir \u00e0 carteira onde far\u00e1 as provas. Eles ficar\u00e3o guardados embaixo da carteira.<\/p>\n\n\n\n<p>Os candidatos s\u00f3 poder\u00e3o&nbsp;<strong>abrir os envelopes com seus pertences e ligar o aparelho celular ap\u00f3s finalizarem as provas<\/strong>&nbsp;e estiverem do lado de fora dos locais de aplica\u00e7\u00e3o.<\/p>\n\n\n\n<p>\ud83d\udeab Conforme o edital, o candidato&nbsp;<strong>ser\u00e1 eliminado<\/strong>&nbsp;se for constatado, durante as provas, o porte ou uso de&nbsp;<strong>aparelhos sonoros, fonogr\u00e1ficos, de comunica\u00e7\u00e3o ou de registro, eletr\u00f4nicos ou n\u00e3o<\/strong>, tais como:<\/p>\n\n\n\n<ol class=\"wp-block-list\">\n<li>Agendas eletr\u00f4nicas e(ou) similares;<\/li>\n\n\n\n<li>Gravadores;<\/li>\n\n\n\n<li>Pendrive;<\/li>\n\n\n\n<li>Mp3 player e(ou) similar;<\/li>\n\n\n\n<li>Fones de ouvido;<\/li>\n\n\n\n<li>Chaves com alarme ou com qualquer outro componente eletr\u00f4nico;<\/li>\n\n\n\n<li>Rel\u00f3gios de qualquer natureza;<\/li>\n\n\n\n<li>Telefones celulares;<\/li>\n\n\n\n<li>Microcomputadores port\u00e1teis e\/ou similares.<\/li>\n<\/ol>\n\n\n\n<figure class=\"wp-block-image\"><img data-recalc-dims=\"1\" decoding=\"async\" src=\"https:\/\/i0.wp.com\/s2-g1.glbimg.com\/mHs3uneGkb8Z8IGNA_vQG88vH_c%3D\/0x0%3A1600x4448\/984x0\/smart\/filters%3Astrip_icc%28%29\/i.s3.glbimg.com\/v1\/AUTH_59edd422c0c84a879bd37670ae4f538a\/internal_photos\/bs\/2024\/s\/5\/5D9c3tRrqmLtvV4XWqyQ\/enem.jpg?w=800&#038;ssl=1\" alt=\"Veja as principais orienta\u00e7\u00f5es para a prova do 'Enem dos Concursos' \u2014 Foto: Arte g1\/Wagner Magalhaes\"\/><\/figure>\n\n\n\n<p>Veja as principais orienta\u00e7\u00f5es para a prova do &#8216;Enem dos Concursos&#8217; \u2014 Foto: Arte g1\/Wagner Magalhaes<\/p>\n\n\n\n<h2 class=\"wp-block-heading\"><strong>\ud83d\udcc6 Pr\u00f3ximos passos<\/strong><\/h2>\n\n\n\n<ul class=\"wp-block-list\">\n<li><strong>Divulga\u00e7\u00e3o preliminar dos gabaritos das provas objetivas<\/strong>: 07\/05\/2024<\/li>\n\n\n\n<li><strong>Divulga\u00e7\u00e3o da rela\u00e7\u00e3o candidato\/vaga no site:\u00a0<\/strong>10\/05\/2024<\/li>\n\n\n\n<li><strong>Disponibiliza\u00e7\u00e3o da imagem do Cart\u00e3o-Resposta:<\/strong>\u00a003\/06\/2024<\/li>\n\n\n\n<li><strong>Divulga\u00e7\u00e3o das notas finais das provas objetivas e da nota preliminar da discursiva:\u00a0<\/strong>21\/06\/2024<\/li>\n\n\n\n<li><strong>Divulga\u00e7\u00e3o final dos resultados:\u00a0<\/strong>30\/07\/2024<\/li>\n\n\n\n<li><strong>In\u00edcio da convoca\u00e7\u00e3o para posse e cursos de forma\u00e7\u00e3o:\u00a0<\/strong>05\/08\/2024<\/li>\n<\/ul>\n\n\n\n<h2 class=\"wp-block-heading\"><strong>\u2753Canal de d\u00favidas<\/strong><\/h2>\n\n\n\n<p>O Minist\u00e9rio da Gest\u00e3o possui um canal oficial de atendimento para d\u00favidas e den\u00fancias sobre o concurso: concursonacional@gestao.gov.br. O endere\u00e7o do site oficial \u00e9&nbsp;<a class=\"\" href=\"https:\/\/www.gov.br\/gestao\/pt-br\/concursonacional\/\" target=\"_blank\" rel=\"noreferrer noopener\"><strong>gov.br\/gestao\/concursonacional<\/strong><\/a>.<\/p>\n\n\n\n<p><\/p>\n","protected":false},"excerpt":{"rendered":"<p>Mais de\u00a02,1 milh\u00f5es de pessoas\u00a0se inscreveram no\u00a0&#8220;Enem dos concursos&#8221;, como ficou conhecido o Concurso P\u00fablico Nacional Unificado (CPNU). Os candidatos est\u00e3o concorrendo \u00e0s\u00a06.640 vagas em 21 \u00f3rg\u00e3os\u00a0do governo federal. As provas ser\u00e3o aplicadas neste domingo (05). Para os candidatos que ainda tem d\u00favidas, o&nbsp;g1&nbsp;separou abaixo tudo o que \u00e9 necess\u00e1rio saber antes de fazer o [&hellip;]<\/p>\n","protected":false},"author":2,"featured_media":11695,"comment_status":"open","ping_status":"open","sticky":false,"template":"","format":"standard","meta":{"_jetpack_memberships_contains_paid_content":false,"footnotes":""},"categories":[40],"tags":[],"class_list":["post-11694","post","type-post","status-publish","format-standard","has-post-thumbnail","hentry","category-concurso"],"aioseo_notices":[],"jetpack_featured_media_url":"https:\/\/i0.wp.com\/minutobahia24h.com.br\/wp-content\/uploads\/2024\/05\/Sem-titulo-34.jpg?fit=984%2C641&ssl=1","jetpack_sharing_enabled":true,"_links":{"self":[{"href":"https:\/\/minutobahia24h.com.br\/index.php?rest_route=\/wp\/v2\/posts\/11694","targetHints":{"allow":["GET"]}}],"collection":[{"href":"https:\/\/minutobahia24h.com.br\/index.php?rest_route=\/wp\/v2\/posts"}],"about":[{"href":"https:\/\/minutobahia24h.com.br\/index.php?rest_route=\/wp\/v2\/types\/post"}],"author":[{"embeddable":true,"href":"https:\/\/minutobahia24h.com.br\/index.php?rest_route=\/wp\/v2\/users\/2"}],"replies":[{"embeddable":true,"href":"https:\/\/minutobahia24h.com.br\/index.php?rest_route=%2Fwp%2Fv2%2Fcomments&post=11694"}],"version-history":[{"count":1,"href":"https:\/\/minutobahia24h.com.br\/index.php?rest_route=\/wp\/v2\/posts\/11694\/revisions"}],"predecessor-version":[{"id":11697,"href":"https:\/\/minutobahia24h.com.br\/index.php?rest_route=\/wp\/v2\/posts\/11694\/revisions\/11697"}],"wp:featuredmedia":[{"embeddable":true,"href":"https:\/\/minutobahia24h.com.br\/index.php?rest_route=\/wp\/v2\/media\/11695"}],"wp:attachment":[{"href":"https:\/\/minutobahia24h.com.br\/index.php?rest_route=%2Fwp%2Fv2%2Fmedia&parent=11694"}],"wp:term":[{"taxonomy":"category","embeddable":true,"href":"https:\/\/minutobahia24h.com.br\/index.php?rest_route=%2Fwp%2Fv2%2Fcategories&post=11694"},{"taxonomy":"post_tag","embeddable":true,"href":"https:\/\/minutobahia24h.com.br\/index.php?rest_route=%2Fwp%2Fv2%2Ftags&post=11694"}],"curies":[{"name":"wp","href":"https:\/\/api.w.org\/{rel}","templated":true}]}}