{"id":11455,"date":"2024-04-29T07:22:19","date_gmt":"2024-04-29T10:22:19","guid":{"rendered":"https:\/\/minutobahia24h.com.br\/?p=11455"},"modified":"2024-04-29T07:22:20","modified_gmt":"2024-04-29T10:22:20","slug":"brasil-registra-seis-milhoes-de-acidentes-de-trabalho-de-2012-a-2022","status":"publish","type":"post","link":"https:\/\/minutobahia24h.com.br\/?p=11455","title":{"rendered":"Brasil registra seis milh\u00f5es de acidentes de trabalho de 2012 a 2022"},"content":{"rendered":"<div class=\"wp-block-image\">\n<figure class=\"aligncenter size-large\"><img data-recalc-dims=\"1\" fetchpriority=\"high\" decoding=\"async\" width=\"800\" height=\"419\" src=\"https:\/\/i0.wp.com\/minutobahia24h.com.br\/wp-content\/uploads\/2024\/04\/Sem-titulo-305-1024x536.jpg?resize=800%2C419&#038;ssl=1\" alt=\"\" class=\"wp-image-11456\" srcset=\"https:\/\/i0.wp.com\/minutobahia24h.com.br\/wp-content\/uploads\/2024\/04\/Sem-titulo-305.jpg?resize=1024%2C536&amp;ssl=1 1024w, https:\/\/i0.wp.com\/minutobahia24h.com.br\/wp-content\/uploads\/2024\/04\/Sem-titulo-305.jpg?resize=300%2C157&amp;ssl=1 300w, https:\/\/i0.wp.com\/minutobahia24h.com.br\/wp-content\/uploads\/2024\/04\/Sem-titulo-305.jpg?resize=768%2C402&amp;ssl=1 768w, https:\/\/i0.wp.com\/minutobahia24h.com.br\/wp-content\/uploads\/2024\/04\/Sem-titulo-305.jpg?resize=750%2C393&amp;ssl=1 750w, https:\/\/i0.wp.com\/minutobahia24h.com.br\/wp-content\/uploads\/2024\/04\/Sem-titulo-305.jpg?resize=1140%2C597&amp;ssl=1 1140w, https:\/\/i0.wp.com\/minutobahia24h.com.br\/wp-content\/uploads\/2024\/04\/Sem-titulo-305.jpg?w=1200&amp;ssl=1 1200w\" sizes=\"(max-width: 800px) 100vw, 800px\" \/><figcaption class=\"wp-element-caption\">Foto: Fabio Rodrigues Pozzebom\/Ag\u00eancia Brasil<br><\/figcaption><\/figure>\n<\/div>\n\n\n<p>O Dia Nacional em Mem\u00f3ria \u00e0s V\u00edtimas de Acidentes e Doen\u00e7as do Trabalho \u00e9 lembrado neste domingo (28). Por este motivo, o m\u00eas de abril \u00e9 lembrado como Abril Verde, em uma campanha do Minist\u00e9rio P\u00fablico do Trabalho (MPT), com o lema Adoecimento tamb\u00e9m \u00e9 acidente do trabalho \u2013 conhecer para prevenir.&nbsp;As informa\u00e7\u00f5es s\u00e3o da Ag\u00eancia Brasil.<\/p>\n\n\n\n<p>A coordenadora nacional do MPT para Sa\u00fade dos Trabalhadores, Cirlene Zimmermann, explica que a iniciativa pretende explicar \u00e0 sociedade a import\u00e2ncia de comunicar o acidente do trabalho \u00e0 Previd\u00eancia Social:<\/p>\n\n\n\n<p>&#8220;Em termos previdenci\u00e1rios, trabalhistas e fiscais, tanto as doen\u00e7as relacionadas ao trabalho quanto os acidentes t\u00edpicos, traum\u00e1ticos, eles s\u00e3o considerados acidentes do trabalho&#8221;<\/p>\n\n\n\n<p>A coordenadora destaca que as doen\u00e7as de trabalho mais comuns s\u00e3o as les\u00f5es \u00f3sseos musculares e les\u00e3o por esfor\u00e7o repetitivo, como tendinites e bursites.<\/p>\n\n\n\n<p>Cirlene lembra ainda dos transtornos mentais relacionados ao trabalho. &#8220;N\u00f3s temos depress\u00f5es, ansiedades relacionadas ao trabalho. N\u00f3s temos situa\u00e7\u00f5es de estresses p\u00f3s traum\u00e1tico. Por exemplo, um trabalhador pode ser esmagado por uma m\u00e1quina, pode ser atropelado no ambiente de trabalho. E os colegas que est\u00e3o naquele ambiente, visualizando aquela cena, muitas vezes ficam expostos tamb\u00e9m aos impactos psicol\u00f3gicos desta situa\u00e7\u00e3o. Isso muitas vezes causa o estresse p\u00f3s traum\u00e1tico e pode vir a se tornar uma doen\u00e7a com afastamento de outros trabalhadores.&#8221;<\/p>\n\n\n\n<p>Outros fatores, como ass\u00e9dios moral, sexual e eleitoral, al\u00e9m de jornadas di\u00e1rias exaustivas, podem levar \u00e0 doen\u00e7a mental. Mas \u00e9 comum que o pr\u00f3prio empregado resista a admitir o problema, por preconceito social ou constrangimento.<\/p>\n\n\n\n<p>Por outro lado, as empresas quase n\u00e3o notificam o INSS sobre as doen\u00e7as mentais relacionadas ao trabalho, segundo a coordenadora do MPT.\u00a0<\/p>\n\n\n\n<p>BN<\/p>\n","protected":false},"excerpt":{"rendered":"<p>O Dia Nacional em Mem\u00f3ria \u00e0s V\u00edtimas de Acidentes e Doen\u00e7as do Trabalho \u00e9 lembrado neste domingo (28). Por este motivo, o m\u00eas de abril \u00e9 lembrado como Abril Verde, em uma campanha do Minist\u00e9rio P\u00fablico do Trabalho (MPT), com o lema Adoecimento tamb\u00e9m \u00e9 acidente do trabalho \u2013 conhecer para prevenir.&nbsp;As informa\u00e7\u00f5es s\u00e3o da [&hellip;]<\/p>\n","protected":false},"author":2,"featured_media":11456,"comment_status":"open","ping_status":"open","sticky":false,"template":"","format":"standard","meta":{"_jetpack_memberships_contains_paid_content":false,"footnotes":""},"categories":[2],"tags":[],"class_list":["post-11455","post","type-post","status-publish","format-standard","has-post-thumbnail","hentry","category-nacional"],"aioseo_notices":[],"jetpack_featured_media_url":"https:\/\/i0.wp.com\/minutobahia24h.com.br\/wp-content\/uploads\/2024\/04\/Sem-titulo-305.jpg?fit=1200%2C628&ssl=1","jetpack_sharing_enabled":true,"_links":{"self":[{"href":"https:\/\/minutobahia24h.com.br\/index.php?rest_route=\/wp\/v2\/posts\/11455","targetHints":{"allow":["GET"]}}],"collection":[{"href":"https:\/\/minutobahia24h.com.br\/index.php?rest_route=\/wp\/v2\/posts"}],"about":[{"href":"https:\/\/minutobahia24h.com.br\/index.php?rest_route=\/wp\/v2\/types\/post"}],"author":[{"embeddable":true,"href":"https:\/\/minutobahia24h.com.br\/index.php?rest_route=\/wp\/v2\/users\/2"}],"replies":[{"embeddable":true,"href":"https:\/\/minutobahia24h.com.br\/index.php?rest_route=%2Fwp%2Fv2%2Fcomments&post=11455"}],"version-history":[{"count":1,"href":"https:\/\/minutobahia24h.com.br\/index.php?rest_route=\/wp\/v2\/posts\/11455\/revisions"}],"predecessor-version":[{"id":11457,"href":"https:\/\/minutobahia24h.com.br\/index.php?rest_route=\/wp\/v2\/posts\/11455\/revisions\/11457"}],"wp:featuredmedia":[{"embeddable":true,"href":"https:\/\/minutobahia24h.com.br\/index.php?rest_route=\/wp\/v2\/media\/11456"}],"wp:attachment":[{"href":"https:\/\/minutobahia24h.com.br\/index.php?rest_route=%2Fwp%2Fv2%2Fmedia&parent=11455"}],"wp:term":[{"taxonomy":"category","embeddable":true,"href":"https:\/\/minutobahia24h.com.br\/index.php?rest_route=%2Fwp%2Fv2%2Fcategories&post=11455"},{"taxonomy":"post_tag","embeddable":true,"href":"https:\/\/minutobahia24h.com.br\/index.php?rest_route=%2Fwp%2Fv2%2Ftags&post=11455"}],"curies":[{"name":"wp","href":"https:\/\/api.w.org\/{rel}","templated":true}]}}