{"id":11366,"date":"2024-04-25T14:17:06","date_gmt":"2024-04-25T17:17:06","guid":{"rendered":"https:\/\/minutobahia24h.com.br\/?p=11366"},"modified":"2024-04-25T14:41:49","modified_gmt":"2024-04-25T17:41:49","slug":"federacao-brasil-esperanca-apresenta-helder-amorim-como-pre-candidato-a-prefeito-de-senhor-do-bonfim","status":"publish","type":"post","link":"https:\/\/minutobahia24h.com.br\/?p=11366","title":{"rendered":"Federa\u00e7\u00e3o Brasil Esperan\u00e7a apresenta Helder Amorim como pr\u00e9-candidato a prefeito de Senhor do Bonfim"},"content":{"rendered":"\n<figure class=\"wp-block-image size-large\"><img data-recalc-dims=\"1\" fetchpriority=\"high\" decoding=\"async\" width=\"800\" height=\"800\" src=\"https:\/\/i0.wp.com\/minutobahia24h.com.br\/wp-content\/uploads\/2024\/04\/WhatsApp-Image-2024-04-25-at-13.54.09-1024x1024.jpeg?resize=800%2C800&#038;ssl=1\" alt=\"\" class=\"wp-image-11367\" srcset=\"https:\/\/i0.wp.com\/minutobahia24h.com.br\/wp-content\/uploads\/2024\/04\/WhatsApp-Image-2024-04-25-at-13.54.09.jpeg?resize=1024%2C1024&amp;ssl=1 1024w, https:\/\/i0.wp.com\/minutobahia24h.com.br\/wp-content\/uploads\/2024\/04\/WhatsApp-Image-2024-04-25-at-13.54.09.jpeg?resize=300%2C300&amp;ssl=1 300w, https:\/\/i0.wp.com\/minutobahia24h.com.br\/wp-content\/uploads\/2024\/04\/WhatsApp-Image-2024-04-25-at-13.54.09.jpeg?resize=150%2C150&amp;ssl=1 150w, https:\/\/i0.wp.com\/minutobahia24h.com.br\/wp-content\/uploads\/2024\/04\/WhatsApp-Image-2024-04-25-at-13.54.09.jpeg?resize=768%2C768&amp;ssl=1 768w, https:\/\/i0.wp.com\/minutobahia24h.com.br\/wp-content\/uploads\/2024\/04\/WhatsApp-Image-2024-04-25-at-13.54.09.jpeg?resize=1536%2C1536&amp;ssl=1 1536w, https:\/\/i0.wp.com\/minutobahia24h.com.br\/wp-content\/uploads\/2024\/04\/WhatsApp-Image-2024-04-25-at-13.54.09.jpeg?resize=75%2C75&amp;ssl=1 75w, https:\/\/i0.wp.com\/minutobahia24h.com.br\/wp-content\/uploads\/2024\/04\/WhatsApp-Image-2024-04-25-at-13.54.09.jpeg?resize=750%2C750&amp;ssl=1 750w, https:\/\/i0.wp.com\/minutobahia24h.com.br\/wp-content\/uploads\/2024\/04\/WhatsApp-Image-2024-04-25-at-13.54.09.jpeg?resize=1140%2C1140&amp;ssl=1 1140w, https:\/\/i0.wp.com\/minutobahia24h.com.br\/wp-content\/uploads\/2024\/04\/WhatsApp-Image-2024-04-25-at-13.54.09.jpeg?w=1600&amp;ssl=1 1600w\" sizes=\"(max-width: 800px) 100vw, 800px\" \/><\/figure>\n\n\n\n<p>A Federa\u00e7\u00e3o Brasil Esperan\u00e7a, composta pelos partidos PT, PCdoB e PV, vem a p\u00fablico<br>comunicar que, ap\u00f3s um amplo e democr\u00e1tico processo de debate definiu por<br>apresentar o nome do professor Helder Amorim como pr\u00e9-candidato ao cargo de<br>prefeito do munic\u00edpio de Senhor do Bonfim nas elei\u00e7\u00f5es de 2024.<\/p>\n\n\n\n<p>O companheiro, professor Helder Amorim, que tem suas trajet\u00f3rias pol\u00edtica e<br>profissional reconhecidamente dedicadas \u00e0 comunidade bonfinense, nesse momento<br>empresta seu nome e sua vasta experi\u00eancia para que esteja a frente do projeto que visa<br>devolver a administra\u00e7\u00e3o de Senhor do Bonfim \u00e0s m\u00e3os de pessoas comprometidas com<br>um projeto de governan\u00e7a voltado para o social e inspirado pelo desejo de renova\u00e7\u00e3o.<\/p>\n\n\n\n<p>Temos plena confian\u00e7a de que o professor Helder Amorim desempenhar\u00e1 um papel<br>fundamental na condu\u00e7\u00e3o desse novo momento pol\u00edtico, unindo esfor\u00e7os e<br>promovendo a constru\u00e7\u00e3o de uma nova maioria que possa restabelecer a esperan\u00e7a e a<br>confian\u00e7a do nosso povo em um modelo de gest\u00e3o progressista e centrado no di\u00e1logo<br>com todos os bonfinenses.<\/p>\n\n\n\n<p>Em tempo, queremos reafirmar que a escolha do nosso pr\u00e9-candidato a prefeito n\u00e3o<br>encerra o debate sobre a necessidade dos partidos da Federa\u00e7\u00e3o Brasil Esperan\u00e7a e dos<br>demais partidos que comp\u00f5e a base de partidos progressistas em nosso munic\u00edpio<br>apresentar para nossos eleitores a melhor op\u00e7\u00e3o de voto poss\u00edvel. Dessa forma, o<br>espa\u00e7o de di\u00e1logo constru\u00eddo at\u00e9 aqui se mant\u00e9m e se fortalece na escuta e no<br>compromisso com a constru\u00e7\u00e3o coletiva.<\/p>\n\n\n\n<p>A Federa\u00e7\u00e3o Brasil Esperan\u00e7a se coloca a disposi\u00e7\u00e3o da sociedade bonfinense para<br>quaisquer outros esclarecimentos.<\/p>\n\n\n\n<div data-wp-interactive=\"core\/file\" class=\"wp-block-file\"><object data-wp-bind--hidden=\"!state.hasPdfPreview\" hidden class=\"wp-block-file__embed\" data=\"https:\/\/minutobahia24h.com.br\/wp-content\/uploads\/2024\/04\/Nota_Federacao.pdf\" type=\"application\/pdf\" style=\"width:100%;height:600px\" aria-label=\"Incorporado de Nota_Federacao.\"><\/object><a id=\"wp-block-file--media-eead8f94-43d7-4bff-b4e9-e3d0ac6de9e9\" href=\"https:\/\/minutobahia24h.com.br\/wp-content\/uploads\/2024\/04\/Nota_Federacao.pdf\">Nota_Federacao<\/a><a href=\"https:\/\/minutobahia24h.com.br\/wp-content\/uploads\/2024\/04\/Nota_Federacao.pdf\" class=\"wp-block-file__button wp-element-button\" download aria-describedby=\"wp-block-file--media-eead8f94-43d7-4bff-b4e9-e3d0ac6de9e9\">Baixar<\/a><\/div>\n","protected":false},"excerpt":{"rendered":"<p>A Federa\u00e7\u00e3o Brasil Esperan\u00e7a, composta pelos partidos PT, PCdoB e PV, vem a p\u00fablicocomunicar que, ap\u00f3s um amplo e democr\u00e1tico processo de debate definiu porapresentar o nome do professor Helder Amorim como pr\u00e9-candidato ao cargo deprefeito do munic\u00edpio de Senhor do Bonfim nas elei\u00e7\u00f5es de 2024. O companheiro, professor Helder Amorim, que tem suas trajet\u00f3rias [&hellip;]<\/p>\n","protected":false},"author":1,"featured_media":11367,"comment_status":"open","ping_status":"open","sticky":false,"template":"","format":"standard","meta":{"_jetpack_memberships_contains_paid_content":false,"footnotes":""},"categories":[50,17],"tags":[],"class_list":["post-11366","post","type-post","status-publish","format-standard","has-post-thumbnail","hentry","category-eleicoes-2024","category-senhor-do-bonfim"],"aioseo_notices":[],"jetpack_featured_media_url":"https:\/\/i0.wp.com\/minutobahia24h.com.br\/wp-content\/uploads\/2024\/04\/WhatsApp-Image-2024-04-25-at-13.54.09.jpeg?fit=1600%2C1600&ssl=1","jetpack_sharing_enabled":true,"_links":{"self":[{"href":"https:\/\/minutobahia24h.com.br\/index.php?rest_route=\/wp\/v2\/posts\/11366","targetHints":{"allow":["GET"]}}],"collection":[{"href":"https:\/\/minutobahia24h.com.br\/index.php?rest_route=\/wp\/v2\/posts"}],"about":[{"href":"https:\/\/minutobahia24h.com.br\/index.php?rest_route=\/wp\/v2\/types\/post"}],"author":[{"embeddable":true,"href":"https:\/\/minutobahia24h.com.br\/index.php?rest_route=\/wp\/v2\/users\/1"}],"replies":[{"embeddable":true,"href":"https:\/\/minutobahia24h.com.br\/index.php?rest_route=%2Fwp%2Fv2%2Fcomments&post=11366"}],"version-history":[{"count":2,"href":"https:\/\/minutobahia24h.com.br\/index.php?rest_route=\/wp\/v2\/posts\/11366\/revisions"}],"predecessor-version":[{"id":11374,"href":"https:\/\/minutobahia24h.com.br\/index.php?rest_route=\/wp\/v2\/posts\/11366\/revisions\/11374"}],"wp:featuredmedia":[{"embeddable":true,"href":"https:\/\/minutobahia24h.com.br\/index.php?rest_route=\/wp\/v2\/media\/11367"}],"wp:attachment":[{"href":"https:\/\/minutobahia24h.com.br\/index.php?rest_route=%2Fwp%2Fv2%2Fmedia&parent=11366"}],"wp:term":[{"taxonomy":"category","embeddable":true,"href":"https:\/\/minutobahia24h.com.br\/index.php?rest_route=%2Fwp%2Fv2%2Fcategories&post=11366"},{"taxonomy":"post_tag","embeddable":true,"href":"https:\/\/minutobahia24h.com.br\/index.php?rest_route=%2Fwp%2Fv2%2Ftags&post=11366"}],"curies":[{"name":"wp","href":"https:\/\/api.w.org\/{rel}","templated":true}]}}