{"id":11355,"date":"2024-04-25T07:44:50","date_gmt":"2024-04-25T10:44:50","guid":{"rendered":"https:\/\/minutobahia24h.com.br\/?p=11355"},"modified":"2024-04-25T07:44:51","modified_gmt":"2024-04-25T10:44:51","slug":"dilatacao-temporal-quem-se-exercita-sente-tempo-passar-de-forma-mais-lenta-aponta-pesquisa","status":"publish","type":"post","link":"https:\/\/minutobahia24h.com.br\/?p=11355","title":{"rendered":"&#8216;Dilata\u00e7\u00e3o temporal&#8217;: quem se exercita sente tempo passar de forma mais lenta, aponta pesquisa"},"content":{"rendered":"<div class=\"wp-block-image\">\n<figure class=\"aligncenter size-full\"><img data-recalc-dims=\"1\" fetchpriority=\"high\" decoding=\"async\" width=\"800\" height=\"500\" src=\"https:\/\/i0.wp.com\/minutobahia24h.com.br\/wp-content\/uploads\/2024\/04\/Sem-titulo-283.jpg?resize=800%2C500&#038;ssl=1\" alt=\"\" class=\"wp-image-11356\" srcset=\"https:\/\/i0.wp.com\/minutobahia24h.com.br\/wp-content\/uploads\/2024\/04\/Sem-titulo-283.jpg?w=888&amp;ssl=1 888w, https:\/\/i0.wp.com\/minutobahia24h.com.br\/wp-content\/uploads\/2024\/04\/Sem-titulo-283.jpg?resize=300%2C188&amp;ssl=1 300w, https:\/\/i0.wp.com\/minutobahia24h.com.br\/wp-content\/uploads\/2024\/04\/Sem-titulo-283.jpg?resize=768%2C480&amp;ssl=1 768w, https:\/\/i0.wp.com\/minutobahia24h.com.br\/wp-content\/uploads\/2024\/04\/Sem-titulo-283.jpg?resize=750%2C469&amp;ssl=1 750w\" sizes=\"(max-width: 800px) 100vw, 800px\" \/><figcaption class=\"wp-element-caption\">Cariocas fazem atividade f\u00edsica ao ar livre. Ag\u00eancia O Globo \u2014 Foto: Ag\u00eancia O Globo<br><\/figcaption><\/figure>\n<\/div>\n\n\n<p>Publicada na revista cient\u00edfica Brain and Behavior neste m\u00eas, uma pesquisa realizada pela Universidade de Canterbury Christ Church afirma que a percep\u00e7\u00e3o humana de tempo pode ser mudada pela frequ\u00eancia de\u00a0<a class=\"\" href=\"https:\/\/oglobo.globo.com\/saude\/noticia\/2024\/01\/21\/alongar-antes-de-treinar-8-mitos-sobre-exercicios-fisicos-que-especialistas-querem-derrubar-de-vez.ghtml\">atividade f\u00edsica empregada\u00a0<\/a>no cotidiano.<\/p>\n\n\n\n<p>De acordo com o relatado, os indiv\u00edduos que se exercitam tendem a sentir o tempo mais lento em compara\u00e7\u00e3o ao momento em que est\u00e3o em repouso ou ap\u00f3s completar as s\u00e9ries propostas pela atividade. A metodologia empregada na an\u00e1lise buscou padronizar um determinado teste que pudesse medir a percep\u00e7\u00e3o do tempo de forma individualizada e que se aproxima do desempenho real.<\/p>\n\n\n\n<p>O estudo esbarra em um conceito de tempo psicol\u00f3gico que se difere do cronol\u00f3gico, e que pode ser exemplificado por uma analogia proposta por Albert Einstein: o tempo parece mudar quando estamos ao lado de uma boa companhia em contraposto a algo tedioso. A an\u00e1lise dos pesquisadores diz ainda que o exerc\u00edcio f\u00edsico ent\u00e3o ajuda a distorcer a no\u00e7\u00e3o temporal, como se a cronologia atuasse de maneira diferente nessas ocasi\u00f5es. O fen\u00f4meno pode ser sentido principalmente pelos atletas de alto rendimento, que precisam controlar m\u00e9tricas em rela\u00e7\u00e3o aos competidores.<\/p>\n\n\n\n<figure class=\"wp-block-image\"><img data-recalc-dims=\"1\" decoding=\"async\" src=\"https:\/\/i0.wp.com\/s2-oglobo.glbimg.com\/UnrHe9RvQSzwRJ0ZY7sqahJQL3E%3D\/0x0%3A5760x3840\/984x0\/smart\/filters%3Astrip_icc%28%29\/i.s3.glbimg.com\/v1\/AUTH_da025474c0c44edd99332dddb09cabe8\/internal_photos\/bs\/2022\/0\/4\/b1AKyzTYScOMGfv8E1JQ\/fat-woman-dieting-fitness-lady-sitting-on-a-fitball-and-driking-a-water.jpg?w=800&#038;ssl=1\" alt=\"exerc\u00edcio f\u00edsico \u2014 Foto: Freepik\"\/><figcaption class=\"wp-element-caption\">exerc\u00edcio f\u00edsico \u2014 Foto: Freepik<\/figcaption><\/figure>\n\n\n\n<p>Ignorada em pesquisas anteriores, uma atualiza\u00e7\u00e3o buscada na recente publica\u00e7\u00e3o \u00e9 o foco em esfor\u00e7os individualizados e de intensidade vari\u00e1vel observados em esportes competitivos. Ou seja, agora \u00e9 poss\u00edvel compreender como a percep\u00e7\u00e3o do tempo \u00e9 afetada durante o exerc\u00edcio que reflete um ambiente competitivo.<\/p>\n\n\n\n<p>\u201cH\u00e1 muito tempo estou interessado em saber como as pessoas percebem a passagem do tempo e se isso \u00e9 impactado por eventos espec\u00edficos. No caso do exerc\u00edcio, o tempo parece arrastar-se em certas circunst\u00e2ncias e, noutras, move-se muito rapidamente. Fiquei intrigado ao examinar as implica\u00e7\u00f5es disso no desempenho e se isso provavelmente impactou tanto os resultados quanto a ades\u00e3o\u201d, disse o autor do estudo, Andrew Mark Edwards, professor e diretor da Escola de Psicologia e Ci\u00eancias da Vida da Canterbury Christ Church University.<\/p>\n\n\n\n<figure class=\"wp-block-image\"><img data-recalc-dims=\"1\" decoding=\"async\" src=\"https:\/\/i0.wp.com\/s2-oglobo.glbimg.com\/dQcUNaQ2MbhVzPFd0qy6Ls3wn84%3D\/0x0%3A2000x1333\/984x0\/smart\/filters%3Astrip_icc%28%29\/i.s3.glbimg.com\/v1\/AUTH_da025474c0c44edd99332dddb09cabe8\/internal_photos\/bs\/2023\/o\/Y\/8WWcPZRwelVYDY8Jxb4Q\/ddfafsdfasdf.jpg?w=800&#038;ssl=1\" alt=\"O brasileiro Armando Reis da Costa, o argentino Tomas Contte e o canadense Michael Foley competem na prova omnium masculina de ciclismo de pista dos Jogos Pan-americanos Santiago 2023, no Vel\u00f3dromo do Parque Pe\u00f1alolen, em Santiago \u2014 Foto: ERNESTO BENAVIDES\/AFP\"\/><figcaption class=\"wp-element-caption\">O brasileiro Armando Reis da Costa, o argentino Tomas Contte e o canadense Michael Foley competem na prova omnium masculina de ciclismo de pista dos Jogos Pan-americanos Santiago 2023, no Vel\u00f3dromo do Parque Pe\u00f1alolen, em Santiago \u2014 Foto: ERNESTO BENAVIDES\/AFP<\/figcaption><\/figure>\n\n\n\n<p>Com 33 participantes que mesclavam perfis moderados e altamente ativos em termos de atividade f\u00edsica, a pesquisa realizou testes de ciclismo com percursos de quatro quil\u00f4metros em pista fechada. Durantes as avalia\u00e7\u00f5es, a pesquisa apurou a percep\u00e7\u00e3o dos competidores em diferentes pontos: antes do exerc\u00edcio, durante e depois, com intervalos de 30 a 60 segundos em dist\u00e2ncias determinadas.<\/p>\n\n\n\n<p>Dessa maneira, foi poss\u00edvel estimar que os atletas percebiam o tempo de maneira diferente enquanto estavam sob atividade f\u00edsica em compara\u00e7\u00e3o aos per\u00edodos ociosos. Ainda dentro dos resultados, tamb\u00e9m foi identificada a aus\u00eancia de mudan\u00e7as mediante a presen\u00e7a de concorrentes ou pela natureza da competi\u00e7\u00e3o. Logo, h\u00e1 conclus\u00e3o de que o ato do exerc\u00edcio em si que influencia principalmente na percep\u00e7\u00e3o temporal.<\/p>\n\n\n\n<p><\/p>\n","protected":false},"excerpt":{"rendered":"<p>Publicada na revista cient\u00edfica Brain and Behavior neste m\u00eas, uma pesquisa realizada pela Universidade de Canterbury Christ Church afirma que a percep\u00e7\u00e3o humana de tempo pode ser mudada pela frequ\u00eancia de\u00a0atividade f\u00edsica empregada\u00a0no cotidiano. De acordo com o relatado, os indiv\u00edduos que se exercitam tendem a sentir o tempo mais lento em compara\u00e7\u00e3o ao momento [&hellip;]<\/p>\n","protected":false},"author":2,"featured_media":11356,"comment_status":"open","ping_status":"open","sticky":false,"template":"","format":"standard","meta":{"_jetpack_memberships_contains_paid_content":false,"footnotes":""},"categories":[18],"tags":[],"class_list":["post-11355","post","type-post","status-publish","format-standard","has-post-thumbnail","hentry","category-saude"],"aioseo_notices":[],"jetpack_featured_media_url":"https:\/\/i0.wp.com\/minutobahia24h.com.br\/wp-content\/uploads\/2024\/04\/Sem-titulo-283.jpg?fit=888%2C555&ssl=1","jetpack_sharing_enabled":true,"_links":{"self":[{"href":"https:\/\/minutobahia24h.com.br\/index.php?rest_route=\/wp\/v2\/posts\/11355","targetHints":{"allow":["GET"]}}],"collection":[{"href":"https:\/\/minutobahia24h.com.br\/index.php?rest_route=\/wp\/v2\/posts"}],"about":[{"href":"https:\/\/minutobahia24h.com.br\/index.php?rest_route=\/wp\/v2\/types\/post"}],"author":[{"embeddable":true,"href":"https:\/\/minutobahia24h.com.br\/index.php?rest_route=\/wp\/v2\/users\/2"}],"replies":[{"embeddable":true,"href":"https:\/\/minutobahia24h.com.br\/index.php?rest_route=%2Fwp%2Fv2%2Fcomments&post=11355"}],"version-history":[{"count":1,"href":"https:\/\/minutobahia24h.com.br\/index.php?rest_route=\/wp\/v2\/posts\/11355\/revisions"}],"predecessor-version":[{"id":11357,"href":"https:\/\/minutobahia24h.com.br\/index.php?rest_route=\/wp\/v2\/posts\/11355\/revisions\/11357"}],"wp:featuredmedia":[{"embeddable":true,"href":"https:\/\/minutobahia24h.com.br\/index.php?rest_route=\/wp\/v2\/media\/11356"}],"wp:attachment":[{"href":"https:\/\/minutobahia24h.com.br\/index.php?rest_route=%2Fwp%2Fv2%2Fmedia&parent=11355"}],"wp:term":[{"taxonomy":"category","embeddable":true,"href":"https:\/\/minutobahia24h.com.br\/index.php?rest_route=%2Fwp%2Fv2%2Fcategories&post=11355"},{"taxonomy":"post_tag","embeddable":true,"href":"https:\/\/minutobahia24h.com.br\/index.php?rest_route=%2Fwp%2Fv2%2Ftags&post=11355"}],"curies":[{"name":"wp","href":"https:\/\/api.w.org\/{rel}","templated":true}]}}