{"id":11273,"date":"2024-04-23T14:11:34","date_gmt":"2024-04-23T17:11:34","guid":{"rendered":"https:\/\/minutobahia24h.com.br\/?p=11273"},"modified":"2024-04-23T14:11:35","modified_gmt":"2024-04-23T17:11:35","slug":"camara-de-senhor-do-bonfim-realiza-17-sessao-ordinaria-nesta-terca-feira-23","status":"publish","type":"post","link":"https:\/\/minutobahia24h.com.br\/?p=11273","title":{"rendered":"C\u00e2mara de Senhor do Bonfim realiza 17\u00b0 sess\u00e3o ordin\u00e1ria nesta ter\u00e7a-feira (23)"},"content":{"rendered":"<div class=\"wp-block-image\">\n<figure class=\"aligncenter size-large\"><img data-recalc-dims=\"1\" fetchpriority=\"high\" decoding=\"async\" width=\"576\" height=\"1024\" src=\"https:\/\/i0.wp.com\/minutobahia24h.com.br\/wp-content\/uploads\/2024\/04\/WhatsApp-Image-2024-04-23-at-13.52.31-576x1024.jpeg?resize=576%2C1024&#038;ssl=1\" alt=\"\" class=\"wp-image-11274\" srcset=\"https:\/\/i0.wp.com\/minutobahia24h.com.br\/wp-content\/uploads\/2024\/04\/WhatsApp-Image-2024-04-23-at-13.52.31.jpeg?resize=576%2C1024&amp;ssl=1 576w, https:\/\/i0.wp.com\/minutobahia24h.com.br\/wp-content\/uploads\/2024\/04\/WhatsApp-Image-2024-04-23-at-13.52.31.jpeg?resize=169%2C300&amp;ssl=1 169w, https:\/\/i0.wp.com\/minutobahia24h.com.br\/wp-content\/uploads\/2024\/04\/WhatsApp-Image-2024-04-23-at-13.52.31.jpeg?resize=768%2C1365&amp;ssl=1 768w, https:\/\/i0.wp.com\/minutobahia24h.com.br\/wp-content\/uploads\/2024\/04\/WhatsApp-Image-2024-04-23-at-13.52.31.jpeg?resize=864%2C1536&amp;ssl=1 864w, https:\/\/i0.wp.com\/minutobahia24h.com.br\/wp-content\/uploads\/2024\/04\/WhatsApp-Image-2024-04-23-at-13.52.31.jpeg?resize=750%2C1333&amp;ssl=1 750w, https:\/\/i0.wp.com\/minutobahia24h.com.br\/wp-content\/uploads\/2024\/04\/WhatsApp-Image-2024-04-23-at-13.52.31.jpeg?w=900&amp;ssl=1 900w\" sizes=\"(max-width: 576px) 100vw, 576px\" \/><\/figure>\n<\/div>\n\n\n<p><strong>Confira as mat\u00e9rias que estar\u00e3o em pauta na 17\u00aa sess\u00e3o ordin\u00e1ria da c\u00e2mara municipal de Senhor do Bonfim<\/strong>.<\/p>\n\n\n\n<p><\/p>\n\n\n\n<p>EXPEDIENTE<\/p>\n\n\n\n<ul class=\"wp-block-list\">\n<li>Projeto de Lei do Legislativo n\u00ba 013\/2024, de autoria do vereador Arinaldo Urbano da Costa, que \u201cImplementa na Rede de Educa\u00e7\u00e3o Infantil do Munic\u00edpio de Senhor do Bonfim o Projeto \u201cESCOLA QUE CUIDA\u201d e d\u00e1 outras provid\u00eancias\u201d;<\/li>\n\n\n\n<li>Parecer da Comiss\u00e3o Permanente de Legisla\u00e7\u00e3o, Justi\u00e7a, Postura e Reda\u00e7\u00e3o Final ao Projeto de Lei do Legislativo n\u00ba 011, de 08 de abril de 2024;<\/li>\n\n\n\n<li>Indica\u00e7\u00e3o n\u00ba 003\/2024, oriunda do gabinete do vereador Joaquim In\u00e1cio de Sousa Neto, que indica \u201ca revitaliza\u00e7\u00e3o da Piscina Semiol\u00edmpica, pertencente ao gin\u00e1sio de esportes, bem como a contrata\u00e7\u00e3o de um \u201cprofessor instrutor\u201d de nata\u00e7\u00e3o para atender as demandas do Munic\u00edpio\u201d;<\/li>\n\n\n\n<li>Indica\u00e7\u00e3o n\u00ba 007\/2024, oriunda do gabinete do vereador Joaquim In\u00e1cio de Sousa Neto, que indica \u201ca contrata\u00e7\u00e3o de m\u00e9dicos especialistas em Oftalmologia, Endocrinologia e Angiologia, devido a alta demanda do munic\u00edpio\u201d;<\/li>\n\n\n\n<li>Indica\u00e7\u00e3o n\u00ba 007\/2024, oriunda do gabinete do vereador Elizeu Concei\u00e7\u00e3o de Souza, que indica \u201ca realiza\u00e7\u00e3o do servi\u00e7o de limpeza na Rua Pedro Amorim, Alto da Rainha, no Munic\u00edpio de Senhor do Bonfim\u201d;<\/li>\n\n\n\n<li>Indica\u00e7\u00e3o n\u00ba 008\/2024, oriunda do gabinete do vereador Elizeu Concei\u00e7\u00e3o de Souza, que indica \u201ca instala\u00e7\u00e3o de redutores de velocidade na Rua \u00d3zio Almeida, no Distrito de Carrapichel, Munic\u00edpio de Senhor do Bonfim\u201d;<\/li>\n\n\n\n<li>Indica\u00e7\u00e3o n\u00ba 009\/2024, oriunda do gabinete do vereador Elizeu Concei\u00e7\u00e3o de Souza, que indica \u201ca realiza\u00e7\u00e3o do servi\u00e7o de limpeza no Bairro Barbosa Santos, no Munic\u00edpio de Senhor do Bonfim\u201d;<\/li>\n\n\n\n<li>Indica\u00e7\u00e3o n\u00ba 027\/2023, oriunda do gabinete do vereador Joaquim In\u00e1cio de Sousa Neto, que indica \u201ca constru\u00e7\u00e3o de uma Escola Municipal, com nove salas de aulas para ensino de tempo integral no Bairro Alto do Cigano\u201d.<\/li>\n<\/ul>\n\n\n\n<p><br><strong>ORDEM DO DIA<\/strong><\/p>\n\n\n\n<ul class=\"wp-block-list\">\n<li>Parecer da Comiss\u00e3o Permanente de Legisla\u00e7\u00e3o, Justi\u00e7a, Postura e Reda\u00e7\u00e3o Final ao Projeto de Lei do Legislativo n\u00ba 011, de 08 de abril de 2024;<\/li>\n\n\n\n<li>Projeto de Lei do Legislativo n\u00ba 011\/2024, de autoria do Vereador Cleber Nilton Lima do Nascimento, que \u201cD\u00e1 denomina\u00e7\u00e3o de campo Sint\u00e9tico na Escola Nossa Senhora de F\u00e1tima, no bairro Alto da Maravilha, no Munic\u00edpio de Senhor do Bonfim e d\u00e1 outras provid\u00eancias\u201d<\/li>\n<\/ul>\n\n\n\n<p>Hoje, \u00e0s 19h, a C\u00e2mara Municipal de Senhor do Bonfim realizar\u00e1 sua 17\u00aa sess\u00e3o ordin\u00e1ria.<\/p>\n\n\n\n<p>Acompanhe de perto os trabalhos do Poder Legislativo.<\/p>\n\n\n\n<p>Link de transmiss\u00e3o da Sess\u00e3o Ordin\u00e1ria desta quinta-feira: https:\/\/www.youtube.com\/@camaradesenhordobonfim\/streams<\/p>\n\n\n\n<p>Inscreva-se em nosso canal.<\/p>\n\n\n\n<p>ASCOM \u2013 CMSB \u2013 \u201cO futuro do nosso munic\u00edpio passa por aqui.\u201d<\/p>\n","protected":false},"excerpt":{"rendered":"<p>Confira as mat\u00e9rias que estar\u00e3o em pauta na 17\u00aa sess\u00e3o ordin\u00e1ria da c\u00e2mara municipal de Senhor do Bonfim. EXPEDIENTE ORDEM DO DIA Hoje, \u00e0s 19h, a C\u00e2mara Municipal de Senhor do Bonfim realizar\u00e1 sua 17\u00aa sess\u00e3o ordin\u00e1ria. Acompanhe de perto os trabalhos do Poder Legislativo. Link de transmiss\u00e3o da Sess\u00e3o Ordin\u00e1ria desta quinta-feira: https:\/\/www.youtube.com\/@camaradesenhordobonfim\/streams Inscreva-se [&hellip;]<\/p>\n","protected":false},"author":2,"featured_media":11274,"comment_status":"open","ping_status":"open","sticky":false,"template":"","format":"standard","meta":{"_jetpack_memberships_contains_paid_content":false,"footnotes":""},"categories":[17],"tags":[],"class_list":["post-11273","post","type-post","status-publish","format-standard","has-post-thumbnail","hentry","category-senhor-do-bonfim"],"aioseo_notices":[],"jetpack_featured_media_url":"https:\/\/i0.wp.com\/minutobahia24h.com.br\/wp-content\/uploads\/2024\/04\/WhatsApp-Image-2024-04-23-at-13.52.31.jpeg?fit=900%2C1600&ssl=1","jetpack_sharing_enabled":true,"_links":{"self":[{"href":"https:\/\/minutobahia24h.com.br\/index.php?rest_route=\/wp\/v2\/posts\/11273","targetHints":{"allow":["GET"]}}],"collection":[{"href":"https:\/\/minutobahia24h.com.br\/index.php?rest_route=\/wp\/v2\/posts"}],"about":[{"href":"https:\/\/minutobahia24h.com.br\/index.php?rest_route=\/wp\/v2\/types\/post"}],"author":[{"embeddable":true,"href":"https:\/\/minutobahia24h.com.br\/index.php?rest_route=\/wp\/v2\/users\/2"}],"replies":[{"embeddable":true,"href":"https:\/\/minutobahia24h.com.br\/index.php?rest_route=%2Fwp%2Fv2%2Fcomments&post=11273"}],"version-history":[{"count":1,"href":"https:\/\/minutobahia24h.com.br\/index.php?rest_route=\/wp\/v2\/posts\/11273\/revisions"}],"predecessor-version":[{"id":11275,"href":"https:\/\/minutobahia24h.com.br\/index.php?rest_route=\/wp\/v2\/posts\/11273\/revisions\/11275"}],"wp:featuredmedia":[{"embeddable":true,"href":"https:\/\/minutobahia24h.com.br\/index.php?rest_route=\/wp\/v2\/media\/11274"}],"wp:attachment":[{"href":"https:\/\/minutobahia24h.com.br\/index.php?rest_route=%2Fwp%2Fv2%2Fmedia&parent=11273"}],"wp:term":[{"taxonomy":"category","embeddable":true,"href":"https:\/\/minutobahia24h.com.br\/index.php?rest_route=%2Fwp%2Fv2%2Fcategories&post=11273"},{"taxonomy":"post_tag","embeddable":true,"href":"https:\/\/minutobahia24h.com.br\/index.php?rest_route=%2Fwp%2Fv2%2Ftags&post=11273"}],"curies":[{"name":"wp","href":"https:\/\/api.w.org\/{rel}","templated":true}]}}