{"id":11258,"date":"2024-04-23T07:53:15","date_gmt":"2024-04-23T10:53:15","guid":{"rendered":"https:\/\/minutobahia24h.com.br\/?p=11258"},"modified":"2024-04-23T07:53:16","modified_gmt":"2024-04-23T10:53:16","slug":"quarta-onda-de-calor-do-ano-deve-se-estender-ate-a-proxima-semana-temperaturas-podem-chegar-a-35c","status":"publish","type":"post","link":"https:\/\/minutobahia24h.com.br\/?p=11258","title":{"rendered":"Quarta onda de calor do ano deve se estender at\u00e9 a pr\u00f3xima semana; temperaturas podem chegar a 35\u00b0C"},"content":{"rendered":"\n<h4 class=\"wp-block-heading\"><\/h4>\n\n\n\n<p>\u2600\ufe0fA&nbsp;<strong>quarta onda de calor do ano no pa\u00eds j\u00e1 est\u00e1 em vigor e deve durar at\u00e9 a pr\u00f3xima semana<\/strong>, de acordo com os modelos meteorol\u00f3gicos. Por causa disso, segundo a Climatempo, temperaturas acima da m\u00e9dia devem ser observadas at\u00e9 a<strong>&nbsp;pr\u00f3xima quinta-feira (2) no Centro-Sul<\/strong>.<\/p>\n\n\n\n<p>Os term\u00f4metros \ud83c\udf21\ufe0f devem registrar as maiores marcas numa faixa que pega a regi\u00e3o central e oeste do estado de S\u00e3o Paulo, noroeste do Paran\u00e1, Mato Grosso do Sul, Tri\u00e2ngulo Mineiro e sul de Goi\u00e1s. Nessas regi\u00f5es, as<strong>&nbsp;temperaturas devem atingir ou superar os 35\u00baC em v\u00e1rios pontos.<\/strong><\/p>\n\n\n\n<p>\ud83c\udf00 Ainda de acordo com a Climatempo, essa nova onda \u00e9 resultado da atua\u00e7\u00e3o de uma \u00e1rea de<strong>\u00a0alta de alta press\u00e3o<\/strong>\u00a0na parte m\u00e9dia da atmosfera, que age como uma barreira, mantendo o ar seco e quente e elevando as temperaturas nos pr\u00f3ximos dias.<\/p>\n\n\n<div class=\"wp-block-image\">\n<figure class=\"aligncenter size-large\"><img data-recalc-dims=\"1\" fetchpriority=\"high\" decoding=\"async\" width=\"800\" height=\"938\" src=\"https:\/\/i0.wp.com\/minutobahia24h.com.br\/wp-content\/uploads\/2024\/04\/Sem-titulo-253-873x1024.jpg?resize=800%2C938&#038;ssl=1\" alt=\"\" class=\"wp-image-11259\" srcset=\"https:\/\/i0.wp.com\/minutobahia24h.com.br\/wp-content\/uploads\/2024\/04\/Sem-titulo-253.jpg?resize=873%2C1024&amp;ssl=1 873w, https:\/\/i0.wp.com\/minutobahia24h.com.br\/wp-content\/uploads\/2024\/04\/Sem-titulo-253.jpg?resize=256%2C300&amp;ssl=1 256w, https:\/\/i0.wp.com\/minutobahia24h.com.br\/wp-content\/uploads\/2024\/04\/Sem-titulo-253.jpg?resize=768%2C901&amp;ssl=1 768w, https:\/\/i0.wp.com\/minutobahia24h.com.br\/wp-content\/uploads\/2024\/04\/Sem-titulo-253.jpg?resize=750%2C880&amp;ssl=1 750w, https:\/\/i0.wp.com\/minutobahia24h.com.br\/wp-content\/uploads\/2024\/04\/Sem-titulo-253.jpg?w=984&amp;ssl=1 984w\" sizes=\"(max-width: 800px) 100vw, 800px\" \/><figcaption class=\"wp-element-caption\">Previs\u00e3o de temperatura m\u00e1xima para o dia 28 de abril de 2024 \u00e0s 15h (hor\u00e1rio de Bras\u00edlia) \u2014 Foto: Inmet<br><\/figcaption><\/figure>\n<\/div>\n\n\n<p>Essa situa\u00e7\u00e3o vai&nbsp;<strong>impedir a chegada de frentes frias<\/strong>&nbsp;ao Centro-Oeste e Sudeste do pa\u00eds, mantendo o tempo seco e o calor intenso.<\/p>\n\n\n\n<blockquote class=\"wp-block-quote is-layout-flow wp-block-quote-is-layout-flow\">\n<p>&#8220;N\u00e3o \u00e9 rara a condi\u00e7\u00e3o da onda de calor agora, ainda \u00e9 comum nessa [\u00e9poca do ano]&#8221;, explica F\u00e1bio Luengo, meteorologista da Climatempo.<\/p>\n<\/blockquote>\n\n\n\n<p>\ud83c\udf42 \ud83c\udfd6\ufe0f &#8220;Vale lembrar que outono \u00e9 uma situa\u00e7\u00e3o de transi\u00e7\u00e3o. Ent\u00e3o, neste come\u00e7o do outono, que \u00e9 onde estamos, ainda pode ter algumas caracter\u00edsticas do ver\u00e3o&#8221;, acrescenta.<\/p>\n\n\n\n<p>A Climatempo destaca ainda que o\u00a0<strong>calor intenso continuar\u00e1 nos pr\u00f3ximos dias no Centro-Sul do Brasil<\/strong>, com noites abafadas, especialmente em \u00e1reas como Mato Grosso do Sul, Paran\u00e1 e oeste de S\u00e3o Paulo, devido ao fluxo de ar quente.<\/p>\n\n\n\n<p>\ud83d\udcc5 Enquanto isso, em locais como Minas Gerais, leste de S\u00e3o Paulo, Goi\u00e1s e Distrito Federal, as temperaturas m\u00ednimas podem ser mais baixas devido \u00e0 presen\u00e7a de ar seco&nbsp;<em>(veja mapa abaixo).<\/em>&nbsp;Esse padr\u00e3o deve persistir at\u00e9 pelo menos&nbsp;<strong>2 de maio<\/strong>, podendo se estender at\u00e9 a primeira semana de maio, conforme indicam os modelos meteorol\u00f3gicos.<\/p>\n\n\n\n<figure class=\"wp-block-image\"><img data-recalc-dims=\"1\" decoding=\"async\" src=\"https:\/\/i0.wp.com\/s2-g1.glbimg.com\/hhM-9_RX9zTzzg4S9rDHn2v7ARU%3D\/0x0%3A650x818\/984x0\/smart\/filters%3Astrip_icc%28%29\/i.s3.glbimg.com\/v1\/AUTH_59edd422c0c84a879bd37670ae4f538a\/internal_photos\/bs\/2024\/U\/S\/mO47VlR6mHBdtwC5AVAw\/info-onda-calor.png?w=800&#038;ssl=1\" alt=\"Nova onda de calor ser\u00e1 a quarta do ano \u2014 Foto: Arte g1\/Kayan Albertin\"\/><\/figure>\n\n\n\n<p>Nova onda de calor ser\u00e1 a quarta do ano \u2014 Foto: Arte g1\/Kayan Albertin<\/p>\n\n\n\n<h2 class=\"wp-block-heading\">Como se forma uma onda de calor?<\/h2>\n\n\n\n<p>As ondas de calor precisam de<strong>&nbsp;dois principais fatores clim\u00e1ticos&nbsp;<\/strong>para a sua forma\u00e7\u00e3o:<\/p>\n\n\n\n<ul class=\"wp-block-list\">\n<li><strong>Massas de ar quente e seco<\/strong><\/li>\n\n\n\n<li><strong>Bloqueios atmosf\u00e9ricos<\/strong><\/li>\n<\/ul>\n\n\n\n<p>\u2601\ufe0f Maria Clara Sassaki, especialista em meteorologia, explica que esse fen\u00f4meno ocorre quando as\u00a0<strong>massas de ar quente e seco ganham for\u00e7a quando encontram um bloqueio atmosf\u00e9rico<\/strong>. Os bloqueios atmosf\u00e9ricos s\u00e3o um tipo de circula\u00e7\u00e3o de ventos no alto da atmosfera que impedem o avan\u00e7o das frentes frias.<\/p>\n\n\n\n<p>Nesse cen\u00e1rio, as frentes frias se formam, tentam avan\u00e7ar, mas encontram um bloqueio, o que as leva diretamente para o oceano. Assim, a massa de ar quente no continente vai ficando cada vez mais forte, gerando uma onda de calor.<\/p>\n\n\n\n<figure class=\"wp-block-image\"><img data-recalc-dims=\"1\" decoding=\"async\" src=\"https:\/\/i0.wp.com\/s2-g1.glbimg.com\/QLGoUMmXcPtYDIOMSRLEZJ3owY4%3D\/0x0%3A650x871\/984x0\/smart\/filters%3Astrip_icc%28%29\/i.s3.glbimg.com\/v1\/AUTH_59edd422c0c84a879bd37670ae4f538a\/internal_photos\/bs\/2024\/O\/4\/JVdqC8RxWAyPEWrpwk4A\/120324-onda-de-calor-2.jpg?w=800&#038;ssl=1\" alt=\"O bloqueio atmosf\u00e9rico impede que as frentes frias avancem, contribuindo para a manuten\u00e7\u00e3o das altas temperaturas. \u2014 Foto: Arte\/g1\"\/><\/figure>\n\n\n\n<p>O bloqueio atmosf\u00e9rico impede que as frentes frias avancem, contribuindo para a manuten\u00e7\u00e3o das altas temperaturas. \u2014 Foto: Arte\/g1<\/p>\n\n\n\n<p>\ud83c\udf21\ufe0f Os meteorologistas definem que uma&nbsp;<strong>onda de calor<\/strong>&nbsp;acontece quando a<strong>&nbsp;temperatura fica pelo menos 5\u00baC acima da m\u00e9dia por um per\u00edodo de cinco dias ou mais<\/strong>.<\/p>\n\n\n\n<p>No caso da terceira onda de calor que o pa\u00eds est\u00e1 registrando, o<strong>&nbsp;ponto mais forte do sistema&nbsp;<\/strong>est\u00e1 posicionado na regi\u00e3o do&nbsp;<strong>Chaco do Paraguai<\/strong>. Por isso locais como o oeste dos estados do Sul e o oeste paulista devem ter as maiores temperaturas.<\/p>\n\n\n\n<blockquote class=\"wp-block-quote is-layout-flow wp-block-quote-is-layout-flow\">\n<p>&#8220;Quanto mais perto da regi\u00e3o central do sistema, mais quente e seco. Quanto mais distante, menos quente e um pouco mais \u00famido&#8221;, comenta a meteorologista.<\/p>\n<\/blockquote>\n\n\n\n<p>Ela tamb\u00e9m acrescenta que o&nbsp;<a class=\"\" href=\"https:\/\/g1.globo.com\/meio-ambiente\/noticia\/2024\/02\/11\/el-nino-entra-em-fase-final-mas-efeitos-do-fenomeno-devem-ser-sentidos-ate-o-outono-alertam-meteorologistas.ghtml\">El Ni\u00f1o<\/a>&nbsp;tem uma parcela de contribui\u00e7\u00e3o para o estabelecimento das ondas de calor. O fen\u00f4meno \u00e9 respons\u00e1vel por deixar a<strong>&nbsp;atmosfera mais quente<\/strong>&nbsp;e potencializar as altas temperaturas.<\/p>\n\n\n\n<p>Combinado a isso, as&nbsp;<strong>mudan\u00e7as clim\u00e1ticas&nbsp;<\/strong>tamb\u00e9m t\u00eam contribu\u00eddo para a ocorr\u00eancia de eventos extremos, como ondas de calor.<\/p>\n\n\n\n<p>As ondas de calor s\u00e3o mais comuns no inverno e na primavera. Isso porque os bloqueios n\u00e3o s\u00e3o normais no ver\u00e3o. &#8220;Isso n\u00e3o quer dizer que eles n\u00e3o possam aparecer no ver\u00e3o, mas n\u00e3o \u00e9 algo comum&#8221;, pontua Maria Clara.<\/p>\n\n\n\n<p><\/p>\n","protected":false},"excerpt":{"rendered":"<p>\u2600\ufe0fA&nbsp;quarta onda de calor do ano no pa\u00eds j\u00e1 est\u00e1 em vigor e deve durar at\u00e9 a pr\u00f3xima semana, de acordo com os modelos meteorol\u00f3gicos. Por causa disso, segundo a Climatempo, temperaturas acima da m\u00e9dia devem ser observadas at\u00e9 a&nbsp;pr\u00f3xima quinta-feira (2) no Centro-Sul. Os term\u00f4metros \ud83c\udf21\ufe0f devem registrar as maiores marcas numa faixa que [&hellip;]<\/p>\n","protected":false},"author":2,"featured_media":11259,"comment_status":"open","ping_status":"open","sticky":false,"template":"","format":"standard","meta":{"_jetpack_memberships_contains_paid_content":false,"footnotes":""},"categories":[2],"tags":[],"class_list":["post-11258","post","type-post","status-publish","format-standard","has-post-thumbnail","hentry","category-nacional"],"aioseo_notices":[],"jetpack_featured_media_url":"https:\/\/i0.wp.com\/minutobahia24h.com.br\/wp-content\/uploads\/2024\/04\/Sem-titulo-253.jpg?fit=984%2C1154&ssl=1","jetpack_sharing_enabled":true,"_links":{"self":[{"href":"https:\/\/minutobahia24h.com.br\/index.php?rest_route=\/wp\/v2\/posts\/11258","targetHints":{"allow":["GET"]}}],"collection":[{"href":"https:\/\/minutobahia24h.com.br\/index.php?rest_route=\/wp\/v2\/posts"}],"about":[{"href":"https:\/\/minutobahia24h.com.br\/index.php?rest_route=\/wp\/v2\/types\/post"}],"author":[{"embeddable":true,"href":"https:\/\/minutobahia24h.com.br\/index.php?rest_route=\/wp\/v2\/users\/2"}],"replies":[{"embeddable":true,"href":"https:\/\/minutobahia24h.com.br\/index.php?rest_route=%2Fwp%2Fv2%2Fcomments&post=11258"}],"version-history":[{"count":1,"href":"https:\/\/minutobahia24h.com.br\/index.php?rest_route=\/wp\/v2\/posts\/11258\/revisions"}],"predecessor-version":[{"id":11260,"href":"https:\/\/minutobahia24h.com.br\/index.php?rest_route=\/wp\/v2\/posts\/11258\/revisions\/11260"}],"wp:featuredmedia":[{"embeddable":true,"href":"https:\/\/minutobahia24h.com.br\/index.php?rest_route=\/wp\/v2\/media\/11259"}],"wp:attachment":[{"href":"https:\/\/minutobahia24h.com.br\/index.php?rest_route=%2Fwp%2Fv2%2Fmedia&parent=11258"}],"wp:term":[{"taxonomy":"category","embeddable":true,"href":"https:\/\/minutobahia24h.com.br\/index.php?rest_route=%2Fwp%2Fv2%2Fcategories&post=11258"},{"taxonomy":"post_tag","embeddable":true,"href":"https:\/\/minutobahia24h.com.br\/index.php?rest_route=%2Fwp%2Fv2%2Ftags&post=11258"}],"curies":[{"name":"wp","href":"https:\/\/api.w.org\/{rel}","templated":true}]}}