{"id":11249,"date":"2024-04-23T07:35:30","date_gmt":"2024-04-23T10:35:30","guid":{"rendered":"https:\/\/minutobahia24h.com.br\/?p=11249"},"modified":"2024-04-23T07:35:31","modified_gmt":"2024-04-23T10:35:31","slug":"prefeitura-de-itiuba-emite-nota-de-esclarecimento-sobre-oque-foi-divulgado-da-creche-municipal-padre-eduardo-clemente","status":"publish","type":"post","link":"https:\/\/minutobahia24h.com.br\/?p=11249","title":{"rendered":"Prefeitura de Iti\u00faba emite nota de esclarecimento sobre oque foi divulgado da Creche Municipal Padre Eduardo Clemente"},"content":{"rendered":"<div class=\"wp-block-image\">\n<figure class=\"aligncenter size-full\"><img data-recalc-dims=\"1\" fetchpriority=\"high\" decoding=\"async\" width=\"540\" height=\"640\" src=\"https:\/\/i0.wp.com\/minutobahia24h.com.br\/wp-content\/uploads\/2024\/04\/Sem-titulo-250.jpg?resize=540%2C640&#038;ssl=1\" alt=\"\" class=\"wp-image-11250\" srcset=\"https:\/\/i0.wp.com\/minutobahia24h.com.br\/wp-content\/uploads\/2024\/04\/Sem-titulo-250.jpg?w=540&amp;ssl=1 540w, https:\/\/i0.wp.com\/minutobahia24h.com.br\/wp-content\/uploads\/2024\/04\/Sem-titulo-250.jpg?resize=253%2C300&amp;ssl=1 253w\" sizes=\"(max-width: 540px) 100vw, 540px\" \/><\/figure>\n<\/div>\n\n\n<p><\/p>\n\n\n\n<p>NOTA DE ESCLARECIMENTO!\u00a0<\/p>\n\n\n\n<p>N\u00f3s da Creche Municipal Padre Eduardo Clemente declaramos publicamente que n\u00e3o compactuamos com qualquer conduta ilegal, por parte de nosso quadro de funcion\u00e1rios, n\u00e3o podemos de forma sum\u00e1ria, julgar qualquer profissional sem que sejam comprovadas, perante ju\u00edzo, todas as acusa\u00e7\u00f5es que foram feitas, a algum componente da nossa institui\u00e7\u00e3o.<\/p>\n\n\n\n<p>Atuamos de forma \u00e9tica e transparente, sempre com a efetiva participa\u00e7\u00e3o das fam\u00edlias que fazem parte de nossa hist\u00f3ria dedicada ao ensino. No dia 26\/03 (vinte e seis de mar\u00e7o) realizamos uma reuni\u00e3o de pais e mestre, onde na mesma esclarecemos que quando as crian\u00e7as estivessem doentes por qualquer situa\u00e7\u00e3o que as m\u00e3es (N\u00c3O) os mandassem para a creche principalmente quando fosse por uma gripe, pois gripe \u00e9 um v\u00edrus que gradativamente passa de um para o outro. Hoje segunda-feira 22 de abril teve um ocorrido em que uma crian\u00e7a de um ano e oito meses vomitou na escola duas vezes e na segunda vez vomitou s\u00f3 catarro e a crian\u00e7a estava com coriza nasal, tentando evitar que algo pior acontecesse a diretora ligou para a m\u00e3e da crian\u00e7a e explicou toda a situa\u00e7\u00e3o, devido essa liga\u00e7\u00e3o a m\u00e3e veio na unidade de ensino fazer filmagens indevidas as quais n\u00e3o mostram qualquer irregularidade dentro da sala de aula a mesma divulgou v\u00eddeos e \u00e1udios difamando todo o corpo docente da referida unidade escolar. Portanto n\u00e3o procedem a informa\u00e7\u00f5es divulgadas nas redes s\u00f3cias de que algo desse tipo venha acontecendo na institui\u00e7\u00e3o escolar. N\u00f3s j\u00e1 tomamos todas as provid\u00eancias cab\u00edveis diante esse ocorrido.<\/p>\n\n\n\n<p>Informamos tamb\u00e9m que o Conselho Tutelar de Iti\u00faba j\u00e1 est\u00e1 por dentro de todo ocorrido e j\u00e1 foi acionado pela dire\u00e7\u00e3o da creche.<\/p>\n\n\n\n<p>Por fim, reiteramos o respeito pelo importante trabalho realizado pelos profissionais da educa\u00e7\u00e3o, tendo a certeza do trabalho realizado e do empenho de todo o corpo docente da Creche M. Padre Eduardo Clemente, est\u00e1 apto a qualquer esclarecimento.<\/p>\n\n\n\n<p>Agradecemos a aten\u00e7\u00e3o e compress\u00e3o de todos (as)!<\/p>\n\n\n\n<p>blogdonettomaravilha<\/p>\n","protected":false},"excerpt":{"rendered":"<p>NOTA DE ESCLARECIMENTO!\u00a0 N\u00f3s da Creche Municipal Padre Eduardo Clemente declaramos publicamente que n\u00e3o compactuamos com qualquer conduta ilegal, por parte de nosso quadro de funcion\u00e1rios, n\u00e3o podemos de forma sum\u00e1ria, julgar qualquer profissional sem que sejam comprovadas, perante ju\u00edzo, todas as acusa\u00e7\u00f5es que foram feitas, a algum componente da nossa institui\u00e7\u00e3o. Atuamos de forma [&hellip;]<\/p>\n","protected":false},"author":2,"featured_media":11250,"comment_status":"open","ping_status":"open","sticky":false,"template":"","format":"standard","meta":{"_jetpack_memberships_contains_paid_content":false,"footnotes":""},"categories":[37],"tags":[],"class_list":["post-11249","post","type-post","status-publish","format-standard","has-post-thumbnail","hentry","category-itiuba"],"aioseo_notices":[],"jetpack_featured_media_url":"https:\/\/i0.wp.com\/minutobahia24h.com.br\/wp-content\/uploads\/2024\/04\/Sem-titulo-250.jpg?fit=540%2C640&ssl=1","jetpack_sharing_enabled":true,"_links":{"self":[{"href":"https:\/\/minutobahia24h.com.br\/index.php?rest_route=\/wp\/v2\/posts\/11249","targetHints":{"allow":["GET"]}}],"collection":[{"href":"https:\/\/minutobahia24h.com.br\/index.php?rest_route=\/wp\/v2\/posts"}],"about":[{"href":"https:\/\/minutobahia24h.com.br\/index.php?rest_route=\/wp\/v2\/types\/post"}],"author":[{"embeddable":true,"href":"https:\/\/minutobahia24h.com.br\/index.php?rest_route=\/wp\/v2\/users\/2"}],"replies":[{"embeddable":true,"href":"https:\/\/minutobahia24h.com.br\/index.php?rest_route=%2Fwp%2Fv2%2Fcomments&post=11249"}],"version-history":[{"count":1,"href":"https:\/\/minutobahia24h.com.br\/index.php?rest_route=\/wp\/v2\/posts\/11249\/revisions"}],"predecessor-version":[{"id":11251,"href":"https:\/\/minutobahia24h.com.br\/index.php?rest_route=\/wp\/v2\/posts\/11249\/revisions\/11251"}],"wp:featuredmedia":[{"embeddable":true,"href":"https:\/\/minutobahia24h.com.br\/index.php?rest_route=\/wp\/v2\/media\/11250"}],"wp:attachment":[{"href":"https:\/\/minutobahia24h.com.br\/index.php?rest_route=%2Fwp%2Fv2%2Fmedia&parent=11249"}],"wp:term":[{"taxonomy":"category","embeddable":true,"href":"https:\/\/minutobahia24h.com.br\/index.php?rest_route=%2Fwp%2Fv2%2Fcategories&post=11249"},{"taxonomy":"post_tag","embeddable":true,"href":"https:\/\/minutobahia24h.com.br\/index.php?rest_route=%2Fwp%2Fv2%2Ftags&post=11249"}],"curies":[{"name":"wp","href":"https:\/\/api.w.org\/{rel}","templated":true}]}}