{"id":11138,"date":"2024-04-19T08:00:02","date_gmt":"2024-04-19T11:00:02","guid":{"rendered":"https:\/\/minutobahia24h.com.br\/?p=11138"},"modified":"2024-04-19T08:00:03","modified_gmt":"2024-04-19T11:00:03","slug":"arqueologos-encontram-espada-viking-de-3-mil-anos-na-alemanha","status":"publish","type":"post","link":"https:\/\/minutobahia24h.com.br\/?p=11138","title":{"rendered":"Arque\u00f3logos encontram espada viking de 3 mil anos, na Alemanha"},"content":{"rendered":"<div class=\"wp-block-image\">\n<figure class=\"aligncenter size-full\"><img data-recalc-dims=\"1\" fetchpriority=\"high\" decoding=\"async\" width=\"800\" height=\"532\" src=\"https:\/\/i0.wp.com\/minutobahia24h.com.br\/wp-content\/uploads\/2024\/04\/Sem-titulo-223.jpg?resize=800%2C532&#038;ssl=1\" alt=\"\" class=\"wp-image-11139\" srcset=\"https:\/\/i0.wp.com\/minutobahia24h.com.br\/wp-content\/uploads\/2024\/04\/Sem-titulo-223.jpg?w=888&amp;ssl=1 888w, https:\/\/i0.wp.com\/minutobahia24h.com.br\/wp-content\/uploads\/2024\/04\/Sem-titulo-223.jpg?resize=300%2C200&amp;ssl=1 300w, https:\/\/i0.wp.com\/minutobahia24h.com.br\/wp-content\/uploads\/2024\/04\/Sem-titulo-223.jpg?resize=768%2C511&amp;ssl=1 768w, https:\/\/i0.wp.com\/minutobahia24h.com.br\/wp-content\/uploads\/2024\/04\/Sem-titulo-223.jpg?resize=750%2C499&amp;ssl=1 750w\" sizes=\"(max-width: 800px) 100vw, 800px\" \/><figcaption class=\"wp-element-caption\">A espada de bronze Viking ajudou a entender como era a vida daqueles guerreiros no sul da Alemanha \u2014 Foto: Arch\u00e4ologie-B\u00fcro Dr. Woidich \/ Sergiu Tifui<br><\/figcaption><\/figure>\n<\/div>\n\n\n<p>A descoberta de uma espada viking da Idade do Bronze permitiu aos arque\u00f3logos reconstruir um momento crucial na hist\u00f3ria do interior da Alemanha, ocorrido h\u00e1 3 mil anos. Esta arma foi considerada uma prova do poder militar e influ\u00eancia dessa popula\u00e7\u00e3o guerreira. A escava\u00e7\u00e3o ocorreu no s\u00edtio arqueol\u00f3gico da cidade de N\u00f6rdlingen, no estado da Baviera.<\/p>\n\n\n\n<p>A descoberta deste tipo de espadas \u00e9 comum nos pa\u00edses escandinavos, onde a presen\u00e7a viking teve sua maior concentra\u00e7\u00e3o. No entanto, por ser um povo navegante e colonizador, expandiu-se por diferentes territ\u00f3rios do norte da Europa continental, inclusive at\u00e9 as ilhas brit\u00e2nicas. Esta espada \u00e9 um exemplo das outras encontradas at\u00e9 o momento, apenas suas condi\u00e7\u00f5es resultaram \u00fanicas.<\/p>\n\n\n\n<p>As escava\u00e7\u00f5es come\u00e7aram em 2023, lideradas pela Oficina Estatal de Conserva\u00e7\u00e3o de Monumentos da Baviera, conforme relatado pela m\u00eddia especializada Archaeology News, sobre uma s\u00e9rie de t\u00famulos funer\u00e1rios. Durante o trabalho realizado l\u00e1, depararam-se com os esqueletos de um homem, uma mulher e uma crian\u00e7a. Ao lado do adulto masculino estava esta espada em perfeito estado, o que foi estranho para os arque\u00f3logos da regi\u00e3o, pois durante a antiguidade e o s\u00e9culo XIX, essas tumbas foram saqueadas.<\/p>\n\n\n\n<figure class=\"wp-block-image\"><img decoding=\"async\" src=\"https:\/\/s2-oglobo.glbimg.com\/ZMuU1j8sYk2qLtlpv8BavZn2pOo=\/0x0:780x975\/984x0\/smart\/filters:strip_icc()\/i.s3.glbimg.com\/v1\/AUTH_da025474c0c44edd99332dddb09cabe8\/internal_photos\/bs\/2024\/m\/P\/DUdQL1SZuag2iVFvGXNA\/esta-espada-de-bronce-data-de-hace-3000-anos-y-3slphclkjfertfshy4wpweswhi.avif\" alt=\"A espada de bronze Viking ajudou a entender como era a vida daqueles guerreiros no sul da Alemanha \u2014 Foto: Arch\u00e4ologie-B\u00fcro Dr. Woidich \/ Sergiu Tifui\"\/><figcaption class=\"wp-element-caption\">A espada de bronze Viking ajudou a entender como era a vida daqueles guerreiros no sul da Alemanha \u2014 Foto: Arch\u00e4ologie-B\u00fcro Dr. Woidich \/ Sergiu Tifui<\/figcaption><\/figure>\n\n\n\n<p>No entanto, al\u00e9m da arma, tamb\u00e9m havia outros elementos de bronze, como acess\u00f3rios pr\u00f3prios dos ritos funer\u00e1rios celtas. Estima-se que sua origem remonta ao s\u00e9culo XIV a.C. A espada apresenta um punho octogonal atrav\u00e9s da sobreposi\u00e7\u00e3o do cabo sobre a l\u00e2mina. Quanto \u00e0 l\u00e2mina, n\u00e3o mostrou sinais de impacto, ent\u00e3o acredita-se que possa ter sido fabricada para ser enterrada com a fam\u00edlia. At\u00e9 se especula que os restos pertencem a um alto funcion\u00e1rio militar.<\/p>\n\n\n\n<h2 class=\"wp-block-heading\">A import\u00e2ncia da descoberta para entender a expans\u00e3o viking<\/h2>\n\n\n\n<p>Esta descoberta pertence ao patrim\u00f4nio cultural e hist\u00f3rico da Baviera (e de toda a Alemanha), pois marca a passagem dos vikings por sua cultura. A espada foi submetida a investiga\u00e7\u00e3o para determinar se sua origem pode ter sido local ou importada.<\/p>\n\n\n\n<p>Por enquanto, ajudou a entender que na \u00e9poca existiam tr\u00eas centros de distribui\u00e7\u00e3o deste tipo de espadas fabricadas com caracter\u00edsticas semelhantes no norte da Europa continental: ao norte e sul da Alemanha e um terceiro na Dinamarca.<\/p>\n\n\n\n<figure class=\"wp-block-image\"><img data-recalc-dims=\"1\" decoding=\"async\" src=\"https:\/\/i0.wp.com\/s2-oglobo.glbimg.com\/Aiy3v0OWaj5aBqWao1Z8bAn725E%3D\/0x0%3A1000x563\/984x0\/smart\/filters%3Astrip_icc%28%29\/i.s3.glbimg.com\/v1\/AUTH_da025474c0c44edd99332dddb09cabe8\/internal_photos\/bs\/2024\/v\/C\/TSHSVSTIyeMzMyxtqPAQ\/vikings.png?w=800&#038;ssl=1\" alt=\"Cena de &quot;Vikings&quot; \u2014 Foto: Divulga\u00e7\u00e3o\"\/><figcaption class=\"wp-element-caption\">Cena de &#8220;Vikings&#8221; \u2014 Foto: Divulga\u00e7\u00e3o<\/figcaption><\/figure>\n\n\n\n<p>Isso trouxe \u00e0 luz as habilidades metal\u00fargicas da cultura Urnfield, que surgiu em 1300 a.C e derivou de uma evolu\u00e7\u00e3o anterior conhecida como Tumulus. A especialidade desta comunidade foi o desenvolvimento de armaduras e armas de bronze.<\/p>\n\n\n\n<p>Atualmente, a espada est\u00e1 sob posse do Gabinete de Arqueologia Dr. Woidich, local que realiza a pesquisa deste tipo de objetos, com o objetivo de conhecer a liga que a comp\u00f5e. Ao mesmo tempo, os esqueletos foram removidos do s\u00edtio para posterior conserva\u00e7\u00e3o e estudo antropol\u00f3gico.<\/p>\n\n\n\n<h2 class=\"wp-block-heading\">A presen\u00e7a viking na Alemanha<\/h2>\n\n\n\n<p>Segundo a Universidade de Aarhus, da Dinamarca, em 2012 foi descoberta a primeira cidade viking ao norte da Alemanha, em F\u00fcsing, o que evidenciou a expans\u00e3o desse povo pela regi\u00e3o. Al\u00e9m disso, forneceu informa\u00e7\u00f5es valiosas sobre a organiza\u00e7\u00e3o militar e o planejamento urbano da mesma.<\/p>\n\n\n\n<figure class=\"wp-block-image\"><img decoding=\"async\" src=\"https:\/\/s2-oglobo.glbimg.com\/iQq9Y3YOiiq-1XfxxIQRzrnmukA=\/0x0:780x1464\/984x0\/smart\/filters:strip_icc()\/i.s3.glbimg.com\/v1\/AUTH_da025474c0c44edd99332dddb09cabe8\/internal_photos\/bs\/2024\/3\/Y\/phyAjdRKm1vOiLkclcEQ\/2a3c8d5f-27b9-4b6c-ae92-f4316a0c5080.avif\" alt=\"A espada de bronze Viking ajudou a entender como era a vida daqueles guerreiros no sul da Alemanha \u2014 Foto: Arch\u00e4ologie-B\u00fcro Dr. Woidich \/ Sergiu Tifui\"\/><figcaption class=\"wp-element-caption\">A espada de bronze Viking ajudou a entender como era a vida daqueles guerreiros no sul da Alemanha \u2014 Foto: Arch\u00e4ologie-B\u00fcro Dr. Woidich \/ Sergiu Tifui<\/figcaption><\/figure>\n\n\n\n<p>Por sua vez, em Haithabu, Schleswig, h\u00e1 um museu ao ar livre constru\u00eddo sobre um s\u00edtio arqueol\u00f3gico viking do s\u00e9culo X; uma amostra de como era e funcionava aquele centro comercial h\u00e1 mais de 1100 anos. Isso indica que a presen\u00e7a no pa\u00eds germ\u00e2nico estava estabelecida ali h\u00e1 v\u00e1rios s\u00e9culos antes.<\/p>\n","protected":false},"excerpt":{"rendered":"<p>A descoberta de uma espada viking da Idade do Bronze permitiu aos arque\u00f3logos reconstruir um momento crucial na hist\u00f3ria do interior da Alemanha, ocorrido h\u00e1 3 mil anos. Esta arma foi considerada uma prova do poder militar e influ\u00eancia dessa popula\u00e7\u00e3o guerreira. A escava\u00e7\u00e3o ocorreu no s\u00edtio arqueol\u00f3gico da cidade de N\u00f6rdlingen, no estado da [&hellip;]<\/p>\n","protected":false},"author":2,"featured_media":11139,"comment_status":"open","ping_status":"open","sticky":false,"template":"","format":"standard","meta":{"_jetpack_memberships_contains_paid_content":false,"footnotes":""},"categories":[15],"tags":[],"class_list":["post-11138","post","type-post","status-publish","format-standard","has-post-thumbnail","hentry","category-mundo"],"aioseo_notices":[],"jetpack_featured_media_url":"https:\/\/i0.wp.com\/minutobahia24h.com.br\/wp-content\/uploads\/2024\/04\/Sem-titulo-223.jpg?fit=888%2C591&ssl=1","jetpack_sharing_enabled":true,"_links":{"self":[{"href":"https:\/\/minutobahia24h.com.br\/index.php?rest_route=\/wp\/v2\/posts\/11138","targetHints":{"allow":["GET"]}}],"collection":[{"href":"https:\/\/minutobahia24h.com.br\/index.php?rest_route=\/wp\/v2\/posts"}],"about":[{"href":"https:\/\/minutobahia24h.com.br\/index.php?rest_route=\/wp\/v2\/types\/post"}],"author":[{"embeddable":true,"href":"https:\/\/minutobahia24h.com.br\/index.php?rest_route=\/wp\/v2\/users\/2"}],"replies":[{"embeddable":true,"href":"https:\/\/minutobahia24h.com.br\/index.php?rest_route=%2Fwp%2Fv2%2Fcomments&post=11138"}],"version-history":[{"count":1,"href":"https:\/\/minutobahia24h.com.br\/index.php?rest_route=\/wp\/v2\/posts\/11138\/revisions"}],"predecessor-version":[{"id":11140,"href":"https:\/\/minutobahia24h.com.br\/index.php?rest_route=\/wp\/v2\/posts\/11138\/revisions\/11140"}],"wp:featuredmedia":[{"embeddable":true,"href":"https:\/\/minutobahia24h.com.br\/index.php?rest_route=\/wp\/v2\/media\/11139"}],"wp:attachment":[{"href":"https:\/\/minutobahia24h.com.br\/index.php?rest_route=%2Fwp%2Fv2%2Fmedia&parent=11138"}],"wp:term":[{"taxonomy":"category","embeddable":true,"href":"https:\/\/minutobahia24h.com.br\/index.php?rest_route=%2Fwp%2Fv2%2Fcategories&post=11138"},{"taxonomy":"post_tag","embeddable":true,"href":"https:\/\/minutobahia24h.com.br\/index.php?rest_route=%2Fwp%2Fv2%2Ftags&post=11138"}],"curies":[{"name":"wp","href":"https:\/\/api.w.org\/{rel}","templated":true}]}}