{"id":11126,"date":"2024-04-19T07:28:23","date_gmt":"2024-04-19T10:28:23","guid":{"rendered":"https:\/\/minutobahia24h.com.br\/?p=11126"},"modified":"2024-04-19T07:28:25","modified_gmt":"2024-04-19T10:28:25","slug":"ministerio-da-saude-amplia-faixa-etaria-para-vacinacao-contra-a-dengue","status":"publish","type":"post","link":"https:\/\/minutobahia24h.com.br\/?p=11126","title":{"rendered":"Minist\u00e9rio da Sa\u00fade amplia faixa et\u00e1ria para vacina\u00e7\u00e3o contra a Dengue"},"content":{"rendered":"<div class=\"wp-block-image\">\n<figure class=\"aligncenter size-full\"><img data-recalc-dims=\"1\" fetchpriority=\"high\" decoding=\"async\" width=\"565\" height=\"422\" src=\"https:\/\/i0.wp.com\/minutobahia24h.com.br\/wp-content\/uploads\/2024\/04\/Sem-titulo-219.jpg?resize=565%2C422&#038;ssl=1\" alt=\"\" class=\"wp-image-11127\" srcset=\"https:\/\/i0.wp.com\/minutobahia24h.com.br\/wp-content\/uploads\/2024\/04\/Sem-titulo-219.jpg?w=565&amp;ssl=1 565w, https:\/\/i0.wp.com\/minutobahia24h.com.br\/wp-content\/uploads\/2024\/04\/Sem-titulo-219.jpg?resize=300%2C224&amp;ssl=1 300w\" sizes=\"(max-width: 565px) 100vw, 565px\" \/><\/figure>\n<\/div>\n\n\n<p>Nesta quinta-feira (18), o Minist\u00e9rio da Sa\u00fade anunciou a amplia\u00e7\u00e3o da faixa et\u00e1ria eleg\u00edvel para a vacina\u00e7\u00e3o contra a Dengue. Anteriormente restrita a jovens de 10 a 14 anos, a cobertura foi estendida para incluir crian\u00e7as e adolescentes de 6 a 16 anos. O ajuste visa aproveitar as doses pr\u00f3ximas do vencimento em 30 de abril. At\u00e9 agora, a Bahia distribuiu 170.469 doses para 125 munic\u00edpios, mas cerca de 22 mil doses com validade at\u00e9 abril ainda n\u00e3o foram utilizadas.<\/p>\n\n\n\n<p>O documento ministerial indica que a estrat\u00e9gia poder\u00e1 se expandir para pessoas de at\u00e9 59 anos e 11 meses, dependendo do estoque dispon\u00edvel nos munic\u00edpios.<\/p>\n\n\n\n<p>A secret\u00e1ria da Sa\u00fade do Estado da Bahia, Roberta Santana, avalia que, \u201cal\u00e9m de assegurar a segunda dose para todos que iniciarem o esquema vacinal, a medida ministerial busca reduzir a incid\u00eancia de Dengue entre a popula\u00e7\u00e3o mais jovem e otimizar recursos\u201d.<\/p>\n\n\n\n<p>diganews<\/p>\n","protected":false},"excerpt":{"rendered":"<p>Nesta quinta-feira (18), o Minist\u00e9rio da Sa\u00fade anunciou a amplia\u00e7\u00e3o da faixa et\u00e1ria eleg\u00edvel para a vacina\u00e7\u00e3o contra a Dengue. Anteriormente restrita a jovens de 10 a 14 anos, a cobertura foi estendida para incluir crian\u00e7as e adolescentes de 6 a 16 anos. O ajuste visa aproveitar as doses pr\u00f3ximas do vencimento em 30 de [&hellip;]<\/p>\n","protected":false},"author":2,"featured_media":11127,"comment_status":"open","ping_status":"open","sticky":false,"template":"","format":"standard","meta":{"_jetpack_memberships_contains_paid_content":false,"footnotes":""},"categories":[18],"tags":[],"class_list":["post-11126","post","type-post","status-publish","format-standard","has-post-thumbnail","hentry","category-saude"],"aioseo_notices":[],"jetpack_featured_media_url":"https:\/\/i0.wp.com\/minutobahia24h.com.br\/wp-content\/uploads\/2024\/04\/Sem-titulo-219.jpg?fit=565%2C422&ssl=1","jetpack_sharing_enabled":true,"_links":{"self":[{"href":"https:\/\/minutobahia24h.com.br\/index.php?rest_route=\/wp\/v2\/posts\/11126","targetHints":{"allow":["GET"]}}],"collection":[{"href":"https:\/\/minutobahia24h.com.br\/index.php?rest_route=\/wp\/v2\/posts"}],"about":[{"href":"https:\/\/minutobahia24h.com.br\/index.php?rest_route=\/wp\/v2\/types\/post"}],"author":[{"embeddable":true,"href":"https:\/\/minutobahia24h.com.br\/index.php?rest_route=\/wp\/v2\/users\/2"}],"replies":[{"embeddable":true,"href":"https:\/\/minutobahia24h.com.br\/index.php?rest_route=%2Fwp%2Fv2%2Fcomments&post=11126"}],"version-history":[{"count":1,"href":"https:\/\/minutobahia24h.com.br\/index.php?rest_route=\/wp\/v2\/posts\/11126\/revisions"}],"predecessor-version":[{"id":11128,"href":"https:\/\/minutobahia24h.com.br\/index.php?rest_route=\/wp\/v2\/posts\/11126\/revisions\/11128"}],"wp:featuredmedia":[{"embeddable":true,"href":"https:\/\/minutobahia24h.com.br\/index.php?rest_route=\/wp\/v2\/media\/11127"}],"wp:attachment":[{"href":"https:\/\/minutobahia24h.com.br\/index.php?rest_route=%2Fwp%2Fv2%2Fmedia&parent=11126"}],"wp:term":[{"taxonomy":"category","embeddable":true,"href":"https:\/\/minutobahia24h.com.br\/index.php?rest_route=%2Fwp%2Fv2%2Fcategories&post=11126"},{"taxonomy":"post_tag","embeddable":true,"href":"https:\/\/minutobahia24h.com.br\/index.php?rest_route=%2Fwp%2Fv2%2Ftags&post=11126"}],"curies":[{"name":"wp","href":"https:\/\/api.w.org\/{rel}","templated":true}]}}