{"id":11087,"date":"2024-04-18T08:47:07","date_gmt":"2024-04-18T11:47:07","guid":{"rendered":"https:\/\/minutobahia24h.com.br\/?p=11087"},"modified":"2024-04-18T08:47:09","modified_gmt":"2024-04-18T11:47:09","slug":"lira-deve-priorizar-pautas-bombas-em-meio-a-embate-com-planalto","status":"publish","type":"post","link":"https:\/\/minutobahia24h.com.br\/?p=11087","title":{"rendered":"Lira deve priorizar pautas-bombas em meio a embate com Planalto"},"content":{"rendered":"<div class=\"wp-block-image\">\n<figure class=\"aligncenter size-full\"><img data-recalc-dims=\"1\" fetchpriority=\"high\" decoding=\"async\" width=\"600\" height=\"420\" src=\"https:\/\/i0.wp.com\/minutobahia24h.com.br\/wp-content\/uploads\/2024\/04\/Sem-titulo-209.jpg?resize=600%2C420&#038;ssl=1\" alt=\"\" class=\"wp-image-11088\" srcset=\"https:\/\/i0.wp.com\/minutobahia24h.com.br\/wp-content\/uploads\/2024\/04\/Sem-titulo-209.jpg?w=600&amp;ssl=1 600w, https:\/\/i0.wp.com\/minutobahia24h.com.br\/wp-content\/uploads\/2024\/04\/Sem-titulo-209.jpg?resize=300%2C210&amp;ssl=1 300w\" sizes=\"(max-width: 600px) 100vw, 600px\" \/><figcaption class=\"wp-element-caption\">Foto: Lula Marques\/Ag\u00eancia Brasil<br><\/figcaption><\/figure>\n<\/div>\n\n\n<p>A queda de bra\u00e7o entre membros do primeiro escal\u00e3o do governo de Luiz In\u00e1cio Lula da Silva (PT) e o presidente da C\u00e2mara dos Deputados, Arthur Lira (Progressistas-AL), tem se estendido, e o pr\u00f3ximo tende as pautas-bomba para o Executivo.<\/p>\n\n\n\n<p>A reuni\u00e3o de Arthur Lira com os l\u00edderes partid\u00e1rios da C\u00e2mara, na ter\u00e7a-feira (16), teve como destaque o destrave de propostas defendidas pelo governo Lula. Entre os itens, est\u00e3o a cria\u00e7\u00e3o de cinco Comiss\u00f5es Parlamentares de Inqu\u00e9rito (CPIs) [n\u00famero m\u00e1ximo que podem funcionar de forma simult\u00e2nea na Casa] e de um grupo de trabalho (GT) para discutir o foro privilegiado. Na mira ainda, pautas que v\u00e3o de encontro ao Movimento dos Sem Terra (MST).&nbsp; O debate sobre o \u201cTwitter Files Brasil\u201d, uma esp\u00e9cie de dossi\u00ea que acusa o ministro Alexandre de Moraes, do Supremo Tribunal Federal (STF), de cercear a liberdade de express\u00e3o no Brasil n\u00e3o deve ficar de fora.<\/p>\n\n\n\n<p>Contudo, conforme o Metr\u00f3poles, o encontro do presidente da C\u00e2mara com os parlamentares teve como \u2018pano de fundo\u2019 as declara\u00e7\u00f5es do pol\u00edtico alagoano contra o ministro Alexandre Padilha, das Rela\u00e7\u00f5es Institucionais.<\/p>\n\n\n\n<p>\u201cEssa not\u00edcia hoje, que voc\u00ea est\u00e1 tentando verbalizar, porque os grandes jornais fizeram, foi vazada do governo e basicamente do ministro Padilha, que \u00e9 um desafeto, al\u00e9m de pessoal, incompetente. N\u00e3o existe partidariza\u00e7\u00e3o, eu deixei bem claro que ontem a vota\u00e7\u00e3o era de cunho individual, cada deputado \u00e9 respons\u00e1vel pelo voto que deu. N\u00e3o tem nada a ver\u201d, disse Lira ao comentar a manuten\u00e7\u00e3o da pris\u00e3o de Chiquinho Braz\u00e3o (sem partido-RJ) no plen\u00e1rio da Casa.<\/p>\n\n\n\n<p>Arthur Lira sinalizou a cria\u00e7\u00e3o de um GT para discutir propostas sobre o foro privilegiado, mas dever\u00e1 aguardar manifesta\u00e7\u00e3o de outros parlamentares para conseguir maioria. O tema tem sido debatido no Supremo Tribunal Federal (STF). O presidente da C\u00e2mara dever\u00e1 decidir nos pr\u00f3ximos dias os nomes que ir\u00e3o compor o grupo, mas n\u00e3o h\u00e1 uma data definida para instala\u00e7\u00e3o. Outra medida adotada pelo l\u00edder alagoano \u00e9 a vota\u00e7\u00e3o de temas sens\u00edveis para o governo.<\/p>\n\n\n\n<p>Nessa ter\u00e7a-feira (16), o plen\u00e1rio da C\u00e2mara aprovou o regime de urg\u00eancia de um projeto de lei para sancionar invasores de terras em \u00e1reas rurais e urbanas, tema esse que vai de encontro com os membros do Movimento dos Sem Terra (MST), grupo que defendeu a elei\u00e7\u00e3o de Lula em 2022.<\/p>\n\n\n\n<p>Se tratando de MST, Lira dever\u00e1 trabalhar para acelerar a discuss\u00e3o de temas da bancada do agro como resposta ao Abril Vermelho, que marca o per\u00edodo de intensa invas\u00e3o de terras.<\/p>\n\n\n\n<p>Arthur Lira tamb\u00e9m dever\u00e1 realizar uma audi\u00eancia p\u00fablica com o jornalista Michael Shellenberger para debater o \u201cTwitter Files Brasil\u201d, uma esp\u00e9cie de dossi\u00ea que acusa o ministro Alexandre de Moraes, do STF, de cercear a liberdade de express\u00e3o no Brasil.<\/p>\n\n\n\n<p>Ainda, o presidente da C\u00e2mara se reuniu, nessa quarta-feira (17), com o ministro Alexandre de Moraes a portas fechadas e fora da agenda oficial. O tema do encontro n\u00e3o foi revelado, no entanto, logo depois Arthur Lira teria ligado para o presidente do STF, Lu\u00eds Roberto Barroso, no tom mais harm\u00f4nico sobre a rela\u00e7\u00e3o entre os poderes, como mostrou a coluna de Igor Gadelha.<\/p>\n\n\n\n<p>Bahia.ba<\/p>\n","protected":false},"excerpt":{"rendered":"<p>A queda de bra\u00e7o entre membros do primeiro escal\u00e3o do governo de Luiz In\u00e1cio Lula da Silva (PT) e o presidente da C\u00e2mara dos Deputados, Arthur Lira (Progressistas-AL), tem se estendido, e o pr\u00f3ximo tende as pautas-bomba para o Executivo. A reuni\u00e3o de Arthur Lira com os l\u00edderes partid\u00e1rios da C\u00e2mara, na ter\u00e7a-feira (16), teve [&hellip;]<\/p>\n","protected":false},"author":2,"featured_media":11088,"comment_status":"open","ping_status":"open","sticky":false,"template":"","format":"standard","meta":{"_jetpack_memberships_contains_paid_content":false,"footnotes":""},"categories":[39],"tags":[],"class_list":["post-11087","post","type-post","status-publish","format-standard","has-post-thumbnail","hentry","category-politica"],"aioseo_notices":[],"jetpack_featured_media_url":"https:\/\/i0.wp.com\/minutobahia24h.com.br\/wp-content\/uploads\/2024\/04\/Sem-titulo-209.jpg?fit=600%2C420&ssl=1","jetpack_sharing_enabled":true,"_links":{"self":[{"href":"https:\/\/minutobahia24h.com.br\/index.php?rest_route=\/wp\/v2\/posts\/11087","targetHints":{"allow":["GET"]}}],"collection":[{"href":"https:\/\/minutobahia24h.com.br\/index.php?rest_route=\/wp\/v2\/posts"}],"about":[{"href":"https:\/\/minutobahia24h.com.br\/index.php?rest_route=\/wp\/v2\/types\/post"}],"author":[{"embeddable":true,"href":"https:\/\/minutobahia24h.com.br\/index.php?rest_route=\/wp\/v2\/users\/2"}],"replies":[{"embeddable":true,"href":"https:\/\/minutobahia24h.com.br\/index.php?rest_route=%2Fwp%2Fv2%2Fcomments&post=11087"}],"version-history":[{"count":1,"href":"https:\/\/minutobahia24h.com.br\/index.php?rest_route=\/wp\/v2\/posts\/11087\/revisions"}],"predecessor-version":[{"id":11089,"href":"https:\/\/minutobahia24h.com.br\/index.php?rest_route=\/wp\/v2\/posts\/11087\/revisions\/11089"}],"wp:featuredmedia":[{"embeddable":true,"href":"https:\/\/minutobahia24h.com.br\/index.php?rest_route=\/wp\/v2\/media\/11088"}],"wp:attachment":[{"href":"https:\/\/minutobahia24h.com.br\/index.php?rest_route=%2Fwp%2Fv2%2Fmedia&parent=11087"}],"wp:term":[{"taxonomy":"category","embeddable":true,"href":"https:\/\/minutobahia24h.com.br\/index.php?rest_route=%2Fwp%2Fv2%2Fcategories&post=11087"},{"taxonomy":"post_tag","embeddable":true,"href":"https:\/\/minutobahia24h.com.br\/index.php?rest_route=%2Fwp%2Fv2%2Ftags&post=11087"}],"curies":[{"name":"wp","href":"https:\/\/api.w.org\/{rel}","templated":true}]}}