{"id":11069,"date":"2024-04-18T07:51:45","date_gmt":"2024-04-18T10:51:45","guid":{"rendered":"https:\/\/minutobahia24h.com.br\/?p=11069"},"modified":"2024-04-18T07:51:46","modified_gmt":"2024-04-18T10:51:46","slug":"vereadores-de-dias-davila-aprovam-reajuste-de-r-046-para-professores-diz-sindicato","status":"publish","type":"post","link":"https:\/\/minutobahia24h.com.br\/?p=11069","title":{"rendered":"Vereadores de Dias D&#8217;\u00c1vila aprovam reajuste de R$ 0,46 para professores, diz sindicato"},"content":{"rendered":"<div class=\"wp-block-image\">\n<figure class=\"aligncenter size-full\"><img data-recalc-dims=\"1\" fetchpriority=\"high\" decoding=\"async\" width=\"421\" height=\"237\" src=\"https:\/\/i0.wp.com\/minutobahia24h.com.br\/wp-content\/uploads\/2024\/04\/Sem-titulo-203.jpg?resize=421%2C237&#038;ssl=1\" alt=\"\" class=\"wp-image-11070\" srcset=\"https:\/\/i0.wp.com\/minutobahia24h.com.br\/wp-content\/uploads\/2024\/04\/Sem-titulo-203.jpg?w=421&amp;ssl=1 421w, https:\/\/i0.wp.com\/minutobahia24h.com.br\/wp-content\/uploads\/2024\/04\/Sem-titulo-203.jpg?resize=300%2C169&amp;ssl=1 300w\" sizes=\"(max-width: 421px) 100vw, 421px\" \/><\/figure>\n<\/div>\n\n\n<p>Parte dos professores da rede municipal de Dias D\u2019\u00c1vila, na regi\u00e3o metropolitana de Salvador (BA), receberam um reajuste salarial de R$ 0,46, segundo o Sindicato dos Trabalhadores em Educa\u00e7\u00e3o do Estado da Bahia (APLB). A C\u00e2mara de Vereadores de Dias d\u2019\u00c1vila aprovou a medida no \u00faltimo dia 5 de abril e o projeto foi sancionado no mesmo dia pelo prefeito do munic\u00edpio, Alberto Pereira Castro.<\/p>\n\n\n\n<p>De acordo com o sindicato, o menor reajuste aprovado ser\u00e1 no valor de R$ 0,46 e o maior em R$ 1.396,33. O aumento salarial de apenas R$ 0,46 teria sido direcionado aos professores considerados de N\u00edvel 1 (letra A) que atuam na rede municipal de ensino.<\/p>\n\n\n\n<p>Procurada pela CNN, a Prefeitura de Dias d\u2019\u00c1vila afirmou que a medida n\u00e3o se trata de um aumento salarial, mas uma corre\u00e7\u00e3o. Segundo o \u00f3rg\u00e3o, dos 397 professores da rede municipal, apenas dois tiveram o sal\u00e1rio corrigido em R$ 0,46.<a><\/a><\/p>\n\n\n\n<p>J\u00e1 de acordo com o sindicato que representa os profissionais da educa\u00e7\u00e3o na cidade, o setor n\u00e3o foi chamado ou convidado para uma tentativa de negocia\u00e7\u00e3o do valor de reajuste com a gest\u00e3o p\u00fablica. A associa\u00e7\u00e3o reivindica saber os crit\u00e9rios que foram utilizados pela gest\u00e3o municipal para altera\u00e7\u00e3o de tabela de cargos e sal\u00e1rios.<\/p>\n\n\n\n<p>A CNN procurou a C\u00e2mara de Vereadores do munic\u00edpio para posicionamento a respeito da aprova\u00e7\u00e3o dos reajustes salariais, mas at\u00e9 a publica\u00e7\u00e3o deste texto, n\u00e3o obteve retorno.<\/p>\n\n\n\n<p>abahiaacontece<\/p>\n","protected":false},"excerpt":{"rendered":"<p>Parte dos professores da rede municipal de Dias D\u2019\u00c1vila, na regi\u00e3o metropolitana de Salvador (BA), receberam um reajuste salarial de R$ 0,46, segundo o Sindicato dos Trabalhadores em Educa\u00e7\u00e3o do Estado da Bahia (APLB). A C\u00e2mara de Vereadores de Dias d\u2019\u00c1vila aprovou a medida no \u00faltimo dia 5 de abril e o projeto foi sancionado [&hellip;]<\/p>\n","protected":false},"author":2,"featured_media":11070,"comment_status":"open","ping_status":"open","sticky":false,"template":"","format":"standard","meta":{"_jetpack_memberships_contains_paid_content":false,"footnotes":""},"categories":[3],"tags":[],"class_list":["post-11069","post","type-post","status-publish","format-standard","has-post-thumbnail","hentry","category-regional"],"aioseo_notices":[],"jetpack_featured_media_url":"https:\/\/i0.wp.com\/minutobahia24h.com.br\/wp-content\/uploads\/2024\/04\/Sem-titulo-203.jpg?fit=421%2C237&ssl=1","jetpack_sharing_enabled":true,"_links":{"self":[{"href":"https:\/\/minutobahia24h.com.br\/index.php?rest_route=\/wp\/v2\/posts\/11069","targetHints":{"allow":["GET"]}}],"collection":[{"href":"https:\/\/minutobahia24h.com.br\/index.php?rest_route=\/wp\/v2\/posts"}],"about":[{"href":"https:\/\/minutobahia24h.com.br\/index.php?rest_route=\/wp\/v2\/types\/post"}],"author":[{"embeddable":true,"href":"https:\/\/minutobahia24h.com.br\/index.php?rest_route=\/wp\/v2\/users\/2"}],"replies":[{"embeddable":true,"href":"https:\/\/minutobahia24h.com.br\/index.php?rest_route=%2Fwp%2Fv2%2Fcomments&post=11069"}],"version-history":[{"count":1,"href":"https:\/\/minutobahia24h.com.br\/index.php?rest_route=\/wp\/v2\/posts\/11069\/revisions"}],"predecessor-version":[{"id":11071,"href":"https:\/\/minutobahia24h.com.br\/index.php?rest_route=\/wp\/v2\/posts\/11069\/revisions\/11071"}],"wp:featuredmedia":[{"embeddable":true,"href":"https:\/\/minutobahia24h.com.br\/index.php?rest_route=\/wp\/v2\/media\/11070"}],"wp:attachment":[{"href":"https:\/\/minutobahia24h.com.br\/index.php?rest_route=%2Fwp%2Fv2%2Fmedia&parent=11069"}],"wp:term":[{"taxonomy":"category","embeddable":true,"href":"https:\/\/minutobahia24h.com.br\/index.php?rest_route=%2Fwp%2Fv2%2Fcategories&post=11069"},{"taxonomy":"post_tag","embeddable":true,"href":"https:\/\/minutobahia24h.com.br\/index.php?rest_route=%2Fwp%2Fv2%2Ftags&post=11069"}],"curies":[{"name":"wp","href":"https:\/\/api.w.org\/{rel}","templated":true}]}}