{"id":11007,"date":"2024-04-17T06:51:28","date_gmt":"2024-04-17T09:51:28","guid":{"rendered":"https:\/\/minutobahia24h.com.br\/?p=11007"},"modified":"2024-04-17T06:51:31","modified_gmt":"2024-04-17T09:51:31","slug":"acm-neto-participara-de-evento-em-caldeirao-grande-ao-lado-de-pedro-henrique-e-candinho","status":"publish","type":"post","link":"https:\/\/minutobahia24h.com.br\/?p=11007","title":{"rendered":"ACM Neto participar\u00e1 de evento em Caldeir\u00e3o Grande ao lado de Pedro Henrique e Candinho"},"content":{"rendered":"<div class=\"wp-block-image\">\n<figure class=\"aligncenter size-large\"><img data-recalc-dims=\"1\" fetchpriority=\"high\" decoding=\"async\" width=\"800\" height=\"441\" src=\"https:\/\/i0.wp.com\/minutobahia24h.com.br\/wp-content\/uploads\/2024\/04\/Sem-titulo-185-1024x565.jpg?resize=800%2C441&#038;ssl=1\" alt=\"\" class=\"wp-image-11008\" srcset=\"https:\/\/i0.wp.com\/minutobahia24h.com.br\/wp-content\/uploads\/2024\/04\/Sem-titulo-185.jpg?resize=1024%2C565&amp;ssl=1 1024w, https:\/\/i0.wp.com\/minutobahia24h.com.br\/wp-content\/uploads\/2024\/04\/Sem-titulo-185.jpg?resize=300%2C166&amp;ssl=1 300w, https:\/\/i0.wp.com\/minutobahia24h.com.br\/wp-content\/uploads\/2024\/04\/Sem-titulo-185.jpg?resize=768%2C424&amp;ssl=1 768w, https:\/\/i0.wp.com\/minutobahia24h.com.br\/wp-content\/uploads\/2024\/04\/Sem-titulo-185.jpg?resize=750%2C414&amp;ssl=1 750w, https:\/\/i0.wp.com\/minutobahia24h.com.br\/wp-content\/uploads\/2024\/04\/Sem-titulo-185.jpg?resize=1140%2C629&amp;ssl=1 1140w, https:\/\/i0.wp.com\/minutobahia24h.com.br\/wp-content\/uploads\/2024\/04\/Sem-titulo-185.jpg?w=1290&amp;ssl=1 1290w\" sizes=\"(max-width: 800px) 100vw, 800px\" \/><\/figure>\n<\/div>\n\n\n<p>O ex-prefeito de Salvador e presidente nacional do Uni\u00e3o Brasil, ACM Neto, estar\u00e1 presente em um evento pol\u00edtico em Caldeir\u00e3o Grande, ao lado de Pedro Henrique, pr\u00e9-candidato a prefeito e atual prefeito C\u00e2ndido Guirra. O evento est\u00e1 marcado para a pr\u00f3xima quinta-feira, dia 25 de abril, e promete reunir lideran\u00e7as pol\u00edticas e apoiadores locais.<\/p>\n\n\n\n<p>ACM Neto expressou sua satisfa\u00e7\u00e3o em participar do evento, afirmando que \u00e9 uma oportunidade \u00fanica de estar ao lado da comunidade de Caldeir\u00e3o Grande e fortalecer o projeto pol\u00edtico liderado por Pedro Henrique. A presen\u00e7a de uma figura t\u00e3o expressiva na pol\u00edtica nacional como ACM Neto certamente agrega valor e destaque ao evento, que deve ser marcado por discursos e debates sobre os rumos do munic\u00edpio.<\/p>\n\n\n\n<p>Pedro Henrique, por sua vez, destacou a import\u00e2ncia da presen\u00e7a de ACM Neto, ressaltando que sua participa\u00e7\u00e3o demonstra o apoio e a confian\u00e7a no trabalho que vem sendo realizado em Caldeir\u00e3o Grande. O evento promete ser um momento de troca de ideias e de reafirma\u00e7\u00e3o dos compromissos pol\u00edticos com a popula\u00e7\u00e3o local.<\/p>\n\n\n\n<p>interativapn<\/p>\n","protected":false},"excerpt":{"rendered":"<p>O ex-prefeito de Salvador e presidente nacional do Uni\u00e3o Brasil, ACM Neto, estar\u00e1 presente em um evento pol\u00edtico em Caldeir\u00e3o Grande, ao lado de Pedro Henrique, pr\u00e9-candidato a prefeito e atual prefeito C\u00e2ndido Guirra. O evento est\u00e1 marcado para a pr\u00f3xima quinta-feira, dia 25 de abril, e promete reunir lideran\u00e7as pol\u00edticas e apoiadores locais. ACM [&hellip;]<\/p>\n","protected":false},"author":2,"featured_media":11008,"comment_status":"open","ping_status":"open","sticky":false,"template":"","format":"standard","meta":{"_jetpack_memberships_contains_paid_content":false,"footnotes":""},"categories":[49],"tags":[],"class_list":["post-11007","post","type-post","status-publish","format-standard","has-post-thumbnail","hentry","category-caldeirao-grande"],"aioseo_notices":[],"jetpack_featured_media_url":"https:\/\/i0.wp.com\/minutobahia24h.com.br\/wp-content\/uploads\/2024\/04\/Sem-titulo-185.jpg?fit=1290%2C712&ssl=1","jetpack_sharing_enabled":true,"_links":{"self":[{"href":"https:\/\/minutobahia24h.com.br\/index.php?rest_route=\/wp\/v2\/posts\/11007","targetHints":{"allow":["GET"]}}],"collection":[{"href":"https:\/\/minutobahia24h.com.br\/index.php?rest_route=\/wp\/v2\/posts"}],"about":[{"href":"https:\/\/minutobahia24h.com.br\/index.php?rest_route=\/wp\/v2\/types\/post"}],"author":[{"embeddable":true,"href":"https:\/\/minutobahia24h.com.br\/index.php?rest_route=\/wp\/v2\/users\/2"}],"replies":[{"embeddable":true,"href":"https:\/\/minutobahia24h.com.br\/index.php?rest_route=%2Fwp%2Fv2%2Fcomments&post=11007"}],"version-history":[{"count":1,"href":"https:\/\/minutobahia24h.com.br\/index.php?rest_route=\/wp\/v2\/posts\/11007\/revisions"}],"predecessor-version":[{"id":11009,"href":"https:\/\/minutobahia24h.com.br\/index.php?rest_route=\/wp\/v2\/posts\/11007\/revisions\/11009"}],"wp:featuredmedia":[{"embeddable":true,"href":"https:\/\/minutobahia24h.com.br\/index.php?rest_route=\/wp\/v2\/media\/11008"}],"wp:attachment":[{"href":"https:\/\/minutobahia24h.com.br\/index.php?rest_route=%2Fwp%2Fv2%2Fmedia&parent=11007"}],"wp:term":[{"taxonomy":"category","embeddable":true,"href":"https:\/\/minutobahia24h.com.br\/index.php?rest_route=%2Fwp%2Fv2%2Fcategories&post=11007"},{"taxonomy":"post_tag","embeddable":true,"href":"https:\/\/minutobahia24h.com.br\/index.php?rest_route=%2Fwp%2Fv2%2Ftags&post=11007"}],"curies":[{"name":"wp","href":"https:\/\/api.w.org\/{rel}","templated":true}]}}