{"id":10926,"date":"2024-04-15T07:45:42","date_gmt":"2024-04-15T10:45:42","guid":{"rendered":"https:\/\/minutobahia24h.com.br\/?p=10926"},"modified":"2024-04-15T07:45:43","modified_gmt":"2024-04-15T10:45:43","slug":"barroso-diz-que-ataques-de-musk-refletem-negocio-que-sustenta-engajamento-pelo-odio","status":"publish","type":"post","link":"https:\/\/minutobahia24h.com.br\/?p=10926","title":{"rendered":"Barroso diz que ataques de Musk refletem neg\u00f3cio que sustenta engajamento pelo \u00f3dio"},"content":{"rendered":"<div class=\"wp-block-image\">\n<figure class=\"aligncenter size-full\"><img data-recalc-dims=\"1\" fetchpriority=\"high\" decoding=\"async\" width=\"599\" height=\"417\" src=\"https:\/\/i0.wp.com\/minutobahia24h.com.br\/wp-content\/uploads\/2024\/04\/Sem-titulo-165.jpg?resize=599%2C417&#038;ssl=1\" alt=\"\" class=\"wp-image-10927\" srcset=\"https:\/\/i0.wp.com\/minutobahia24h.com.br\/wp-content\/uploads\/2024\/04\/Sem-titulo-165.jpg?w=599&amp;ssl=1 599w, https:\/\/i0.wp.com\/minutobahia24h.com.br\/wp-content\/uploads\/2024\/04\/Sem-titulo-165.jpg?resize=300%2C209&amp;ssl=1 300w\" sizes=\"(max-width: 599px) 100vw, 599px\" \/><figcaption class=\"wp-element-caption\">Foto: Antonio Cruz\/ Ag\u00eancia Brasil<br><\/figcaption><\/figure>\n<\/div>\n\n\n<p>Ao falar sobre o embate entre o empres\u00e1rio Elon Musk, dono do X (antigo Twitter), e o ministro Alexandre de Moraes, o presidente do Supremo Tribunal Federal (STF), o ministro Lu\u00eds Roberto Barroso, chamou de \u201cmodelo de neg\u00f3cio\u201d que se vale do engajamento motivado \u201cpor \u00f3dio, desinforma\u00e7\u00e3o deliberada e teorias conspirat\u00f3rias\u201d.<\/p>\n\n\n\n<p>Ele se posicionou neste domingo (14), e condenou o funcionamento das redes sociais com intuito de disseminar o mal. \u201cEsses ataques muitas vezes se escondem na liberdade de express\u00e3o, quando na verdade estamos falando de um modelo de neg\u00f3cio que vive do engajamento mais motivado por \u00f3dio, mentiras, ataques \u00e0s institui\u00e7\u00f5es do que pelo uso racional e moderado\u201d, disse Barroso em agenda p\u00fablica em Belo Horizonte (MG), onde est\u00e1 acompanhando a primeira edi\u00e7\u00e3o do Exame Nacional da Magistratura, prova apelidada de \u201cEnem dos Ju\u00edzes\u201d.<\/p>\n\n\n\n<p>\u201cAcabam estimulando o \u00f3dio e ataques \u00e0s institui\u00e7\u00f5es, em nome da liberdade de express\u00e3o, quando o que est\u00e3o fazendo \u00e9 ganhar dinheiro\u201d, criticou o presidente do STF.\u00a0 Segundo Barroso, a discuss\u00e3o entre o empres\u00e1rio e o ministro \u00e9 um assunto \u201cencerrado\u201d.<\/p>\n\n\n\n<p>\u201cEsse assunto envolvendo o empres\u00e1rio de uma plataforma digital e a justi\u00e7a brasileira eu considero encerrado. O Brasil tem Constitui\u00e7\u00e3o, leis e ordens judiciais\u201d, disse o presidente do Supremo. Durante o embate com Moraes, Musk amea\u00e7ou n\u00e3o cumprir medidas judiciais para a remo\u00e7\u00e3o de conte\u00fado na rede, ato ao qual o empres\u00e1rio se referiu como \u201ccensura\u201d. Na segunda-feira (8) Barroso disse que \u201cfaria prevalecer\u201d no Pa\u00eds o cumprimento de determina\u00e7\u00f5es da Justi\u00e7a.<\/p>\n\n\n\n<p>Neste domingo, o ministro voltou a frisar que a quest\u00e3o foi superada. \u201cSe forem observadas (as medidas judiciais), ficar\u00e1 tudo bem. \u201cSe n\u00e3o forem observados, ter\u00e3o as consequ\u00eancias previstas na legisla\u00e7\u00e3o. Portanto, esse passou a ser um \u2018n\u00e3o assunto\u2019\u201d, disse Barroso.<\/p>\n\n\n\n<p>Bahia.ba<\/p>\n","protected":false},"excerpt":{"rendered":"<p>Ao falar sobre o embate entre o empres\u00e1rio Elon Musk, dono do X (antigo Twitter), e o ministro Alexandre de Moraes, o presidente do Supremo Tribunal Federal (STF), o ministro Lu\u00eds Roberto Barroso, chamou de \u201cmodelo de neg\u00f3cio\u201d que se vale do engajamento motivado \u201cpor \u00f3dio, desinforma\u00e7\u00e3o deliberada e teorias conspirat\u00f3rias\u201d. Ele se posicionou neste [&hellip;]<\/p>\n","protected":false},"author":2,"featured_media":10927,"comment_status":"open","ping_status":"open","sticky":false,"template":"","format":"standard","meta":{"_jetpack_memberships_contains_paid_content":false,"footnotes":""},"categories":[39],"tags":[],"class_list":["post-10926","post","type-post","status-publish","format-standard","has-post-thumbnail","hentry","category-politica"],"aioseo_notices":[],"jetpack_featured_media_url":"https:\/\/i0.wp.com\/minutobahia24h.com.br\/wp-content\/uploads\/2024\/04\/Sem-titulo-165.jpg?fit=599%2C417&ssl=1","jetpack_sharing_enabled":true,"_links":{"self":[{"href":"https:\/\/minutobahia24h.com.br\/index.php?rest_route=\/wp\/v2\/posts\/10926","targetHints":{"allow":["GET"]}}],"collection":[{"href":"https:\/\/minutobahia24h.com.br\/index.php?rest_route=\/wp\/v2\/posts"}],"about":[{"href":"https:\/\/minutobahia24h.com.br\/index.php?rest_route=\/wp\/v2\/types\/post"}],"author":[{"embeddable":true,"href":"https:\/\/minutobahia24h.com.br\/index.php?rest_route=\/wp\/v2\/users\/2"}],"replies":[{"embeddable":true,"href":"https:\/\/minutobahia24h.com.br\/index.php?rest_route=%2Fwp%2Fv2%2Fcomments&post=10926"}],"version-history":[{"count":1,"href":"https:\/\/minutobahia24h.com.br\/index.php?rest_route=\/wp\/v2\/posts\/10926\/revisions"}],"predecessor-version":[{"id":10928,"href":"https:\/\/minutobahia24h.com.br\/index.php?rest_route=\/wp\/v2\/posts\/10926\/revisions\/10928"}],"wp:featuredmedia":[{"embeddable":true,"href":"https:\/\/minutobahia24h.com.br\/index.php?rest_route=\/wp\/v2\/media\/10927"}],"wp:attachment":[{"href":"https:\/\/minutobahia24h.com.br\/index.php?rest_route=%2Fwp%2Fv2%2Fmedia&parent=10926"}],"wp:term":[{"taxonomy":"category","embeddable":true,"href":"https:\/\/minutobahia24h.com.br\/index.php?rest_route=%2Fwp%2Fv2%2Fcategories&post=10926"},{"taxonomy":"post_tag","embeddable":true,"href":"https:\/\/minutobahia24h.com.br\/index.php?rest_route=%2Fwp%2Fv2%2Ftags&post=10926"}],"curies":[{"name":"wp","href":"https:\/\/api.w.org\/{rel}","templated":true}]}}