{"id":10911,"date":"2024-04-15T07:23:14","date_gmt":"2024-04-15T10:23:14","guid":{"rendered":"https:\/\/minutobahia24h.com.br\/?p=10911"},"modified":"2024-04-15T07:23:15","modified_gmt":"2024-04-15T10:23:15","slug":"professores-anunciam-greve-em-universidades-federais-nesta-segunda-feira-15","status":"publish","type":"post","link":"https:\/\/minutobahia24h.com.br\/?p=10911","title":{"rendered":"Professores anunciam greve em universidades federais nesta segunda-feira (15)"},"content":{"rendered":"<div class=\"wp-block-image\">\n<figure class=\"aligncenter size-full\"><img data-recalc-dims=\"1\" fetchpriority=\"high\" decoding=\"async\" width=\"600\" height=\"420\" src=\"https:\/\/i0.wp.com\/minutobahia24h.com.br\/wp-content\/uploads\/2024\/04\/Sem-titulo-160.jpg?resize=600%2C420&#038;ssl=1\" alt=\"\" class=\"wp-image-10912\" srcset=\"https:\/\/i0.wp.com\/minutobahia24h.com.br\/wp-content\/uploads\/2024\/04\/Sem-titulo-160.jpg?w=600&amp;ssl=1 600w, https:\/\/i0.wp.com\/minutobahia24h.com.br\/wp-content\/uploads\/2024\/04\/Sem-titulo-160.jpg?resize=300%2C210&amp;ssl=1 300w\" sizes=\"(max-width: 600px) 100vw, 600px\" \/><figcaption class=\"wp-element-caption\">Reprodu\u00e7\u00e3o: Lilian Caldas\/ Divulga\u00e7\u00e3o<br><\/figcaption><\/figure>\n<\/div>\n\n\n<p>Professores de universidades, institutos federais e polos tecnol\u00f3gicos decidiram entrar em greve a partir da segunda-feira (15). A paralisa\u00e7\u00e3o acontece nas cinco regi\u00f5es do pa\u00eds. Em pauta nacional unificada, os docentes das universidades federais pedem reajuste de 22,71%, dividido em tr\u00eas parcelas iguais de 7,06% em 2024, 2025 e 2026.<\/p>\n\n\n\n<p>J\u00e1 o governo federal prop\u00f5e reajuste zero este ano, e dois reajustes de 4,5% em 2025 e 2026. Os professores tamb\u00e9m cobram a equipara\u00e7\u00e3o dos benef\u00edcios e aux\u00edlios com os dos servidores do Legislativo e do Judici\u00e1rio. Em nota, o Minist\u00e9rio da Educa\u00e7\u00e3o informa que a pasta participa ativamente do di\u00e1logo em busca de uma negocia\u00e7\u00e3o com a categoria.<\/p>\n\n\n\n<p>Os educadores aderem ao movimento iniciado por servidores t\u00e9cnico administrativos em 11 de mar\u00e7o. A categoria solicita a reestrutura\u00e7\u00e3o do plano de carreira dos cargos t\u00e9cnico administrativos em educa\u00e7\u00e3o, incluindo a recomposi\u00e7\u00e3o salarial. Ao menos 40 institui\u00e7\u00f5es j\u00e1 aderiram a greve ou tem indicativo de paralisa\u00e7\u00e3o aprovado.<\/p>\n\n\n\n<p>Bahia.ba<\/p>\n","protected":false},"excerpt":{"rendered":"<p>Professores de universidades, institutos federais e polos tecnol\u00f3gicos decidiram entrar em greve a partir da segunda-feira (15). A paralisa\u00e7\u00e3o acontece nas cinco regi\u00f5es do pa\u00eds. Em pauta nacional unificada, os docentes das universidades federais pedem reajuste de 22,71%, dividido em tr\u00eas parcelas iguais de 7,06% em 2024, 2025 e 2026. J\u00e1 o governo federal prop\u00f5e [&hellip;]<\/p>\n","protected":false},"author":2,"featured_media":10912,"comment_status":"open","ping_status":"open","sticky":false,"template":"","format":"standard","meta":{"_jetpack_memberships_contains_paid_content":false,"footnotes":""},"categories":[2],"tags":[],"class_list":["post-10911","post","type-post","status-publish","format-standard","has-post-thumbnail","hentry","category-nacional"],"aioseo_notices":[],"jetpack_featured_media_url":"https:\/\/i0.wp.com\/minutobahia24h.com.br\/wp-content\/uploads\/2024\/04\/Sem-titulo-160.jpg?fit=600%2C420&ssl=1","jetpack_sharing_enabled":true,"_links":{"self":[{"href":"https:\/\/minutobahia24h.com.br\/index.php?rest_route=\/wp\/v2\/posts\/10911","targetHints":{"allow":["GET"]}}],"collection":[{"href":"https:\/\/minutobahia24h.com.br\/index.php?rest_route=\/wp\/v2\/posts"}],"about":[{"href":"https:\/\/minutobahia24h.com.br\/index.php?rest_route=\/wp\/v2\/types\/post"}],"author":[{"embeddable":true,"href":"https:\/\/minutobahia24h.com.br\/index.php?rest_route=\/wp\/v2\/users\/2"}],"replies":[{"embeddable":true,"href":"https:\/\/minutobahia24h.com.br\/index.php?rest_route=%2Fwp%2Fv2%2Fcomments&post=10911"}],"version-history":[{"count":1,"href":"https:\/\/minutobahia24h.com.br\/index.php?rest_route=\/wp\/v2\/posts\/10911\/revisions"}],"predecessor-version":[{"id":10913,"href":"https:\/\/minutobahia24h.com.br\/index.php?rest_route=\/wp\/v2\/posts\/10911\/revisions\/10913"}],"wp:featuredmedia":[{"embeddable":true,"href":"https:\/\/minutobahia24h.com.br\/index.php?rest_route=\/wp\/v2\/media\/10912"}],"wp:attachment":[{"href":"https:\/\/minutobahia24h.com.br\/index.php?rest_route=%2Fwp%2Fv2%2Fmedia&parent=10911"}],"wp:term":[{"taxonomy":"category","embeddable":true,"href":"https:\/\/minutobahia24h.com.br\/index.php?rest_route=%2Fwp%2Fv2%2Fcategories&post=10911"},{"taxonomy":"post_tag","embeddable":true,"href":"https:\/\/minutobahia24h.com.br\/index.php?rest_route=%2Fwp%2Fv2%2Ftags&post=10911"}],"curies":[{"name":"wp","href":"https:\/\/api.w.org\/{rel}","templated":true}]}}