{"id":10902,"date":"2024-04-15T07:00:35","date_gmt":"2024-04-15T10:00:35","guid":{"rendered":"https:\/\/minutobahia24h.com.br\/?p=10902"},"modified":"2024-04-15T07:00:37","modified_gmt":"2024-04-15T10:00:37","slug":"resumo-da-sessao-ordinaria-da-camara-de-andorinha","status":"publish","type":"post","link":"https:\/\/minutobahia24h.com.br\/?p=10902","title":{"rendered":"Resumo da Sess\u00e3o Ordin\u00e1ria da C\u00e2mara de Andorinha"},"content":{"rendered":"<div class=\"wp-block-image\">\n<figure class=\"aligncenter size-full\"><img data-recalc-dims=\"1\" fetchpriority=\"high\" decoding=\"async\" width=\"640\" height=\"512\" src=\"https:\/\/i0.wp.com\/minutobahia24h.com.br\/wp-content\/uploads\/2024\/04\/Sem-titulo-157.jpg?resize=640%2C512&#038;ssl=1\" alt=\"\" class=\"wp-image-10903\" srcset=\"https:\/\/i0.wp.com\/minutobahia24h.com.br\/wp-content\/uploads\/2024\/04\/Sem-titulo-157.jpg?w=640&amp;ssl=1 640w, https:\/\/i0.wp.com\/minutobahia24h.com.br\/wp-content\/uploads\/2024\/04\/Sem-titulo-157.jpg?resize=300%2C240&amp;ssl=1 300w\" sizes=\"(max-width: 640px) 100vw, 640px\" \/><\/figure>\n<\/div>\n\n\n<p>A nona sess\u00e3o ordin\u00e1ria da C\u00e2mara Municipal foi realizada no \u00faltimo dia 10. Os trabalhos foram iniciados com a aprova\u00e7\u00e3o da ata da sess\u00e3o anterior e, em seguida, a primeira secret\u00e1ria, Fausta Amorim, iniciou a leitura das mat\u00e9rias em tramita\u00e7\u00e3o. Entre elas, foi lida uma mo\u00e7\u00e3o de pesar referente ao falecimento de Aleriano Paulo de Oliveira. Ap\u00f3s finalizar as leituras das mat\u00e9rias em tramita\u00e7\u00e3o, o presidente Ednaldo de Oliveira, cumprindo a solicita\u00e7\u00e3o feita atrav\u00e9s de of\u00edcio apresentado durante a oitava sess\u00e3o ordin\u00e1ria, convidou o sr. Jo\u00e3o Lib\u00f3rio, representante da Associa\u00e7\u00e3o Comercial, para apresentar assuntos relacionados \u00e0 associa\u00e7\u00e3o.<\/p>\n\n\n\n<p>Durante o uso da tribuna, com o retorno do vereador Marinaldo de Oliveira, este fez uso da palavra e explanou algumas a\u00e7\u00f5es da Secretaria de Sa\u00fade durante sua gest\u00e3o como secret\u00e1rio. Em seguida, os demais vereadores falaram a respeito de passagens molhadas, estradas vicinais, cobran\u00e7a de pavimenta\u00e7\u00e3o asf\u00e1ltica, restaura\u00e7\u00e3o de rede de esgoto, entre outros assuntos abordados.<\/p>\n\n\n\n<p>Na Ordem do Dia, foi apreciado e votado o Projeto de Lei de N\u00ba 05\/2024, de autoria do Poder Legislativo, que \u201cregulamenta o subs\u00eddio dos membros do Poder Legislativo, em atendimento ao artigo 29, VI, al\u00ednea \u2018b\u2019 da Constitui\u00e7\u00e3o Federal. O projeto entrar\u00e1 em vigor a partir do dia 01 de janeiro de 2025.\u201d Projeto aprovado por unanimidade.<\/p>\n\n\n\n<p>Tamb\u00e9m foi aprovado o Projeto de Lei de N\u00ba 06\/2024, de autoria do Poder Legislativo, que\u00a0<em>\u201cfixa o subs\u00eddio do prefeito, vice-prefeito e secret\u00e1rios municipais do munic\u00edpio de Andorinha, em atendimento ao artigo 29, V, da Constitui\u00e7\u00e3o Federal. O projeto tamb\u00e9m entrar\u00e1 em vigor a partir do dia 01 de janeiro de 2025.\u201d<\/em>\u00a0Projeto aprovado por unanimidade.<\/p>\n\n\n\n<p>A transmiss\u00e3o ao vivo da sess\u00e3o ordin\u00e1ria est\u00e1 salva e dispon\u00edvel no canal do YouTube da C\u00e2mara Municipal de Andorinha.<\/p>\n\n\n\n<p>\ud83d\udd39 CMA &#8211; O Poder Legislativo cada vez mais perto do povo!<\/p>\n","protected":false},"excerpt":{"rendered":"<p>A nona sess\u00e3o ordin\u00e1ria da C\u00e2mara Municipal foi realizada no \u00faltimo dia 10. Os trabalhos foram iniciados com a aprova\u00e7\u00e3o da ata da sess\u00e3o anterior e, em seguida, a primeira secret\u00e1ria, Fausta Amorim, iniciou a leitura das mat\u00e9rias em tramita\u00e7\u00e3o. Entre elas, foi lida uma mo\u00e7\u00e3o de pesar referente ao falecimento de Aleriano Paulo de [&hellip;]<\/p>\n","protected":false},"author":2,"featured_media":10903,"comment_status":"open","ping_status":"open","sticky":false,"template":"","format":"standard","meta":{"_jetpack_memberships_contains_paid_content":false,"footnotes":""},"categories":[47],"tags":[],"class_list":["post-10902","post","type-post","status-publish","format-standard","has-post-thumbnail","hentry","category-andorinha"],"aioseo_notices":[],"jetpack_featured_media_url":"https:\/\/i0.wp.com\/minutobahia24h.com.br\/wp-content\/uploads\/2024\/04\/Sem-titulo-157.jpg?fit=640%2C512&ssl=1","jetpack_sharing_enabled":true,"_links":{"self":[{"href":"https:\/\/minutobahia24h.com.br\/index.php?rest_route=\/wp\/v2\/posts\/10902","targetHints":{"allow":["GET"]}}],"collection":[{"href":"https:\/\/minutobahia24h.com.br\/index.php?rest_route=\/wp\/v2\/posts"}],"about":[{"href":"https:\/\/minutobahia24h.com.br\/index.php?rest_route=\/wp\/v2\/types\/post"}],"author":[{"embeddable":true,"href":"https:\/\/minutobahia24h.com.br\/index.php?rest_route=\/wp\/v2\/users\/2"}],"replies":[{"embeddable":true,"href":"https:\/\/minutobahia24h.com.br\/index.php?rest_route=%2Fwp%2Fv2%2Fcomments&post=10902"}],"version-history":[{"count":1,"href":"https:\/\/minutobahia24h.com.br\/index.php?rest_route=\/wp\/v2\/posts\/10902\/revisions"}],"predecessor-version":[{"id":10904,"href":"https:\/\/minutobahia24h.com.br\/index.php?rest_route=\/wp\/v2\/posts\/10902\/revisions\/10904"}],"wp:featuredmedia":[{"embeddable":true,"href":"https:\/\/minutobahia24h.com.br\/index.php?rest_route=\/wp\/v2\/media\/10903"}],"wp:attachment":[{"href":"https:\/\/minutobahia24h.com.br\/index.php?rest_route=%2Fwp%2Fv2%2Fmedia&parent=10902"}],"wp:term":[{"taxonomy":"category","embeddable":true,"href":"https:\/\/minutobahia24h.com.br\/index.php?rest_route=%2Fwp%2Fv2%2Fcategories&post=10902"},{"taxonomy":"post_tag","embeddable":true,"href":"https:\/\/minutobahia24h.com.br\/index.php?rest_route=%2Fwp%2Fv2%2Ftags&post=10902"}],"curies":[{"name":"wp","href":"https:\/\/api.w.org\/{rel}","templated":true}]}}